{"id":18803,"date":"2025-01-17T19:00:00","date_gmt":"2025-01-17T22:00:00","guid":{"rendered":"https:\/\/sgvaimudar.com.br\/?p=18803"},"modified":"2025-01-17T12:14:49","modified_gmt":"2025-01-17T15:14:49","slug":"lidera-mulher-realiza-aula-inaugural-da-13a-turma","status":"publish","type":"post","link":"https:\/\/sgvaimudar.com.br\/index.php\/2025\/01\/17\/lidera-mulher-realiza-aula-inaugural-da-13a-turma\/","title":{"rendered":"Lidera Mulher realiza aula inaugural da 13\u00aa turma\u00a0"},"content":{"rendered":"\n<p><em>Com mais de 200 alunas inscritas, curso visa impulsionar neg\u00f3cios<\/em><\/p>\n\n\n\n<p>A Subsecretaria de Pol\u00edticas P\u00fablicas para as Mulheres da Prefeitura de S\u00e3o Gon\u00e7alo iniciou 2025 com o p\u00e9 direito, promovendo mais uma turma do projeto Lidera Mulher. Nesta quinta-feira (16), aconteceu a aula inaugural da 13\u00aa turma de capacita\u00e7\u00e3o para mulheres empreendedoras do Projeto Lidera Mulher de S\u00e3o Gon\u00e7alo, no Espa\u00e7o Mais Conhecimento do Shopping Partage.<\/p>\n\n\n\n<figure class=\"wp-block-image size-full\"><img fetchpriority=\"high\" decoding=\"async\" width=\"1024\" height=\"681\" src=\"https:\/\/sgvaimudar.com.br\/wp-content\/uploads\/2025\/01\/unnamed-7-5.jpg\" alt=\"\" class=\"wp-image-18804\" srcset=\"https:\/\/sgvaimudar.com.br\/wp-content\/uploads\/2025\/01\/unnamed-7-5.jpg 1024w, https:\/\/sgvaimudar.com.br\/wp-content\/uploads\/2025\/01\/unnamed-7-5-300x200.jpg 300w, https:\/\/sgvaimudar.com.br\/wp-content\/uploads\/2025\/01\/unnamed-7-5-768x511.jpg 768w\" sizes=\"(max-width: 1024px) 100vw, 1024px\" \/><\/figure>\n\n\n\n<p>Para Ana Cristina da Silva, subsecret\u00e1ria de Pol\u00edticas P\u00fablicas para as Mulheres, o projeto tem sido um grande sucesso, especialmente desde a gest\u00e3o do Capit\u00e3o Nelson. \u201cDesde o in\u00edcio da gest\u00e3o, a procura pelo projeto s\u00f3 tem aumentado, consolidando o Lidera Mulher como uma refer\u00eancia para o empreendedorismo em S\u00e3o Gon\u00e7alo. J\u00e1 avan\u00e7amos muito, mas o nosso compromisso \u00e9 continuar expandindo, para que mais mulheres tenham acesso \u00e0 capacita\u00e7\u00e3o e \u00e0 autonomia financeira que tanto almejam\u201d, afirmou.<\/p>\n\n\n\n<p>A turma de 2025 conta com mais de 200 alunas, que buscam iniciar ou aprimorar seus&nbsp;neg\u00f3cios e aprender a gerir suas pr\u00f3prias empresas. As aulas abordam temas essenciais como formaliza\u00e7\u00e3o de empresas, administra\u00e7\u00e3o e planejamento de neg\u00f3cios, al\u00e9m de t\u00e9cnicas de vendas e estrat\u00e9gias de uso das m\u00eddias sociais. As participantes tamb\u00e9m ser\u00e3o orientadas sobre como tocar empreendimentos nas \u00e1reas de moda, beleza, gastronomia, artesanato, entre outras.<\/p>\n\n\n\n<p>\u201cEncontrei o curso pela internet e entrei em contato atrav\u00e9s do WhatsApp para me capacitar para o crescimento da minha empresa de festa, tanto na gest\u00e3o e na precifica\u00e7\u00e3o, pois os pre\u00e7os variam muito e eu tenho muita dificuldade de passar para os clientes. Meu objetivo \u00e9 me aprofundar e entender melhor sobre o assunto\u201d, compartilhou \u00c9rica Pereira, 23 anos, moradora do bairro Rocha.<\/p>\n\n\n\n<p>O secret\u00e1rio de Assist\u00eancia Social, Felippe Mattos, tamb\u00e9m destacou a import\u00e2ncia do projeto, que visa, al\u00e9m de capacitar, proporcionar um espa\u00e7o de aprendizado e crescimento. \u201cEstou muito feliz por estar aqui hoje, o Lidera Mulher \u00e9 um sucesso e \u00e9 muito gratificante ver turma ap\u00f3s turma essa sala lotada de mulheres. O nosso compromisso \u00e9 facilitar o acesso \u00e0 informa\u00e7\u00e3o e capacitar o m\u00e1ximo de mulheres que conseguirmos. Essas a\u00e7\u00f5es reafirmam nosso comprometimento com pol\u00edticas p\u00fablicas para as mulheres no munic\u00edpio de S\u00e3o Gon\u00e7alo\u201d, afirmou Mattos.<\/p>\n\n\n\n<p>A capacita\u00e7\u00e3o \u00e9 realizada por consultores do Sebrae\/RJ, que ministram os m\u00f3dulos sobre gest\u00e3o empresarial, enquanto as t\u00e9cnicas da Subsecretaria discutem quest\u00f5es como autonomia financeira, direitos das mulheres, rompimento do ciclo de viol\u00eancia de g\u00eanero e cidadania. Ao final do curso, as participantes ter\u00e3o a chance de expor seus produtos e servi\u00e7os no Espa\u00e7o Lidera Mulher, al\u00e9m de integrar a Feira da Mulher Empreendedora, realizada na Pra\u00e7a Luiz Palmier, caso optem por essa oportunidade.<\/p>\n\n\n\n<p>Foto: Julio Diniz<\/p>\n\n\n\n<p><strong><em>S\u00e3o Gon\u00e7alo vai mudar: Not\u00edcias de S\u00e3o Gon\u00e7alo e toda regi\u00e3o.<\/em><\/strong><\/p>\n\n\n\n<figure class=\"wp-block-image size-large\"><img decoding=\"async\" width=\"1024\" height=\"357\" src=\"https:\/\/sgvaimudar.com.br\/wp-content\/uploads\/2023\/08\/Logo-Provisoria-2-1-1024x357.png\" alt=\"\" class=\"wp-image-2779\" srcset=\"https:\/\/sgvaimudar.com.br\/wp-content\/uploads\/2023\/08\/Logo-Provisoria-2-1-1024x357.png 1024w, https:\/\/sgvaimudar.com.br\/wp-content\/uploads\/2023\/08\/Logo-Provisoria-2-1-300x105.png 300w, https:\/\/sgvaimudar.com.br\/wp-content\/uploads\/2023\/08\/Logo-Provisoria-2-1-768x268.png 768w, https:\/\/sgvaimudar.com.br\/wp-content\/uploads\/2023\/08\/Logo-Provisoria-2-1.png 1470w\" sizes=\"(max-width: 1024px) 100vw, 1024px\" \/><\/figure>\n","protected":false},"excerpt":{"rendered":"<p>Com mais de 200 alunas inscritas, curso visa impulsionar neg\u00f3cios A Subsecretaria de Pol\u00edticas P\u00fablicas para as Mulheres da Prefeitura&hellip;<\/p>\n","protected":false},"author":5,"featured_media":18805,"comment_status":"open","ping_status":"open","sticky":false,"template":"","format":"standard","meta":{"fifu_image_url":"","fifu_image_alt":"","footnotes":""},"categories":[3],"tags":[],"class_list":["post-18803","post","type-post","status-publish","format-standard","has-post-thumbnail","hentry","category-sao-goncalo"],"_links":{"self":[{"href":"https:\/\/sgvaimudar.com.br\/index.php\/wp-json\/wp\/v2\/posts\/18803","targetHints":{"allow":["GET"]}}],"collection":[{"href":"https:\/\/sgvaimudar.com.br\/index.php\/wp-json\/wp\/v2\/posts"}],"about":[{"href":"https:\/\/sgvaimudar.com.br\/index.php\/wp-json\/wp\/v2\/types\/post"}],"author":[{"embeddable":true,"href":"https:\/\/sgvaimudar.com.br\/index.php\/wp-json\/wp\/v2\/users\/5"}],"replies":[{"embeddable":true,"href":"https:\/\/sgvaimudar.com.br\/index.php\/wp-json\/wp\/v2\/comments?post=18803"}],"version-history":[{"count":1,"href":"https:\/\/sgvaimudar.com.br\/index.php\/wp-json\/wp\/v2\/posts\/18803\/revisions"}],"predecessor-version":[{"id":18806,"href":"https:\/\/sgvaimudar.com.br\/index.php\/wp-json\/wp\/v2\/posts\/18803\/revisions\/18806"}],"wp:featuredmedia":[{"embeddable":true,"href":"https:\/\/sgvaimudar.com.br\/index.php\/wp-json\/wp\/v2\/media\/18805"}],"wp:attachment":[{"href":"https:\/\/sgvaimudar.com.br\/index.php\/wp-json\/wp\/v2\/media?parent=18803"}],"wp:term":[{"taxonomy":"category","embeddable":true,"href":"https:\/\/sgvaimudar.com.br\/index.php\/wp-json\/wp\/v2\/categories?post=18803"},{"taxonomy":"post_tag","embeddable":true,"href":"https:\/\/sgvaimudar.com.br\/index.php\/wp-json\/wp\/v2\/tags?post=18803"}],"curies":[{"name":"wp","href":"https:\/\/api.w.org\/{rel}","templated":true}]}}