{"id":18798,"date":"2025-01-17T17:00:00","date_gmt":"2025-01-17T20:00:00","guid":{"rendered":"https:\/\/sgvaimudar.com.br\/?p=18798"},"modified":"2025-01-17T12:10:52","modified_gmt":"2025-01-17T15:10:52","slug":"sao-goncalo-capacita-para-atendimento-a-bebes-nas-unidades-de-saude","status":"publish","type":"post","link":"https:\/\/sgvaimudar.com.br\/index.php\/2025\/01\/17\/sao-goncalo-capacita-para-atendimento-a-bebes-nas-unidades-de-saude\/","title":{"rendered":"S\u00e3o Gon\u00e7alo capacita para atendimento a beb\u00eas nas unidades de sa\u00fade"},"content":{"rendered":"\n<p><em>Equipe faz treinamento com boneco, que ganha nome de Heitor&nbsp;<\/em><\/p>\n\n\n\n<p>Enfermeiros das unidades de sa\u00fade da fam\u00edlia (USFs) come\u00e7aram a ser capacitados para o atendimento de puericultura nesta quinta-feira (16). A novidade deste ano \u00e9 um molde realista de um beb\u00ea, que j\u00e1 ganhou at\u00e9 nome \u2013 Heitor \u2013 e \u00e9 o mascote da Secretaria de Sa\u00fade da Prefeitura de S\u00e3o Gon\u00e7alo. <\/p>\n\n\n\n<figure class=\"wp-block-image size-large\"><img fetchpriority=\"high\" decoding=\"async\" width=\"1024\" height=\"684\" src=\"https:\/\/sgvaimudar.com.br\/wp-content\/uploads\/2025\/01\/unnamed-1-12-1024x684.jpg\" alt=\"\" class=\"wp-image-18799\" srcset=\"https:\/\/sgvaimudar.com.br\/wp-content\/uploads\/2025\/01\/unnamed-1-12-1024x684.jpg 1024w, https:\/\/sgvaimudar.com.br\/wp-content\/uploads\/2025\/01\/unnamed-1-12-300x200.jpg 300w, https:\/\/sgvaimudar.com.br\/wp-content\/uploads\/2025\/01\/unnamed-1-12-768x513.jpg 768w, https:\/\/sgvaimudar.com.br\/wp-content\/uploads\/2025\/01\/unnamed-1-12-1536x1027.jpg 1536w, https:\/\/sgvaimudar.com.br\/wp-content\/uploads\/2025\/01\/unnamed-1-12.jpg 1616w\" sizes=\"(max-width: 1024px) 100vw, 1024px\" \/><\/figure>\n\n\n\n<p>O \u2018rec\u00e9m-nascido\u2019, que tem peso, altura, marca da vacina BCG e at\u00e9 do teste do pezinho, como de um beb\u00ea de verdade, vai visitar todas as USFs esse ano.\u00a0<\/p>\n\n\n\n<p>A USF Bandeirantes foi a primeira a receber a novidade. \u201cTodos os anos, trabalhamos com as atualiza\u00e7\u00f5es nas capacita\u00e7\u00f5es. E, esse ano, ganhamos o Heitor para percorrer as unidades. Ele \u00e9 muito realista e vai ajudar a ensinar como os enfermeiros devem atuar nas consultas de puericultura\u201d, disse a coordenadora do Programa Integral de Sa\u00fade da Crian\u00e7a e do Adolescente, Raquel Vieira.&nbsp;<\/p>\n\n\n\n<p>Segundo a secret\u00e1ria de Sa\u00fade, Bianca Serour, durante a qualifica\u00e7\u00e3o, os enfermeiros aprender\u00e3o o que devem fazer na consulta da primeira semana do beb\u00ea, como os exames f\u00edsicos, orientar os pais sobre manterem a caderneta da crian\u00e7a atualizada com as vacinas e com os quadros de desenvolvimento em dia e com peso e altura.\u00a0<\/p>\n\n\n\n<p>\u00a0\u201cEssas atualiza\u00e7\u00f5es s\u00e3o muito importantes dentro da enfermagem. Normalmente, a consulta de puericultura com a equipe de enfermagem \u00e9 o primeiro contato da crian\u00e7a com a unidade de sa\u00fade. S\u00e3o eles tamb\u00e9m que costumam orientar as m\u00e3es sobre todos os exames e vacinas dispon\u00edveis na rede p\u00fablica e onde podem ser feitos, j\u00e1 que muitas m\u00e3es n\u00e3o t\u00eam o conhecimento do que fazer e onde podem ir\u201d, explicou a secret\u00e1ria.\u00a0\u00a0\u00a0\u00a0\u00a0<\/p>\n\n\n\n<p><em>Fotos: Renan Otto<\/em><\/p>\n\n\n\n<p><strong><em>S\u00e3o Gon\u00e7alo vai mudar: Not\u00edcias de S\u00e3o Gon\u00e7alo e toda regi\u00e3o.<\/em><\/strong><\/p>\n\n\n\n<figure class=\"wp-block-image size-large\"><img decoding=\"async\" width=\"1024\" height=\"357\" src=\"https:\/\/sgvaimudar.com.br\/wp-content\/uploads\/2023\/08\/Logo-Provisoria-2-1-1024x357.png\" alt=\"\" class=\"wp-image-2779\" srcset=\"https:\/\/sgvaimudar.com.br\/wp-content\/uploads\/2023\/08\/Logo-Provisoria-2-1-1024x357.png 1024w, https:\/\/sgvaimudar.com.br\/wp-content\/uploads\/2023\/08\/Logo-Provisoria-2-1-300x105.png 300w, https:\/\/sgvaimudar.com.br\/wp-content\/uploads\/2023\/08\/Logo-Provisoria-2-1-768x268.png 768w, https:\/\/sgvaimudar.com.br\/wp-content\/uploads\/2023\/08\/Logo-Provisoria-2-1.png 1470w\" sizes=\"(max-width: 1024px) 100vw, 1024px\" \/><\/figure>\n","protected":false},"excerpt":{"rendered":"<p>Equipe faz treinamento com boneco, que ganha nome de Heitor&nbsp; Enfermeiros das unidades de sa\u00fade da fam\u00edlia (USFs) come\u00e7aram a&hellip;<\/p>\n","protected":false},"author":5,"featured_media":18800,"comment_status":"open","ping_status":"open","sticky":false,"template":"","format":"standard","meta":{"fifu_image_url":"","fifu_image_alt":"","footnotes":""},"categories":[7],"tags":[],"class_list":["post-18798","post","type-post","status-publish","format-standard","has-post-thumbnail","hentry","category-saude"],"_links":{"self":[{"href":"https:\/\/sgvaimudar.com.br\/index.php\/wp-json\/wp\/v2\/posts\/18798","targetHints":{"allow":["GET"]}}],"collection":[{"href":"https:\/\/sgvaimudar.com.br\/index.php\/wp-json\/wp\/v2\/posts"}],"about":[{"href":"https:\/\/sgvaimudar.com.br\/index.php\/wp-json\/wp\/v2\/types\/post"}],"author":[{"embeddable":true,"href":"https:\/\/sgvaimudar.com.br\/index.php\/wp-json\/wp\/v2\/users\/5"}],"replies":[{"embeddable":true,"href":"https:\/\/sgvaimudar.com.br\/index.php\/wp-json\/wp\/v2\/comments?post=18798"}],"version-history":[{"count":2,"href":"https:\/\/sgvaimudar.com.br\/index.php\/wp-json\/wp\/v2\/posts\/18798\/revisions"}],"predecessor-version":[{"id":18802,"href":"https:\/\/sgvaimudar.com.br\/index.php\/wp-json\/wp\/v2\/posts\/18798\/revisions\/18802"}],"wp:featuredmedia":[{"embeddable":true,"href":"https:\/\/sgvaimudar.com.br\/index.php\/wp-json\/wp\/v2\/media\/18800"}],"wp:attachment":[{"href":"https:\/\/sgvaimudar.com.br\/index.php\/wp-json\/wp\/v2\/media?parent=18798"}],"wp:term":[{"taxonomy":"category","embeddable":true,"href":"https:\/\/sgvaimudar.com.br\/index.php\/wp-json\/wp\/v2\/categories?post=18798"},{"taxonomy":"post_tag","embeddable":true,"href":"https:\/\/sgvaimudar.com.br\/index.php\/wp-json\/wp\/v2\/tags?post=18798"}],"curies":[{"name":"wp","href":"https:\/\/api.w.org\/{rel}","templated":true}]}}