{"id":18771,"date":"2025-01-17T14:00:00","date_gmt":"2025-01-17T17:00:00","guid":{"rendered":"https:\/\/sgvaimudar.com.br\/?p=18771"},"modified":"2025-01-17T10:39:49","modified_gmt":"2025-01-17T13:39:49","slug":"prefeitura-da-posse-a-mesa-diretora-do-conselho-de-assistencia-social","status":"publish","type":"post","link":"https:\/\/sgvaimudar.com.br\/index.php\/2025\/01\/17\/prefeitura-da-posse-a-mesa-diretora-do-conselho-de-assistencia-social\/","title":{"rendered":"Prefeitura d\u00e1 posse \u00e0 mesa diretora do Conselho de Assist\u00eancia Social"},"content":{"rendered":"\n<p><em>Novo mandato \u00e9 v\u00e1lido para os anos de 2025 e 2026<\/em><\/p>\n\n\n\n<p>A cerim\u00f4nia de posse da nova mesa diretora do Conselho Municipal de Assist\u00eancia Social, foi realizada, nesta manh\u00e3 de quarta-feira (15), no audit\u00f3rio do Batalh\u00e3o de Rondas Especiais e Controle de Multid\u00f5es (Recom), localizado na Venda da Cruz. <\/p>\n\n\n\n<p>O Conselho \u00e9 formado tanto por membros indicados pelo governo municipal quanto por membros de institui\u00e7\u00f5es representantes da sociedade civil. O mandato da mesa diretora do conselho \u00e9 v\u00e1lido pelos anos de 2025 e 2026.<\/p>\n\n\n\n<p>O evento contou com a presen\u00e7a do secret\u00e1rio de Assist\u00eancia Social da Prefeitura de S\u00e3o Gon\u00e7alo, Felippe Mattos Monteiro; representantes da mesa diretora anterior e da atual, al\u00e9m de membros de institui\u00e7\u00f5es compondo a sociedade civil e da vereadora Patr\u00edcia Silva, presidente da Comiss\u00e3o Permanente da Sa\u00fade e da Assist\u00eancia Social da C\u00e2mara de Vereadores.<\/p>\n\n\n\n<p>A mesa diretora eleita nesta quarta \u00e9 formada pela presidente Roberta Fab\u00edola Teixeira Temtemples (eleita por indica\u00e7\u00e3o do governo municipal), pelo vice-presidente Carlos Augusto Guimar\u00e3es (eleito pela sociedade civil), pelo primeiro secret\u00e1rio Thiago dos Santos (tamb\u00e9m representante da sociedade civil) e pelo segundo secret\u00e1rio Diego Martins Nascimento (indicado pelo governo municipal).<\/p>\n\n\n\n<p>Roberta Fab\u00edola Teixeira Temtemples, eleita presidente da mesa diretora, garantiu que vai atuar de forma constante para garantir o melhor servi\u00e7o para a popula\u00e7\u00e3o.<\/p>\n\n\n\n<p>&#8220;Precisamos garantir a qualidade, seguran\u00e7a e efici\u00eancia na execu\u00e7\u00e3o da pol\u00edtica p\u00fablica de assist\u00eancia social. Vamos fiscalizar e garantir que todos os servi\u00e7os prestados estejam sendo ofertados aos usu\u00e1rios do Sistema \u00danico de Assist\u00eancia Social (SUAS) e para a popula\u00e7\u00e3o gon\u00e7alense num todo\u201d, afirmou.<\/p>\n\n\n\n<p>Al\u00e9m da mesa diretora, foram escolhidos os membros das comiss\u00f5es do Conselho de Assist\u00eancia Social que representam a sociedade civil. Em cada comiss\u00e3o, s\u00e3o eleitos cinco institui\u00e7\u00f5es que representam a sociedade civil e mais cinco representantes do governo, estes \u00faltimos ser\u00e3o escolhidos at\u00e9 o fim desta semana, com uma publica\u00e7\u00e3o no Di\u00e1rio Oficial oficializando os eleitos, al\u00e9m dos suplentes.<\/p>\n\n\n\n<p><em>Fotos: Fabio Guimar\u00e3es<\/em><\/p>\n\n\n\n<p><strong><em>S\u00e3o Gon\u00e7alo vai mudar: Not\u00edcias de S\u00e3o Gon\u00e7alo e toda regi\u00e3o.<\/em><\/strong><\/p>\n\n\n\n<figure class=\"wp-block-image size-large\"><img fetchpriority=\"high\" decoding=\"async\" width=\"1024\" height=\"357\" src=\"https:\/\/sgvaimudar.com.br\/wp-content\/uploads\/2023\/08\/Logo-Provisoria-2-1-1024x357.png\" alt=\"\" class=\"wp-image-2779\" srcset=\"https:\/\/sgvaimudar.com.br\/wp-content\/uploads\/2023\/08\/Logo-Provisoria-2-1-1024x357.png 1024w, https:\/\/sgvaimudar.com.br\/wp-content\/uploads\/2023\/08\/Logo-Provisoria-2-1-300x105.png 300w, https:\/\/sgvaimudar.com.br\/wp-content\/uploads\/2023\/08\/Logo-Provisoria-2-1-768x268.png 768w, https:\/\/sgvaimudar.com.br\/wp-content\/uploads\/2023\/08\/Logo-Provisoria-2-1.png 1470w\" sizes=\"(max-width: 1024px) 100vw, 1024px\" \/><\/figure>\n","protected":false},"excerpt":{"rendered":"<p>Novo mandato \u00e9 v\u00e1lido para os anos de 2025 e 2026 A cerim\u00f4nia de posse da nova mesa diretora do&hellip;<\/p>\n","protected":false},"author":5,"featured_media":18772,"comment_status":"open","ping_status":"open","sticky":false,"template":"","format":"standard","meta":{"fifu_image_url":"","fifu_image_alt":"","footnotes":""},"categories":[3],"tags":[],"class_list":["post-18771","post","type-post","status-publish","format-standard","has-post-thumbnail","hentry","category-sao-goncalo"],"_links":{"self":[{"href":"https:\/\/sgvaimudar.com.br\/index.php\/wp-json\/wp\/v2\/posts\/18771","targetHints":{"allow":["GET"]}}],"collection":[{"href":"https:\/\/sgvaimudar.com.br\/index.php\/wp-json\/wp\/v2\/posts"}],"about":[{"href":"https:\/\/sgvaimudar.com.br\/index.php\/wp-json\/wp\/v2\/types\/post"}],"author":[{"embeddable":true,"href":"https:\/\/sgvaimudar.com.br\/index.php\/wp-json\/wp\/v2\/users\/5"}],"replies":[{"embeddable":true,"href":"https:\/\/sgvaimudar.com.br\/index.php\/wp-json\/wp\/v2\/comments?post=18771"}],"version-history":[{"count":1,"href":"https:\/\/sgvaimudar.com.br\/index.php\/wp-json\/wp\/v2\/posts\/18771\/revisions"}],"predecessor-version":[{"id":18773,"href":"https:\/\/sgvaimudar.com.br\/index.php\/wp-json\/wp\/v2\/posts\/18771\/revisions\/18773"}],"wp:featuredmedia":[{"embeddable":true,"href":"https:\/\/sgvaimudar.com.br\/index.php\/wp-json\/wp\/v2\/media\/18772"}],"wp:attachment":[{"href":"https:\/\/sgvaimudar.com.br\/index.php\/wp-json\/wp\/v2\/media?parent=18771"}],"wp:term":[{"taxonomy":"category","embeddable":true,"href":"https:\/\/sgvaimudar.com.br\/index.php\/wp-json\/wp\/v2\/categories?post=18771"},{"taxonomy":"post_tag","embeddable":true,"href":"https:\/\/sgvaimudar.com.br\/index.php\/wp-json\/wp\/v2\/tags?post=18771"}],"curies":[{"name":"wp","href":"https:\/\/api.w.org\/{rel}","templated":true}]}}