{"id":18768,"date":"2025-01-17T12:59:00","date_gmt":"2025-01-17T15:59:00","guid":{"rendered":"https:\/\/sgvaimudar.com.br\/?p=18768"},"modified":"2025-01-17T10:35:26","modified_gmt":"2025-01-17T13:35:26","slug":"celulares-sao-furtados-em-supermercados-de-sao-goncalo","status":"publish","type":"post","link":"https:\/\/sgvaimudar.com.br\/index.php\/2025\/01\/17\/celulares-sao-furtados-em-supermercados-de-sao-goncalo\/","title":{"rendered":"Celulares s\u00e3o furtados em Supermercados de S\u00e3o Gon\u00e7alo"},"content":{"rendered":"\n<p><em>Segundo a pol\u00edcia, os aparelhos levados n\u00e3o tinham rastreadores<\/em><\/p>\n\n\n\n<p>Um preju\u00edzo de R$ 111 mil e 118 celulares a menos. Esse \u00e9 o saldo de um audacioso furto\u00a0ocorrido na madrugada de ter\u00e7a-feira (14) em uma loja do Carrefour em S\u00e3o Gon\u00e7alo.<\/p>\n\n\n\n<p>Segundo as informa\u00e7\u00f5es, dois criminosos, com um planejamento meticuloso, se passaram por clientes e se esconderam no estabelecimento. Aproveitando a madrugada, arrombaram quatro cadeados e fugiram com os aparelhos. <\/p>\n\n\n\n<p>As imagens das c\u00e2meras de seguran\u00e7a, que mostram os rostos dos suspeitos, est\u00e3o sendo analisadas pela pol\u00edcia. <\/p>\n\n\n\n<p>A falta de registro do IMEI (International Mobile Equipment Identity), que \u00e9 a identifica\u00e7\u00e3o internacional de equipamento m\u00f3vel dificulta a recupera\u00e7\u00e3o dos aparelhos que foram levados.<br><br><em>Reportagem: Mauro J\u00fanior<\/em><\/p>\n\n\n\n<p><strong><em>S\u00e3o Gon\u00e7alo vai mudar: Not\u00edcias de S\u00e3o Gon\u00e7alo e toda regi\u00e3o.<\/em><\/strong><\/p>\n\n\n\n<figure class=\"wp-block-image size-large\"><img fetchpriority=\"high\" decoding=\"async\" width=\"1024\" height=\"357\" src=\"https:\/\/sgvaimudar.com.br\/wp-content\/uploads\/2023\/08\/Logo-Provisoria-2-1-1024x357.png\" alt=\"\" class=\"wp-image-2779\" srcset=\"https:\/\/sgvaimudar.com.br\/wp-content\/uploads\/2023\/08\/Logo-Provisoria-2-1-1024x357.png 1024w, https:\/\/sgvaimudar.com.br\/wp-content\/uploads\/2023\/08\/Logo-Provisoria-2-1-300x105.png 300w, https:\/\/sgvaimudar.com.br\/wp-content\/uploads\/2023\/08\/Logo-Provisoria-2-1-768x268.png 768w, https:\/\/sgvaimudar.com.br\/wp-content\/uploads\/2023\/08\/Logo-Provisoria-2-1.png 1470w\" sizes=\"(max-width: 1024px) 100vw, 1024px\" \/><\/figure>\n","protected":false},"excerpt":{"rendered":"<p>Segundo a pol\u00edcia, os aparelhos levados n\u00e3o tinham rastreadores Um preju\u00edzo de R$ 111 mil e 118 celulares a menos.&hellip;<\/p>\n","protected":false},"author":5,"featured_media":18769,"comment_status":"open","ping_status":"open","sticky":false,"template":"","format":"standard","meta":{"fifu_image_url":"","fifu_image_alt":"","footnotes":""},"categories":[32],"tags":[],"class_list":["post-18768","post","type-post","status-publish","format-standard","has-post-thumbnail","hentry","category-casos-de-policia"],"_links":{"self":[{"href":"https:\/\/sgvaimudar.com.br\/index.php\/wp-json\/wp\/v2\/posts\/18768","targetHints":{"allow":["GET"]}}],"collection":[{"href":"https:\/\/sgvaimudar.com.br\/index.php\/wp-json\/wp\/v2\/posts"}],"about":[{"href":"https:\/\/sgvaimudar.com.br\/index.php\/wp-json\/wp\/v2\/types\/post"}],"author":[{"embeddable":true,"href":"https:\/\/sgvaimudar.com.br\/index.php\/wp-json\/wp\/v2\/users\/5"}],"replies":[{"embeddable":true,"href":"https:\/\/sgvaimudar.com.br\/index.php\/wp-json\/wp\/v2\/comments?post=18768"}],"version-history":[{"count":1,"href":"https:\/\/sgvaimudar.com.br\/index.php\/wp-json\/wp\/v2\/posts\/18768\/revisions"}],"predecessor-version":[{"id":18770,"href":"https:\/\/sgvaimudar.com.br\/index.php\/wp-json\/wp\/v2\/posts\/18768\/revisions\/18770"}],"wp:featuredmedia":[{"embeddable":true,"href":"https:\/\/sgvaimudar.com.br\/index.php\/wp-json\/wp\/v2\/media\/18769"}],"wp:attachment":[{"href":"https:\/\/sgvaimudar.com.br\/index.php\/wp-json\/wp\/v2\/media?parent=18768"}],"wp:term":[{"taxonomy":"category","embeddable":true,"href":"https:\/\/sgvaimudar.com.br\/index.php\/wp-json\/wp\/v2\/categories?post=18768"},{"taxonomy":"post_tag","embeddable":true,"href":"https:\/\/sgvaimudar.com.br\/index.php\/wp-json\/wp\/v2\/tags?post=18768"}],"curies":[{"name":"wp","href":"https:\/\/api.w.org\/{rel}","templated":true}]}}