{"id":18759,"date":"2025-01-17T12:00:00","date_gmt":"2025-01-17T15:00:00","guid":{"rendered":"https:\/\/sgvaimudar.com.br\/?p=18759"},"modified":"2025-01-17T10:19:07","modified_gmt":"2025-01-17T13:19:07","slug":"praca-renovada-do-jardim-alcantara-recebe-ajustes-finais","status":"publish","type":"post","link":"https:\/\/sgvaimudar.com.br\/index.php\/2025\/01\/17\/praca-renovada-do-jardim-alcantara-recebe-ajustes-finais\/","title":{"rendered":"Pra\u00e7a Renovada do Jardim Alc\u00e2ntara recebe ajustes finais"},"content":{"rendered":"\n<p><em>Popula\u00e7\u00e3o poder\u00e1 usufruir do novo espa\u00e7o de lazer em breve<\/em><\/p>\n\n\n\n<p>A Pra\u00e7a Prefeito Gilberto Afonso Pires, no Jardim Alc\u00e2ntara, que est\u00e1 sendo revitalizada gra\u00e7as ao programa Pra\u00e7a Renovada da Prefeitura de S\u00e3o Gon\u00e7alo, recebe os ajustes finais e logo ser\u00e1 entregue para a popula\u00e7\u00e3o. <\/p>\n\n\n\n<figure class=\"wp-block-image size-large\"><img fetchpriority=\"high\" decoding=\"async\" width=\"1024\" height=\"768\" src=\"https:\/\/sgvaimudar.com.br\/wp-content\/uploads\/2025\/01\/unnamed-2-12-1024x768.jpg\" alt=\"\" class=\"wp-image-18760\" srcset=\"https:\/\/sgvaimudar.com.br\/wp-content\/uploads\/2025\/01\/unnamed-2-12-1024x768.jpg 1024w, https:\/\/sgvaimudar.com.br\/wp-content\/uploads\/2025\/01\/unnamed-2-12-300x225.jpg 300w, https:\/\/sgvaimudar.com.br\/wp-content\/uploads\/2025\/01\/unnamed-2-12-768x576.jpg 768w, https:\/\/sgvaimudar.com.br\/wp-content\/uploads\/2025\/01\/unnamed-2-12-1536x1152.jpg 1536w, https:\/\/sgvaimudar.com.br\/wp-content\/uploads\/2025\/01\/unnamed-2-12.jpg 1600w\" sizes=\"(max-width: 1024px) 100vw, 1024px\" \/><\/figure>\n\n\n\n<p>Equipes da Secretaria de Conserva\u00e7\u00e3o est\u00e3o instalando as mudas e gramas dos canteiros, dentre outras finaliza\u00e7\u00f5es. Os pr\u00f3ximos passos incluem a finaliza\u00e7\u00e3o das pinturas, da frente do local e da instala\u00e7\u00e3o de redes de prote\u00e7\u00e3o ao redor da quadra.<\/p>\n\n\n\n<p>Na \u00e1rea de lazer revitalizada, foram instalados novos brinquedos e equipamentos para a academia do idoso, a quadra poliesportiva do espa\u00e7o foi revitalizada, uma cal\u00e7ada foi criada ao redor da pra\u00e7a, al\u00e9m da instala\u00e7\u00e3o de rampas de acessibilidade e do piso t\u00e1til pensando na acessibilidade para pessoas com defici\u00eancia (PcD). <\/p>\n\n\n\n<figure class=\"wp-block-image size-full\"><img decoding=\"async\" width=\"1024\" height=\"683\" src=\"https:\/\/sgvaimudar.com.br\/wp-content\/uploads\/2025\/01\/unnamed-6-4.jpg\" alt=\"\" class=\"wp-image-18761\" srcset=\"https:\/\/sgvaimudar.com.br\/wp-content\/uploads\/2025\/01\/unnamed-6-4.jpg 1024w, https:\/\/sgvaimudar.com.br\/wp-content\/uploads\/2025\/01\/unnamed-6-4-300x200.jpg 300w, https:\/\/sgvaimudar.com.br\/wp-content\/uploads\/2025\/01\/unnamed-6-4-768x512.jpg 768w\" sizes=\"(max-width: 1024px) 100vw, 1024px\" \/><\/figure>\n\n\n\n<p>Mesas, cadeiras, bancos e postes de luz tamb\u00e9m foram instalados. O projeto da pra\u00e7a foi feito pela Secretaria de Gest\u00e3o Integrada e Projetos Especiais (Semgipe).<\/p>\n\n\n\n<p>O sushiman Carlos Andr\u00e9 da Silva, de 44 anos, \u00e9 morador do bairro e conta que sua filha Sophia, de 6 anos, est\u00e1 ansiosa para poder brincar na nova pra\u00e7a. &#8220;Estou morando aqui h\u00e1 um m\u00eas, mas j\u00e1 vim no bairro algumas vezes e lembro que a pra\u00e7a anterior estava abandonada, precisando dessa reforma&#8221;, disse o morador. <\/p>\n\n\n\n<p>Segundo ele vai ser \u00f3timo quando inaugurar essa pra\u00e7a, vamos poder curtir um pouco essa \u00e1rea gratuita de lazer. &#8220;Minha filha pergunta todo dia se falta muito para a pra\u00e7a ficar pronta, ela est\u00e1 animada para brincar nos brinquedos&#8221;, afirmou Carlos Andr\u00e9.<\/p>\n\n\n\n<figure class=\"wp-block-image size-full\"><img decoding=\"async\" width=\"1024\" height=\"683\" src=\"https:\/\/sgvaimudar.com.br\/wp-content\/uploads\/2025\/01\/unnamed-5-7.jpg\" alt=\"\" class=\"wp-image-18762\" srcset=\"https:\/\/sgvaimudar.com.br\/wp-content\/uploads\/2025\/01\/unnamed-5-7.jpg 1024w, https:\/\/sgvaimudar.com.br\/wp-content\/uploads\/2025\/01\/unnamed-5-7-300x200.jpg 300w, https:\/\/sgvaimudar.com.br\/wp-content\/uploads\/2025\/01\/unnamed-5-7-768x512.jpg 768w\" sizes=\"(max-width: 1024px) 100vw, 1024px\" \/><\/figure>\n\n\n\n<p>A nova pra\u00e7a visa dar mais qualidade de vida para a popula\u00e7\u00e3o do bairro. Os trabalhos no local tiveram in\u00edcio em outubro de 2024. A Prefeitura concluiu o projeto Pra\u00e7a Renovada em 16 \u00e1reas de lazer do munic\u00edpio.<\/p>\n\n\n\n<p><strong>Pra\u00e7a Renovada<\/strong>\u00a0&#8211; O projeto Pra\u00e7a Renovada, que tem como objetivo entregar \u00e0 popula\u00e7\u00e3o \u00e1reas de lazer completamente revitalizadas, j\u00e1 foi conclu\u00eddo em 16 espa\u00e7os: Pra\u00e7a Jardim Catarina II (ou Pra\u00e7a da Rua I), no Jardim Catarina; Pra\u00e7a Jornalista Valfrido Rocha, no Jardim Catarina; Pra\u00e7a do Barenco, no Boa\u00e7u; Pra\u00e7a do Coroado; Pra\u00e7a da Lagoa Seca, no Laranjal; Pra\u00e7a do Vila Tr\u00eas; Pra\u00e7a do Gradim.<\/p>\n\n\n\n<p>Pra\u00e7a Chico Mendes, no bairro Raul Veiga; Pra\u00e7a do Rocha; Pra\u00e7a Lucacio Te\u00f3filo de Campos, no J\u00f3quei; Pra\u00e7a do Largo de Ita\u00fana; Pra\u00e7a Vereador Josias dos Santos Muniz, na Lagoinha; Pra\u00e7a Governador Leonel Brizola, no Coluband\u00ea; Pra\u00e7a Expedicion\u00e1rio Ant\u00f4nio Vieira, mais conhecida como Pra\u00e7a do Mineirinho, localizada no bairro de Santa Catarina; a Arena Zaga Silva, localizada no Porto Velho; e a Pra\u00e7a Thiago Evangelista de Vasconcellos, do bairro Almerinda.<\/p>\n\n\n\n<p><em>Fotos: Fabio Guimar\u00e3es<\/em><\/p>\n\n\n\n<p><strong><em>S\u00e3o Gon\u00e7alo vai mudar: Not\u00edcias de S\u00e3o Gon\u00e7alo e toda regi\u00e3o.<\/em><\/strong><\/p>\n\n\n\n<figure class=\"wp-block-image size-full\"><img loading=\"lazy\" decoding=\"async\" width=\"251\" height=\"88\" src=\"https:\/\/sgvaimudar.com.br\/wp-content\/uploads\/2023\/08\/Logo.png\" alt=\"\" class=\"wp-image-2738\" \/><\/figure>\n","protected":false},"excerpt":{"rendered":"<p>Popula\u00e7\u00e3o poder\u00e1 usufruir do novo espa\u00e7o de lazer em breve A Pra\u00e7a Prefeito Gilberto Afonso Pires, no Jardim Alc\u00e2ntara, que&hellip;<\/p>\n","protected":false},"author":5,"featured_media":18763,"comment_status":"open","ping_status":"open","sticky":false,"template":"","format":"standard","meta":{"fifu_image_url":"","fifu_image_alt":"","footnotes":""},"categories":[3],"tags":[],"class_list":["post-18759","post","type-post","status-publish","format-standard","has-post-thumbnail","hentry","category-sao-goncalo"],"_links":{"self":[{"href":"https:\/\/sgvaimudar.com.br\/index.php\/wp-json\/wp\/v2\/posts\/18759","targetHints":{"allow":["GET"]}}],"collection":[{"href":"https:\/\/sgvaimudar.com.br\/index.php\/wp-json\/wp\/v2\/posts"}],"about":[{"href":"https:\/\/sgvaimudar.com.br\/index.php\/wp-json\/wp\/v2\/types\/post"}],"author":[{"embeddable":true,"href":"https:\/\/sgvaimudar.com.br\/index.php\/wp-json\/wp\/v2\/users\/5"}],"replies":[{"embeddable":true,"href":"https:\/\/sgvaimudar.com.br\/index.php\/wp-json\/wp\/v2\/comments?post=18759"}],"version-history":[{"count":1,"href":"https:\/\/sgvaimudar.com.br\/index.php\/wp-json\/wp\/v2\/posts\/18759\/revisions"}],"predecessor-version":[{"id":18764,"href":"https:\/\/sgvaimudar.com.br\/index.php\/wp-json\/wp\/v2\/posts\/18759\/revisions\/18764"}],"wp:featuredmedia":[{"embeddable":true,"href":"https:\/\/sgvaimudar.com.br\/index.php\/wp-json\/wp\/v2\/media\/18763"}],"wp:attachment":[{"href":"https:\/\/sgvaimudar.com.br\/index.php\/wp-json\/wp\/v2\/media?parent=18759"}],"wp:term":[{"taxonomy":"category","embeddable":true,"href":"https:\/\/sgvaimudar.com.br\/index.php\/wp-json\/wp\/v2\/categories?post=18759"},{"taxonomy":"post_tag","embeddable":true,"href":"https:\/\/sgvaimudar.com.br\/index.php\/wp-json\/wp\/v2\/tags?post=18759"}],"curies":[{"name":"wp","href":"https:\/\/api.w.org\/{rel}","templated":true}]}}