{"id":18737,"date":"2025-01-17T09:05:09","date_gmt":"2025-01-17T12:05:09","guid":{"rendered":"https:\/\/sgvaimudar.com.br\/?p=18737"},"modified":"2025-01-17T09:05:10","modified_gmt":"2025-01-17T12:05:10","slug":"policia-civil-prende-homem-acusado-de-roubar-bancas-de-jornal-no-centro-de-niteroi","status":"publish","type":"post","link":"https:\/\/sgvaimudar.com.br\/index.php\/2025\/01\/17\/policia-civil-prende-homem-acusado-de-roubar-bancas-de-jornal-no-centro-de-niteroi\/","title":{"rendered":"Pol\u00edcia Civil prende homem acusado de roubar bancas de jornal no Centro de Niter\u00f3i"},"content":{"rendered":"\n<p><em>As dilig\u00eancias continuam para esclarecer esses crimes<\/em><\/p>\n\n\n\n<p>Os policiais civis da 76\u00aa DP (Niter\u00f3i), prenderam, nesta quinta-feira (16\/01), um homem que roubou uma banca de jornal no Centro de Niter\u00f3i, na Regi\u00e3o Metropolitana do Rio. Ele foi capturado no mesmo munic\u00edpio, ap\u00f3s investiga\u00e7\u00f5es e dilig\u00eancias de campo da unidade.<\/p>\n\n\n\n<p>O caso que motivou a captura ocorreu em dezembro do ano passado. Imagens obtidas pela delegacia flagraram quando o acusado entra na banca de jornal e, com uma faca, amea\u00e7a a funcion\u00e1ria pedindo todo o dinheiro do caixa. <\/p>\n\n\n\n<p>Ap\u00f3s o crime, ele fugiu do local. De acordo com os agentes, o homem tamb\u00e9m \u00e9 alvo de outras investiga\u00e7\u00f5es sobre o mesmo delito, sempre na mesma regi\u00e3o. As dilig\u00eancias continuam para esclarecer esses crimes. <\/p>\n\n\n\n<p><strong><em>S\u00e3o Gon\u00e7alo vai mudar: Not\u00edcias de S\u00e3o Gon\u00e7alo e toda regi\u00e3o.<\/em><\/strong><\/p>\n\n\n\n<figure class=\"wp-block-image size-large\"><img fetchpriority=\"high\" decoding=\"async\" width=\"1024\" height=\"357\" src=\"https:\/\/sgvaimudar.com.br\/wp-content\/uploads\/2023\/08\/Logo-Provisoria-2-1-1024x357.png\" alt=\"\" class=\"wp-image-2779\" srcset=\"https:\/\/sgvaimudar.com.br\/wp-content\/uploads\/2023\/08\/Logo-Provisoria-2-1-1024x357.png 1024w, https:\/\/sgvaimudar.com.br\/wp-content\/uploads\/2023\/08\/Logo-Provisoria-2-1-300x105.png 300w, https:\/\/sgvaimudar.com.br\/wp-content\/uploads\/2023\/08\/Logo-Provisoria-2-1-768x268.png 768w, https:\/\/sgvaimudar.com.br\/wp-content\/uploads\/2023\/08\/Logo-Provisoria-2-1.png 1470w\" sizes=\"(max-width: 1024px) 100vw, 1024px\" \/><\/figure>\n","protected":false},"excerpt":{"rendered":"<p>As dilig\u00eancias continuam para esclarecer esses crimes Os policiais civis da 76\u00aa DP (Niter\u00f3i), prenderam, nesta quinta-feira (16\/01), um homem&hellip;<\/p>\n","protected":false},"author":5,"featured_media":10095,"comment_status":"open","ping_status":"open","sticky":false,"template":"","format":"standard","meta":{"fifu_image_url":"","fifu_image_alt":"","footnotes":""},"categories":[32],"tags":[],"class_list":["post-18737","post","type-post","status-publish","format-standard","has-post-thumbnail","hentry","category-casos-de-policia"],"_links":{"self":[{"href":"https:\/\/sgvaimudar.com.br\/index.php\/wp-json\/wp\/v2\/posts\/18737","targetHints":{"allow":["GET"]}}],"collection":[{"href":"https:\/\/sgvaimudar.com.br\/index.php\/wp-json\/wp\/v2\/posts"}],"about":[{"href":"https:\/\/sgvaimudar.com.br\/index.php\/wp-json\/wp\/v2\/types\/post"}],"author":[{"embeddable":true,"href":"https:\/\/sgvaimudar.com.br\/index.php\/wp-json\/wp\/v2\/users\/5"}],"replies":[{"embeddable":true,"href":"https:\/\/sgvaimudar.com.br\/index.php\/wp-json\/wp\/v2\/comments?post=18737"}],"version-history":[{"count":1,"href":"https:\/\/sgvaimudar.com.br\/index.php\/wp-json\/wp\/v2\/posts\/18737\/revisions"}],"predecessor-version":[{"id":18738,"href":"https:\/\/sgvaimudar.com.br\/index.php\/wp-json\/wp\/v2\/posts\/18737\/revisions\/18738"}],"wp:featuredmedia":[{"embeddable":true,"href":"https:\/\/sgvaimudar.com.br\/index.php\/wp-json\/wp\/v2\/media\/10095"}],"wp:attachment":[{"href":"https:\/\/sgvaimudar.com.br\/index.php\/wp-json\/wp\/v2\/media?parent=18737"}],"wp:term":[{"taxonomy":"category","embeddable":true,"href":"https:\/\/sgvaimudar.com.br\/index.php\/wp-json\/wp\/v2\/categories?post=18737"},{"taxonomy":"post_tag","embeddable":true,"href":"https:\/\/sgvaimudar.com.br\/index.php\/wp-json\/wp\/v2\/tags?post=18737"}],"curies":[{"name":"wp","href":"https:\/\/api.w.org\/{rel}","templated":true}]}}