{"id":18728,"date":"2025-01-16T21:00:00","date_gmt":"2025-01-17T00:00:00","guid":{"rendered":"https:\/\/sgvaimudar.com.br\/?p=18728"},"modified":"2025-01-16T12:30:34","modified_gmt":"2025-01-16T15:30:34","slug":"camara-de-rio-bonito-aprova-a-criacao-de-novas-secretarias-e-amplia-estrutura-administrativa","status":"publish","type":"post","link":"https:\/\/sgvaimudar.com.br\/index.php\/2025\/01\/16\/camara-de-rio-bonito-aprova-a-criacao-de-novas-secretarias-e-amplia-estrutura-administrativa\/","title":{"rendered":"C\u00e2mara de Rio Bonito aprova a cria\u00e7\u00e3o de novas secretarias e amplia estrutura administrativa"},"content":{"rendered":"\n<p>Com o objetivo de potencializar o desenvolvimento, a voca\u00e7\u00e3o natural do munic\u00edpio e melhorar a articula\u00e7\u00e3o entre a administra\u00e7\u00e3o municipal e a sociedade, a Prefeitura de Rio Bonito implementou mudan\u00e7as em sua estrutura organizacional. <\/p>\n\n\n\n<p>O prefeito Marcos Abrah\u00e3o ampliou a estrutura administrativa e criou tr\u00eas novas secretarias municipais (Transporte, Inclus\u00e3o Social e Licita\u00e7\u00e3o, Compra e Contrato), al\u00e9m de criar as secretarias de Agricultura e Turismo, que forma desmembradas das secretarias municipais de Agricultura, Trabalho e Desenvolvimento Econ\u00f4mico e Cultura e Turismo, respectivamente. <\/p>\n\n\n\n<p>As mudan\u00e7as, aprovadas pela C\u00e2mara Municipal e publicadas no Di\u00e1rio Oficial do Munic\u00edpio nesta segunda-feira (13), buscam otimizar a gest\u00e3o p\u00fablica e ampliar o atendimento \u00e0 popula\u00e7\u00e3o.<\/p>\n\n\n\n<p><strong>Agricultura \u2013<\/strong>&nbsp;A \u00e1rea de agricultura, que era coordenada pela Secretaria de Agricultura, Trabalho e Desenvolvimento Econ\u00f4mico, foi desmembrada e transformada em pasta. Dessa forma, a nova Secretaria de Agricultura dar\u00e1 maior protagonismo aos agricultores locais, implementando pol\u00edticas p\u00fablicas direcionadas ao atendimento do setor. A decis\u00e3o estrat\u00e9gica leva em considera\u00e7\u00e3o ainda o fato de grande parte do territ\u00f3rio do munic\u00edpio ser formado por \u00e1rea rural, que favorece a agricultura familiar.<\/p>\n\n\n\n<p><strong>Turismo \u2013<\/strong>&nbsp;A Secretaria de Turismo visa potencializar ainda mais o desenvolvimento tur\u00edstico como um dos pilares econ\u00f4micos de Rio Bonito, que j\u00e1 tem voca\u00e7\u00e3o natural para o turismo rural. A nova estrutura foi desmembrada da Secretaria Municipal de Cultura e Turismo.<\/p>\n\n\n\n<p><strong>Transporte \u2013<\/strong>&nbsp;Com a cria\u00e7\u00e3o da Secretaria Municipal de Transporte (SEMTRAM) a administra\u00e7\u00e3o municipal vai ampliar a atua\u00e7\u00e3o na gest\u00e3o nas pol\u00edticas relacionadas ao transporte p\u00fablico que impactam o munic\u00edpio, regularizando tarifas e fiscalizando as diferentes categorias de servi\u00e7o, como t\u00e1xi, moto-t\u00e1xi, escolares, entre outros, assegurando a qualidade no atendimento aos passageiros.<\/p>\n\n\n\n<p><strong>Licita\u00e7\u00e3o \u2013<\/strong>&nbsp;Com a cria\u00e7\u00e3o da secretaria de Licita\u00e7\u00e3o, Compra e Contrato, a administra\u00e7\u00e3o municipal centraliza a realiza\u00e7\u00e3o dos processos licitat\u00f3rios, al\u00e9m de instituir a Central de Planejamento e Compras (CPC), que ser\u00e1 respons\u00e1vel pela elabora\u00e7\u00e3o do plano de contrata\u00e7\u00e3o anual, com o objetivo de racionalizar as contas p\u00fablicas entre os diferentes \u00f3rg\u00e3os e economizar recursos.<\/p>\n\n\n\n<p><strong>Inclus\u00e3o Social \u2013<\/strong>\u00a0A secretaria de Inclus\u00e3o Social tem, entre outras finalidades, a de formular a pol\u00edtica municipal de inclus\u00e3o social dos portadores de necessidades especiais. As a\u00e7\u00f5es da nova secretaria v\u00e3o se pautar na erradica\u00e7\u00e3o das barreiras sociais criadas pelo racismo, desigualdades de g\u00eanero, hiatos de classe e defici\u00eancia f\u00edsica e mental.<\/p>\n\n\n\n<p>\ud835\udc7a\ud835\udc82\u0303\ud835\udc90 \ud835\udc6e\ud835\udc90\ud835\udc8f\ud835\udc84\u0327\ud835\udc82\ud835\udc8d\ud835\udc90 \ud835\udc97\ud835\udc82\ud835\udc8a \ud835\udc8e\ud835\udc96\ud835\udc85\ud835\udc82\ud835\udc93: \ud835\udc75\ud835\udc90\ud835\udc95\ud835\udc8a\u0301\ud835\udc84\ud835\udc8a\ud835\udc82\ud835\udc94 \ud835\udc85\ud835\udc86 \ud835\udc7a\ud835\udc82\u0303\ud835\udc90 \ud835\udc6e\ud835\udc90\ud835\udc8f\ud835\udc84\u0327\ud835\udc82\ud835\udc8d\ud835\udc90 \ud835\udc86 \ud835\udc95\ud835\udc90\ud835\udc85\ud835\udc82 \ud835\udc93\ud835\udc86\ud835\udc88\ud835\udc8a\ud835\udc82\u0303\ud835\udc90.<\/p>\n\n\n\n<figure class=\"wp-block-image size-large\"><img fetchpriority=\"high\" decoding=\"async\" width=\"1024\" height=\"357\" src=\"https:\/\/sgvaimudar.com.br\/wp-content\/uploads\/2023\/08\/Logo-Provisoria-2-1-1024x357.png\" alt=\"\" class=\"wp-image-2779\" srcset=\"https:\/\/sgvaimudar.com.br\/wp-content\/uploads\/2023\/08\/Logo-Provisoria-2-1-1024x357.png 1024w, https:\/\/sgvaimudar.com.br\/wp-content\/uploads\/2023\/08\/Logo-Provisoria-2-1-300x105.png 300w, https:\/\/sgvaimudar.com.br\/wp-content\/uploads\/2023\/08\/Logo-Provisoria-2-1-768x268.png 768w, https:\/\/sgvaimudar.com.br\/wp-content\/uploads\/2023\/08\/Logo-Provisoria-2-1.png 1470w\" sizes=\"(max-width: 1024px) 100vw, 1024px\" \/><\/figure>\n","protected":false},"excerpt":{"rendered":"<p>Com o objetivo de potencializar o desenvolvimento, a voca\u00e7\u00e3o natural do munic\u00edpio e melhorar a articula\u00e7\u00e3o entre a administra\u00e7\u00e3o municipal&hellip;<\/p>\n","protected":false},"author":5,"featured_media":18729,"comment_status":"open","ping_status":"open","sticky":false,"template":"","format":"standard","meta":{"fifu_image_url":"","fifu_image_alt":"","footnotes":""},"categories":[3],"tags":[],"class_list":["post-18728","post","type-post","status-publish","format-standard","has-post-thumbnail","hentry","category-sao-goncalo"],"_links":{"self":[{"href":"https:\/\/sgvaimudar.com.br\/index.php\/wp-json\/wp\/v2\/posts\/18728","targetHints":{"allow":["GET"]}}],"collection":[{"href":"https:\/\/sgvaimudar.com.br\/index.php\/wp-json\/wp\/v2\/posts"}],"about":[{"href":"https:\/\/sgvaimudar.com.br\/index.php\/wp-json\/wp\/v2\/types\/post"}],"author":[{"embeddable":true,"href":"https:\/\/sgvaimudar.com.br\/index.php\/wp-json\/wp\/v2\/users\/5"}],"replies":[{"embeddable":true,"href":"https:\/\/sgvaimudar.com.br\/index.php\/wp-json\/wp\/v2\/comments?post=18728"}],"version-history":[{"count":1,"href":"https:\/\/sgvaimudar.com.br\/index.php\/wp-json\/wp\/v2\/posts\/18728\/revisions"}],"predecessor-version":[{"id":18730,"href":"https:\/\/sgvaimudar.com.br\/index.php\/wp-json\/wp\/v2\/posts\/18728\/revisions\/18730"}],"wp:featuredmedia":[{"embeddable":true,"href":"https:\/\/sgvaimudar.com.br\/index.php\/wp-json\/wp\/v2\/media\/18729"}],"wp:attachment":[{"href":"https:\/\/sgvaimudar.com.br\/index.php\/wp-json\/wp\/v2\/media?parent=18728"}],"wp:term":[{"taxonomy":"category","embeddable":true,"href":"https:\/\/sgvaimudar.com.br\/index.php\/wp-json\/wp\/v2\/categories?post=18728"},{"taxonomy":"post_tag","embeddable":true,"href":"https:\/\/sgvaimudar.com.br\/index.php\/wp-json\/wp\/v2\/tags?post=18728"}],"curies":[{"name":"wp","href":"https:\/\/api.w.org\/{rel}","templated":true}]}}