{"id":18699,"date":"2025-01-16T13:00:00","date_gmt":"2025-01-16T16:00:00","guid":{"rendered":"https:\/\/sgvaimudar.com.br\/?p=18699"},"modified":"2025-01-16T11:00:26","modified_gmt":"2025-01-16T14:00:26","slug":"casa-das-arte-recebe-nova-exposicao","status":"publish","type":"post","link":"https:\/\/sgvaimudar.com.br\/index.php\/2025\/01\/16\/casa-das-arte-recebe-nova-exposicao\/","title":{"rendered":"Casa das Arte do Z\u00e9 Garoto recebe nova exposi\u00e7\u00e3o"},"content":{"rendered":"\n<p><em>Mostra destaca artistas e intelectuais negros<\/em><\/p>\n\n\n\n<p>A partir desta sexta-feira (17), a Casa das Artes Professor Helter Jer\u00f4nymo Luiz Barcellos abre suas portas para a exposi\u00e7\u00e3o \u201cArtistas e Intelectuais Negros &#8211; Narrando hist\u00f3rias para outros futuros poss\u00edveis\u201d, uma atra\u00e7\u00e3o que integra o calendario cultural da cidade e tem incentivo da Lei Paulo Gustavo. <\/p>\n\n\n\n<figure class=\"wp-block-image size-large\"><img fetchpriority=\"high\" decoding=\"async\" width=\"821\" height=\"1024\" src=\"https:\/\/sgvaimudar.com.br\/wp-content\/uploads\/2025\/01\/unnamed-3-9-821x1024.jpg\" alt=\"\" class=\"wp-image-18700\" srcset=\"https:\/\/sgvaimudar.com.br\/wp-content\/uploads\/2025\/01\/unnamed-3-9-821x1024.jpg 821w, https:\/\/sgvaimudar.com.br\/wp-content\/uploads\/2025\/01\/unnamed-3-9-240x300.jpg 240w, https:\/\/sgvaimudar.com.br\/wp-content\/uploads\/2025\/01\/unnamed-3-9-768x958.jpg 768w, https:\/\/sgvaimudar.com.br\/wp-content\/uploads\/2025\/01\/unnamed-3-9.jpg 1010w\" sizes=\"(max-width: 821px) 100vw, 821px\" \/><\/figure>\n\n\n\n<p>Com curadoria de Cleia Marcelino, a mostra ser\u00e1 uma importante oportunidade para o p\u00fablico conhecer a obra de quinze artistas, com destaque para os talentos gon\u00e7alenses.<\/p>\n\n\n\n<p>O evento \u00e9 resultado de uma pesquisa acad\u00eamica de Cleia Marcelino, que desenvolveu o projeto durante sua p\u00f3s-gradua\u00e7\u00e3o em Educa\u00e7\u00e3o e Novas Tecnologias no IFRJ-Niter\u00f3i. A exposi\u00e7\u00e3o tem como objetivo promover a visibilidade da produ\u00e7\u00e3o artistica e intelectual de artistas negros no Brasil, al\u00e9m de contribuir para a descoloniza\u00e7\u00e3o dos olhares e combater a hegemonia branca nas artes.&nbsp;<\/p>\n\n\n\n<p>A mostra ganha a chance de ser apreciada pelo p\u00fablico de S\u00e3o Gon\u00e7alo, com conte\u00fado exclusivo, destacando a mem\u00f3ria e as hist\u00f3rias de artistas negros e suas perspectivas sobre os futuros possiveis. \u201cArtistas e Intelectuais Negros &#8211; Narrando hist\u00f3rias para outros futuros poss\u00edveis\u201d fica em cartaz at\u00e9 15 de fevereiro.<\/p>\n\n\n\n<p>Durante o per\u00edodo de exposi\u00e7\u00e3o, ser\u00e3o realizadas atividades paralelas, como palestras e apresenta\u00e7\u00f5es culturais, ampliando o alcance do evento e incentivando o di\u00e1logo sobre a arte negra e suas m\u00faltiplas formas de express\u00e3o.<\/p>\n\n\n\n<p><strong>Servi\u00e7o:<\/strong><\/p>\n\n\n\n<p>Visita\u00e7\u00e3o: 17 de janeiro a 15 de fevereiro de 2025<\/p>\n\n\n\n<p>Local: Casa das Artes Prof. Helter Jer\u00f4nymo Luiz Barcellos \u2013 R. Cel. Moreira C\u00e9sar, S\/N &#8211; Z\u00e9 Garoto, S\u00e3o Gon\u00e7alo &#8211; RJ, 24724-690<\/p>\n\n\n\n<p>Hor\u00e1rio: Ter\u00e7a a s\u00e1bado das 10h \u00e0s 18h<\/p>\n\n\n\n<p>Classifica\u00e7\u00e3o: Livre.<\/p>\n\n\n\n<p>\ud835\udc7a\ud835\udc82\u0303\ud835\udc90 \ud835\udc6e\ud835\udc90\ud835\udc8f\ud835\udc84\u0327\ud835\udc82\ud835\udc8d\ud835\udc90 \ud835\udc97\ud835\udc82\ud835\udc8a \ud835\udc8e\ud835\udc96\ud835\udc85\ud835\udc82\ud835\udc93: \ud835\udc75\ud835\udc90\ud835\udc95\ud835\udc8a\u0301\ud835\udc84\ud835\udc8a\ud835\udc82\ud835\udc94 \ud835\udc85\ud835\udc86 \ud835\udc7a\ud835\udc82\u0303\ud835\udc90 \ud835\udc6e\ud835\udc90\ud835\udc8f\ud835\udc84\u0327\ud835\udc82\ud835\udc8d\ud835\udc90 \ud835\udc86 \ud835\udc95\ud835\udc90\ud835\udc85\ud835\udc82 \ud835\udc93\ud835\udc86\ud835\udc88\ud835\udc8a\ud835\udc82\u0303\ud835\udc90.<\/p>\n\n\n\n<figure class=\"wp-block-image size-large\"><img decoding=\"async\" width=\"1024\" height=\"357\" src=\"https:\/\/sgvaimudar.com.br\/wp-content\/uploads\/2023\/08\/Logo-Provisoria-2-1-1024x357.png\" alt=\"\" class=\"wp-image-2779\" srcset=\"https:\/\/sgvaimudar.com.br\/wp-content\/uploads\/2023\/08\/Logo-Provisoria-2-1-1024x357.png 1024w, https:\/\/sgvaimudar.com.br\/wp-content\/uploads\/2023\/08\/Logo-Provisoria-2-1-300x105.png 300w, https:\/\/sgvaimudar.com.br\/wp-content\/uploads\/2023\/08\/Logo-Provisoria-2-1-768x268.png 768w, https:\/\/sgvaimudar.com.br\/wp-content\/uploads\/2023\/08\/Logo-Provisoria-2-1.png 1470w\" sizes=\"(max-width: 1024px) 100vw, 1024px\" \/><\/figure>\n","protected":false},"excerpt":{"rendered":"<p>Mostra destaca artistas e intelectuais negros A partir desta sexta-feira (17), a Casa das Artes Professor Helter Jer\u00f4nymo Luiz Barcellos&hellip;<\/p>\n","protected":false},"author":5,"featured_media":18701,"comment_status":"open","ping_status":"open","sticky":false,"template":"","format":"standard","meta":{"fifu_image_url":"","fifu_image_alt":"","footnotes":""},"categories":[6],"tags":[],"class_list":["post-18699","post","type-post","status-publish","format-standard","has-post-thumbnail","hentry","category-entretenimento"],"_links":{"self":[{"href":"https:\/\/sgvaimudar.com.br\/index.php\/wp-json\/wp\/v2\/posts\/18699","targetHints":{"allow":["GET"]}}],"collection":[{"href":"https:\/\/sgvaimudar.com.br\/index.php\/wp-json\/wp\/v2\/posts"}],"about":[{"href":"https:\/\/sgvaimudar.com.br\/index.php\/wp-json\/wp\/v2\/types\/post"}],"author":[{"embeddable":true,"href":"https:\/\/sgvaimudar.com.br\/index.php\/wp-json\/wp\/v2\/users\/5"}],"replies":[{"embeddable":true,"href":"https:\/\/sgvaimudar.com.br\/index.php\/wp-json\/wp\/v2\/comments?post=18699"}],"version-history":[{"count":2,"href":"https:\/\/sgvaimudar.com.br\/index.php\/wp-json\/wp\/v2\/posts\/18699\/revisions"}],"predecessor-version":[{"id":18704,"href":"https:\/\/sgvaimudar.com.br\/index.php\/wp-json\/wp\/v2\/posts\/18699\/revisions\/18704"}],"wp:featuredmedia":[{"embeddable":true,"href":"https:\/\/sgvaimudar.com.br\/index.php\/wp-json\/wp\/v2\/media\/18701"}],"wp:attachment":[{"href":"https:\/\/sgvaimudar.com.br\/index.php\/wp-json\/wp\/v2\/media?parent=18699"}],"wp:term":[{"taxonomy":"category","embeddable":true,"href":"https:\/\/sgvaimudar.com.br\/index.php\/wp-json\/wp\/v2\/categories?post=18699"},{"taxonomy":"post_tag","embeddable":true,"href":"https:\/\/sgvaimudar.com.br\/index.php\/wp-json\/wp\/v2\/tags?post=18699"}],"curies":[{"name":"wp","href":"https:\/\/api.w.org\/{rel}","templated":true}]}}