{"id":18677,"date":"2025-01-16T09:19:30","date_gmt":"2025-01-16T12:19:30","guid":{"rendered":"https:\/\/sgvaimudar.com.br\/?p=18677"},"modified":"2025-01-16T09:19:30","modified_gmt":"2025-01-16T12:19:30","slug":"prefeitura-realiza-primeira-edicao-do-oportunidades-de-2025-2","status":"publish","type":"post","link":"https:\/\/sgvaimudar.com.br\/index.php\/2025\/01\/16\/prefeitura-realiza-primeira-edicao-do-oportunidades-de-2025-2\/","title":{"rendered":"Prefeitura realiza primeira edi\u00e7\u00e3o do Oportunidades de 2025"},"content":{"rendered":"\n<p><em>Nesta sexta-feira (17), mais de 100 vagas de emprego ser\u00e3o oferecidas<\/em><\/p>\n\n\n\n<p>A Secretaria de Desenvolvimento Econ\u00f4mico da Prefeitura de S\u00e3o Gon\u00e7alo, com a Subsecretaria de Trabalho, ir\u00e1 realizar, nesta sexta-feira (17), a primeira edi\u00e7\u00e3o do Programa Oportunidades do ano de 2025, disponibilizando mais de 100 vagas de emprego em diversas \u00e1reas para os gon\u00e7alenses. <\/p>\n\n\n\n<figure class=\"wp-block-image size-large\"><img fetchpriority=\"high\" decoding=\"async\" width=\"1024\" height=\"1024\" src=\"https:\/\/sgvaimudar.com.br\/wp-content\/uploads\/2025\/01\/unnamed-5-5-1024x1024.jpg\" alt=\"\" class=\"wp-image-18678\" srcset=\"https:\/\/sgvaimudar.com.br\/wp-content\/uploads\/2025\/01\/unnamed-5-5-1024x1024.jpg 1024w, https:\/\/sgvaimudar.com.br\/wp-content\/uploads\/2025\/01\/unnamed-5-5-300x300.jpg 300w, https:\/\/sgvaimudar.com.br\/wp-content\/uploads\/2025\/01\/unnamed-5-5-150x150.jpg 150w, https:\/\/sgvaimudar.com.br\/wp-content\/uploads\/2025\/01\/unnamed-5-5-768x768.jpg 768w, https:\/\/sgvaimudar.com.br\/wp-content\/uploads\/2025\/01\/unnamed-5-5.jpg 1080w\" sizes=\"(max-width: 1024px) 100vw, 1024px\" \/><\/figure>\n\n\n\n<p>O programa visa encaminhar gon\u00e7alenses para vagas de emprego e acontece atrav\u00e9s de uma parceria com o Sistema Nacional de Emprego (Sine). Esta edi\u00e7\u00e3o acontecer\u00e1 no P\u00e1tio Alc\u00e2ntara, das 10h \u00e0s 16h.<\/p>\n\n\n\n<p>O Oportunidades tem como objetivo facilitar o acesso da popula\u00e7\u00e3o aos servi\u00e7os da Casa do Empreendedor e do Sistema Nacional de Emprego (Sine). Durante a realiza\u00e7\u00e3o do programa ser\u00e3o feitos encaminhamentos de vagas de emprego, atrav\u00e9s de equipes do Sine, al\u00e9m de servi\u00e7os para quem \u00e9 Microempreendedor Individual (MEI), como: regulariza\u00e7\u00e3o de d\u00e9bitos, inscri\u00e7\u00e3o municipal e cadastros.<\/p>\n\n\n\n<p>Confira a lista das vagas que ser\u00e3o disponibilizadas a seguir:<\/p>\n\n\n\n<p>&#8211; 15 vagas para instalador e reparador de redes e cabos telef\u00f4nicos: para pessoas do sexo masculino, com experi\u00eancia comprovada na carteira, com ensino m\u00e9dio completo, idade entre 20 e 50 anos e habilita\u00e7\u00e3o na categoria B;<\/p>\n\n\n\n<p>&#8211; 12 vagas para atendente de lanchonete: aceita ser o primeiro emprego, para pessoas de ambos os sexos com idade entre 18 a 27 anos e ensino m\u00e9dio completo;<\/p>\n\n\n\n<p>&#8211; 10 vagas para pintor de obras: para pessoas do sexo masculino com idade entre 25 e 55 anos, com experi\u00eancia comprovada na carteira e fundamental incompleto;<\/p>\n\n\n\n<p>&#8211; 10 vagas para servente de pedreiro: para pessoas do sexo masculino, com experi\u00eancia comprovada na carteira, idade entre 22 e 55 anos e fundamental incompleto;<\/p>\n\n\n\n<p>&#8211; 9 vagas para operador de empilhadeira: para pessoas de ambos os sexos, para pessoas com um ano de experi\u00eancia, ensino m\u00e9dio completo e carteira de habilita\u00e7\u00e3o;<\/p>\n\n\n\n<p>&#8211; 8 vagas para fiscal de loja: com experi\u00eancia na \u00e1rea de vigil\u00e2ncia ou tendo servido o ex\u00e9rcito, para pessoas do sexo masculino, com ensino m\u00e9dio completo;<\/p>\n\n\n\n<p>&#8211; 7 vagas de fiscal de preven\u00e7\u00e3o: com experi\u00eancia comprovada na carteira, para pessoas do sexo masculino, com ensino m\u00e9dio completo;<\/p>\n\n\n\n<p>&#8211; 5 vagas para repositor de mercadorias: para pessoas do sexo masculino, com idade entre 20 e 40 anos, com experi\u00eancia comprovada na carteira e fundamental completo;<\/p>\n\n\n\n<p>&#8211; 5 vagas para a\u00e7ougueiro: com experi\u00eancia comprovada na \u00e1rea, para pessoas de ambos os sexos e fundamental completo;<\/p>\n\n\n\n<p>&#8211; 5 vagas para auxiliar de a\u00e7ougue: para pessoas de ambos os sexos, com experi\u00eancia na carteira e fundamental completo;<\/p>\n\n\n\n<p>&#8211; 5 vagas para auxiliar de padaria: com experi\u00eancia ou viv\u00eancia em padaria, para pessoas de ambos os sexos, com fundamental completo;<\/p>\n\n\n\n<p>&#8211; 5 vagas para repositor de FLV (Hortifruti) e repositor de perec\u00edveis: com disponibilidade para entrar em c\u00e2mara fria, para pessoas do sexo masculino e com ensino m\u00e9dio completo;<\/p>\n\n\n\n<p>&#8211; 5 vagas para conferente de log\u00edstica: para pessoas de ambos os sexos, com experi\u00eancia e com ensino m\u00e9dio completo;<\/p>\n\n\n\n<p>&#8211; 4 vagas para ajudante de cozinha: para pessoas do sexo feminino, com experi\u00eancia comprovada, idade entre 20 e 35 anos e fundamental completo.<\/p>\n\n\n\n<p><strong>Servi\u00e7o:<\/strong><\/p>\n\n\n\n<p>O Programa Oportunidades ser\u00e1 realizado no segundo piso do P\u00e1tio Alc\u00e2ntara, na Rua Carlos Gianelli, s\/n \u2013 Alcantara, nesta sexta-feira (17), das 10h \u00e0s 16h.<\/p>\n\n\n\n<p><strong><em><sup>#SGVAIMUDAR<\/sup><\/em><\/strong><\/p>\n\n\n\n<figure class=\"wp-block-image size-full\"><img decoding=\"async\" width=\"317\" height=\"110\" src=\"https:\/\/sgvaimudar.com.br\/wp-content\/uploads\/2023\/08\/cropped-Logo-Provisoria-2-2.png\" alt=\"\" class=\"wp-image-2782\" srcset=\"https:\/\/sgvaimudar.com.br\/wp-content\/uploads\/2023\/08\/cropped-Logo-Provisoria-2-2.png 317w, https:\/\/sgvaimudar.com.br\/wp-content\/uploads\/2023\/08\/cropped-Logo-Provisoria-2-2-300x104.png 300w\" sizes=\"(max-width: 317px) 100vw, 317px\" \/><\/figure>\n","protected":false},"excerpt":{"rendered":"<p>Nesta sexta-feira (17), mais de 100 vagas de emprego ser\u00e3o oferecidas A Secretaria de Desenvolvimento Econ\u00f4mico da Prefeitura de S\u00e3o&hellip;<\/p>\n","protected":false},"author":5,"featured_media":13285,"comment_status":"open","ping_status":"open","sticky":false,"template":"","format":"standard","meta":{"fifu_image_url":"","fifu_image_alt":"","footnotes":""},"categories":[3],"tags":[],"class_list":["post-18677","post","type-post","status-publish","format-standard","has-post-thumbnail","hentry","category-sao-goncalo"],"_links":{"self":[{"href":"https:\/\/sgvaimudar.com.br\/index.php\/wp-json\/wp\/v2\/posts\/18677","targetHints":{"allow":["GET"]}}],"collection":[{"href":"https:\/\/sgvaimudar.com.br\/index.php\/wp-json\/wp\/v2\/posts"}],"about":[{"href":"https:\/\/sgvaimudar.com.br\/index.php\/wp-json\/wp\/v2\/types\/post"}],"author":[{"embeddable":true,"href":"https:\/\/sgvaimudar.com.br\/index.php\/wp-json\/wp\/v2\/users\/5"}],"replies":[{"embeddable":true,"href":"https:\/\/sgvaimudar.com.br\/index.php\/wp-json\/wp\/v2\/comments?post=18677"}],"version-history":[{"count":1,"href":"https:\/\/sgvaimudar.com.br\/index.php\/wp-json\/wp\/v2\/posts\/18677\/revisions"}],"predecessor-version":[{"id":18679,"href":"https:\/\/sgvaimudar.com.br\/index.php\/wp-json\/wp\/v2\/posts\/18677\/revisions\/18679"}],"wp:featuredmedia":[{"embeddable":true,"href":"https:\/\/sgvaimudar.com.br\/index.php\/wp-json\/wp\/v2\/media\/13285"}],"wp:attachment":[{"href":"https:\/\/sgvaimudar.com.br\/index.php\/wp-json\/wp\/v2\/media?parent=18677"}],"wp:term":[{"taxonomy":"category","embeddable":true,"href":"https:\/\/sgvaimudar.com.br\/index.php\/wp-json\/wp\/v2\/categories?post=18677"},{"taxonomy":"post_tag","embeddable":true,"href":"https:\/\/sgvaimudar.com.br\/index.php\/wp-json\/wp\/v2\/tags?post=18677"}],"curies":[{"name":"wp","href":"https:\/\/api.w.org\/{rel}","templated":true}]}}