{"id":18662,"date":"2025-01-15T21:00:00","date_gmt":"2025-01-16T00:00:00","guid":{"rendered":"https:\/\/sgvaimudar.com.br\/?p=18662"},"modified":"2025-01-15T11:34:15","modified_gmt":"2025-01-15T14:34:15","slug":"prefeito-marcos-abrahao-decreta-estado-de-calamidade-administrativa-e-financeira-em-rio-bonito","status":"publish","type":"post","link":"https:\/\/sgvaimudar.com.br\/index.php\/2025\/01\/15\/prefeito-marcos-abrahao-decreta-estado-de-calamidade-administrativa-e-financeira-em-rio-bonito\/","title":{"rendered":"Prefeito Marcos Abrah\u00e3o decreta Estado de Calamidade Administrativa e Financeira em Rio Bonito"},"content":{"rendered":"\n<p>O prefeito Marcos Abrah\u00e3o decretou estado de calamidade administrativa e financeira em Rio Bonito pelos pr\u00f3ximos 120 dias. A decis\u00e3o foi tomada depois que a atual gest\u00e3o constatou um cen\u00e1rio alarmante nas contas p\u00fablicas. O decreto n\u00ba 006\/2025, publicado no Di\u00e1rio Oficial do Munic\u00edpio nesta segunda-feira (13), revela um cen\u00e1rio cr\u00edtico para o munic\u00edpio. <\/p>\n\n\n\n<p>Entre os problemas apontados pela administra\u00e7\u00e3o municipal, est\u00e3o a aus\u00eancia de recursos para cobrir compromissos b\u00e1sicos e o alto comprometimento do or\u00e7amento municipal com despesas de pessoal e a inadimpl\u00eancia com fornecedores de servi\u00e7os essenciais, como medicamentos.<\/p>\n\n\n\n<p>O decreto tamb\u00e9m destaca total aus\u00eancia no que se refere ao envio de dados relativos \u00e0 sa\u00fade p\u00fablica a equipe de transi\u00e7\u00e3o; aus\u00eancia de informa\u00e7\u00f5es relativas ao recebimento de receitas e as despesas contra\u00eddas pelo Fundo Municipal de Sa\u00fade (FMS), gerando uma total inseguran\u00e7a administrativa; aus\u00eancia de informa\u00e7\u00f5es relativas aos contratos administrativos entabulados pela secretaria de Sa\u00fade e seus fornecedores, podendo ocasionar a descontinuidade de servi\u00e7os p\u00fablicos essenciais \u00e0 popula\u00e7\u00e3o, como o desabastecimento de medicamentos na farm\u00e1cia municipal, assim como insumos para atendimento e abastecimento das unidades de sa\u00fade municipal, colapsando todo o sistema de sa\u00fade, al\u00e9m da situa\u00e7\u00e3o ca\u00f3tica encontrada no Hospital Regional Darci Vargas, entre outros.<\/p>\n\n\n\n<p>O texto ainda aponta que, ap\u00f3s o sequestro de verbas p\u00fablicas, o governo municipal tem encontrado dificuldades em honrar com compromissos, com tend\u00eancia de agravamento nos pr\u00f3ximos meses, afetando diretamente a presta\u00e7\u00e3o dos servi\u00e7os essenciais e no pagamento da folha salarial. Ainda conforme o Decreto, ser\u00e3o adotadas medidas administrativas para o contingenciamento de gastos at\u00e9 ser equacionada a situa\u00e7\u00e3o financeira municipal.<\/p>\n\n\n\n<p><strong>Auditoria nos Contratos\u00a0<\/strong>\u2013 Durante os quatro meses de calamidade administrativa e financeira, a prefeitura pretende regularizar os servi\u00e7os, equilibrar as contas e iniciar uma nova fase de desenvolvimento para a cidade. Para isso, criou uma Comiss\u00e3o de Auditoria, formada por membros das secretarias de Sa\u00fade, Fazenda, Controladoria Geral, Procuradoria Geral e Chefia de Gabinete, que realizar\u00e1 uma varredura em todos os processos da secretaria Sa\u00fade p\u00fablica, podendo o chefe do Poder Executivo determinar a instaura\u00e7\u00e3o de tomada de contas especial e comunicar aos \u00f3rg\u00e3os de controle qualquer irregularidades durante a \u00faltima gest\u00e3o.<\/p>\n\n\n\n<p><strong><em><sup>#sgvaimudar<\/sup><\/em><\/strong><\/p>\n\n\n\n<figure class=\"wp-block-image size-large\"><img fetchpriority=\"high\" decoding=\"async\" width=\"1024\" height=\"378\" src=\"https:\/\/sgvaimudar.com.br\/wp-content\/uploads\/2023\/08\/cropped-Logo-Provisoria-2-1-1024x378.png\" alt=\"\" class=\"wp-image-2780\" srcset=\"https:\/\/sgvaimudar.com.br\/wp-content\/uploads\/2023\/08\/cropped-Logo-Provisoria-2-1-1024x378.png 1024w, https:\/\/sgvaimudar.com.br\/wp-content\/uploads\/2023\/08\/cropped-Logo-Provisoria-2-1-300x111.png 300w, https:\/\/sgvaimudar.com.br\/wp-content\/uploads\/2023\/08\/cropped-Logo-Provisoria-2-1-768x284.png 768w, https:\/\/sgvaimudar.com.br\/wp-content\/uploads\/2023\/08\/cropped-Logo-Provisoria-2-1.png 1386w\" sizes=\"(max-width: 1024px) 100vw, 1024px\" \/><\/figure>\n","protected":false},"excerpt":{"rendered":"<p>O prefeito Marcos Abrah\u00e3o decretou estado de calamidade administrativa e financeira em Rio Bonito pelos pr\u00f3ximos 120 dias. A decis\u00e3o&hellip;<\/p>\n","protected":false},"author":5,"featured_media":18663,"comment_status":"open","ping_status":"open","sticky":false,"template":"","format":"standard","meta":{"fifu_image_url":"","fifu_image_alt":"","footnotes":""},"categories":[3],"tags":[],"class_list":["post-18662","post","type-post","status-publish","format-standard","has-post-thumbnail","hentry","category-sao-goncalo"],"_links":{"self":[{"href":"https:\/\/sgvaimudar.com.br\/index.php\/wp-json\/wp\/v2\/posts\/18662","targetHints":{"allow":["GET"]}}],"collection":[{"href":"https:\/\/sgvaimudar.com.br\/index.php\/wp-json\/wp\/v2\/posts"}],"about":[{"href":"https:\/\/sgvaimudar.com.br\/index.php\/wp-json\/wp\/v2\/types\/post"}],"author":[{"embeddable":true,"href":"https:\/\/sgvaimudar.com.br\/index.php\/wp-json\/wp\/v2\/users\/5"}],"replies":[{"embeddable":true,"href":"https:\/\/sgvaimudar.com.br\/index.php\/wp-json\/wp\/v2\/comments?post=18662"}],"version-history":[{"count":1,"href":"https:\/\/sgvaimudar.com.br\/index.php\/wp-json\/wp\/v2\/posts\/18662\/revisions"}],"predecessor-version":[{"id":18664,"href":"https:\/\/sgvaimudar.com.br\/index.php\/wp-json\/wp\/v2\/posts\/18662\/revisions\/18664"}],"wp:featuredmedia":[{"embeddable":true,"href":"https:\/\/sgvaimudar.com.br\/index.php\/wp-json\/wp\/v2\/media\/18663"}],"wp:attachment":[{"href":"https:\/\/sgvaimudar.com.br\/index.php\/wp-json\/wp\/v2\/media?parent=18662"}],"wp:term":[{"taxonomy":"category","embeddable":true,"href":"https:\/\/sgvaimudar.com.br\/index.php\/wp-json\/wp\/v2\/categories?post=18662"},{"taxonomy":"post_tag","embeddable":true,"href":"https:\/\/sgvaimudar.com.br\/index.php\/wp-json\/wp\/v2\/tags?post=18662"}],"curies":[{"name":"wp","href":"https:\/\/api.w.org\/{rel}","templated":true}]}}