{"id":18629,"date":"2025-01-15T11:01:00","date_gmt":"2025-01-15T14:01:00","guid":{"rendered":"https:\/\/sgvaimudar.com.br\/?p=18629"},"modified":"2025-01-15T09:30:52","modified_gmt":"2025-01-15T12:30:52","slug":"moradores-do-bairro-trindade-comecam-a-ganhar-calcadas-e-ciclovia","status":"publish","type":"post","link":"https:\/\/sgvaimudar.com.br\/index.php\/2025\/01\/15\/moradores-do-bairro-trindade-comecam-a-ganhar-calcadas-e-ciclovia\/","title":{"rendered":"Moradores do bairro Trindade come\u00e7am a ganhar cal\u00e7adas e ciclovia"},"content":{"rendered":"\n<p><em>Trechos 4 e 5 do MUVI est\u00e3o em obras<\/em><\/p>\n\n\n\n<p>As cal\u00e7adas e um trecho da ciclovia come\u00e7aram a ser feitos em uma parte do trecho 4 do projeto Mobilidade Urbana Verde Integrada (Muvi), na Avenida Presidente Kennedy, pr\u00f3ximo ao 7\u00b0 Batalh\u00e3o da Pol\u00edcia Militar, na Trindade. <\/p>\n\n\n\n<figure class=\"wp-block-image size-full\"><img fetchpriority=\"high\" decoding=\"async\" width=\"1024\" height=\"683\" src=\"https:\/\/sgvaimudar.com.br\/wp-content\/uploads\/2025\/01\/unnamed-1-9.jpg\" alt=\"\" class=\"wp-image-18630\" srcset=\"https:\/\/sgvaimudar.com.br\/wp-content\/uploads\/2025\/01\/unnamed-1-9.jpg 1024w, https:\/\/sgvaimudar.com.br\/wp-content\/uploads\/2025\/01\/unnamed-1-9-300x200.jpg 300w, https:\/\/sgvaimudar.com.br\/wp-content\/uploads\/2025\/01\/unnamed-1-9-768x512.jpg 768w\" sizes=\"(max-width: 1024px) 100vw, 1024px\" \/><\/figure>\n\n\n\n<p>Nesta ter\u00e7a-feira (14), equipes atuam tanto no trecho 4 quanto no trecho 5; este \u00faltimo est\u00e1 recebendo obras de drenagem, al\u00e9m da instala\u00e7\u00e3o de estacas para uma ponte para ve\u00edculos no Rio Alc\u00e2ntara.<\/p>\n\n\n\n<p>Al\u00e9m disso, equipes da Gest\u00e3o de Impacto Social, do programa Obra Cidad\u00e3, est\u00e3o atuando no trecho 4 tirando as d\u00favidas da popula\u00e7\u00e3o sobre as obras e ouvindo sugest\u00f5es.<\/p>\n\n\n\n<p>O projeto do MUVI est\u00e1 sendo executado gra\u00e7as a uma parceria entre o Governo do Estado do Rio de Janeiro, atrav\u00e9s da Secretaria das Cidades, e a Prefeitura de S\u00e3o Gon\u00e7alo. Trata-se do maior projeto de mobilidade urbana j\u00e1 realizado na cidade de S\u00e3o Gon\u00e7alo, com investimento de R$ 287 milh\u00f5es.<\/p>\n\n\n\n<p>O prefeito Capit\u00e3o Nelson destacou a import\u00e2ncia do projeto.<\/p>\n\n\n\n<p>&#8220;O MUVI est\u00e1 transformando S\u00e3o Gon\u00e7alo. Podemos ver como as obras j\u00e1 est\u00e3o dando resultado em bairros como Vila Lage e Camar\u00e3o, por exemplo. Agrade\u00e7o ao governador Cl\u00e1udio Castro por essa ajuda e ao secret\u00e1rio das Cidades, Douglas Ruas. Estamos dando mais qualidade de vida para o gon\u00e7alense&#8221;, disse.<\/p>\n\n\n\n<p>O secret\u00e1rio de Estado das Cidades, Douglas Ruas, tamb\u00e9m refor\u00e7ou a import\u00e2ncia do projeto para S\u00e3o Gon\u00e7alo.<\/p>\n\n\n\n<p>&#8220;Estamos transformando a cidade com o projeto do MUVI, al\u00e9m de acolhendo e orientando a popula\u00e7\u00e3o com o programa Obra Cidad\u00e3. Seguimos por uma S\u00e3o Gon\u00e7alo cada vez melhor&#8221;, disse.<\/p>\n\n\n\n<p>O projeto foi elaborado pela Secretaria Municipal de Gest\u00e3o Integrada e Projetos Especiais (Semgipe) e prev\u00ea a cria\u00e7\u00e3o de um novo corredor vi\u00e1rio, com pistas preferenciais de \u00f4nibus e ciclovia, ligando o bairro de Neves a Guaxindiba, trecho onde s\u00e3o previstas v\u00e1rias interven\u00e7\u00f5es urban\u00edsticas e de paisagismo. O corredor vi\u00e1rio ter\u00e1 18 quil\u00f4metros de extens\u00e3o.<\/p>\n\n\n\n<p><em>Fotos: Fabio Guimar\u00e3es<\/em><\/p>\n\n\n\n<p><strong><em><sup>#SGVAIMUDAR<\/sup><\/em><\/strong><\/p>\n\n\n\n<figure class=\"wp-block-image size-large\"><img decoding=\"async\" width=\"1024\" height=\"357\" src=\"https:\/\/sgvaimudar.com.br\/wp-content\/uploads\/2023\/08\/Logo-Provisoria-2-1-1024x357.png\" alt=\"\" class=\"wp-image-2779\" srcset=\"https:\/\/sgvaimudar.com.br\/wp-content\/uploads\/2023\/08\/Logo-Provisoria-2-1-1024x357.png 1024w, https:\/\/sgvaimudar.com.br\/wp-content\/uploads\/2023\/08\/Logo-Provisoria-2-1-300x105.png 300w, https:\/\/sgvaimudar.com.br\/wp-content\/uploads\/2023\/08\/Logo-Provisoria-2-1-768x268.png 768w, https:\/\/sgvaimudar.com.br\/wp-content\/uploads\/2023\/08\/Logo-Provisoria-2-1.png 1470w\" sizes=\"(max-width: 1024px) 100vw, 1024px\" \/><\/figure>\n","protected":false},"excerpt":{"rendered":"<p>Trechos 4 e 5 do MUVI est\u00e3o em obras As cal\u00e7adas e um trecho da ciclovia come\u00e7aram a ser feitos&hellip;<\/p>\n","protected":false},"author":5,"featured_media":18631,"comment_status":"open","ping_status":"open","sticky":false,"template":"","format":"standard","meta":{"fifu_image_url":"","fifu_image_alt":"","footnotes":""},"categories":[3],"tags":[],"class_list":["post-18629","post","type-post","status-publish","format-standard","has-post-thumbnail","hentry","category-sao-goncalo"],"_links":{"self":[{"href":"https:\/\/sgvaimudar.com.br\/index.php\/wp-json\/wp\/v2\/posts\/18629","targetHints":{"allow":["GET"]}}],"collection":[{"href":"https:\/\/sgvaimudar.com.br\/index.php\/wp-json\/wp\/v2\/posts"}],"about":[{"href":"https:\/\/sgvaimudar.com.br\/index.php\/wp-json\/wp\/v2\/types\/post"}],"author":[{"embeddable":true,"href":"https:\/\/sgvaimudar.com.br\/index.php\/wp-json\/wp\/v2\/users\/5"}],"replies":[{"embeddable":true,"href":"https:\/\/sgvaimudar.com.br\/index.php\/wp-json\/wp\/v2\/comments?post=18629"}],"version-history":[{"count":1,"href":"https:\/\/sgvaimudar.com.br\/index.php\/wp-json\/wp\/v2\/posts\/18629\/revisions"}],"predecessor-version":[{"id":18632,"href":"https:\/\/sgvaimudar.com.br\/index.php\/wp-json\/wp\/v2\/posts\/18629\/revisions\/18632"}],"wp:featuredmedia":[{"embeddable":true,"href":"https:\/\/sgvaimudar.com.br\/index.php\/wp-json\/wp\/v2\/media\/18631"}],"wp:attachment":[{"href":"https:\/\/sgvaimudar.com.br\/index.php\/wp-json\/wp\/v2\/media?parent=18629"}],"wp:term":[{"taxonomy":"category","embeddable":true,"href":"https:\/\/sgvaimudar.com.br\/index.php\/wp-json\/wp\/v2\/categories?post=18629"},{"taxonomy":"post_tag","embeddable":true,"href":"https:\/\/sgvaimudar.com.br\/index.php\/wp-json\/wp\/v2\/tags?post=18629"}],"curies":[{"name":"wp","href":"https:\/\/api.w.org\/{rel}","templated":true}]}}