{"id":18581,"date":"2025-01-14T11:00:00","date_gmt":"2025-01-14T14:00:00","guid":{"rendered":"https:\/\/sgvaimudar.com.br\/?p=18581"},"modified":"2025-01-14T10:24:54","modified_gmt":"2025-01-14T13:24:54","slug":"defesa-civil-realiza-aula-inaugural-do-primeiro-curso-de-voluntarios-de-2025","status":"publish","type":"post","link":"https:\/\/sgvaimudar.com.br\/index.php\/2025\/01\/14\/defesa-civil-realiza-aula-inaugural-do-primeiro-curso-de-voluntarios-de-2025\/","title":{"rendered":"Defesa Civil realiza aula inaugural do primeiro Curso de Volunt\u00e1rios de 2025"},"content":{"rendered":"\n<p><em>Ao todo, 29 alunos est\u00e3o participando. Novas turmas ser\u00e3o abertas durante o ano<\/em><\/p>\n\n\n\n<p>\u00c0s aulas da primeira turma do Curso de Volunt\u00e1rios da Defesa Civil de 2025, que conta com 29 alunos, teve in\u00edcio, nesta segunda-feira (13). A aula inaugural foi realizada pelo Major Felipe Assump\u00e7\u00e3o, por volta das 10h, na Uniasselvi, no Partage Shopping, no Centro de S\u00e3o Gon\u00e7alo. <\/p>\n\n\n\n<figure class=\"wp-block-image size-large\"><img fetchpriority=\"high\" decoding=\"async\" width=\"1024\" height=\"684\" src=\"https:\/\/sgvaimudar.com.br\/wp-content\/uploads\/2025\/01\/unnamed-3-7-1024x684.jpg\" alt=\"\" class=\"wp-image-18582\" srcset=\"https:\/\/sgvaimudar.com.br\/wp-content\/uploads\/2025\/01\/unnamed-3-7-1024x684.jpg 1024w, https:\/\/sgvaimudar.com.br\/wp-content\/uploads\/2025\/01\/unnamed-3-7-300x200.jpg 300w, https:\/\/sgvaimudar.com.br\/wp-content\/uploads\/2025\/01\/unnamed-3-7-768x513.jpg 768w, https:\/\/sgvaimudar.com.br\/wp-content\/uploads\/2025\/01\/unnamed-3-7-1536x1027.jpg 1536w, https:\/\/sgvaimudar.com.br\/wp-content\/uploads\/2025\/01\/unnamed-3-7.jpg 1616w\" sizes=\"(max-width: 1024px) 100vw, 1024px\" \/><\/figure>\n\n\n\n<p>Durante o ano, novas turmas ser\u00e3o abertas, dando oportunidade para novos volunt\u00e1rios gon\u00e7alenses entenderem mais sobre o trabalho da Defesa Civil.<\/p>\n\n\n\n<p>O curso busca ensinar sobre o trabalho da Defesa Civil no munic\u00edpio e vai acontecer durante toda esta semana, at\u00e9 sexta-feira (17), com uma aula pr\u00e1tica onde os alunos colocar\u00e3o em a\u00e7\u00e3o tudo o que aprenderam durante o curso.<\/p>\n\n\n\n<p>Ao todo, o curso ser\u00e1 composto por cinco m\u00f3dulos, que debater\u00e3o temas como no\u00e7\u00f5es b\u00e1sicas de Defesa Civil e voluntariado, comunica\u00e7\u00e3o de emerg\u00eancia, abrigos tempor\u00e1rios, produtos perigosos, combate a princ\u00edpios de inc\u00eandio, atendimento pr\u00e9-hospitalar e a import\u00e2ncia da higieniza\u00e7\u00e3o das resid\u00eancias ap\u00f3s chuvas, geologia, meteorologia, dentre outros. As aulas, te\u00f3ricas e pr\u00e1ticas, ser\u00e3o ministradas por agentes do pr\u00f3prio \u00f3rg\u00e3o municipal e secretarias que fornecem apoio.<\/p>\n\n\n\n<p>Para o major Felipe Assump\u00e7\u00e3o,&nbsp;\u00e9 muito&nbsp;importante proporcionar esse tipo de aprendizado no munic\u00edpio.&nbsp;<\/p>\n\n\n\n<p>&#8220;O curso de volunt\u00e1rios da Defesa Civil \u00e9 importante para o munic\u00edpio. Quando essas pessoas participam do curso, elas est\u00e3o dispostas a aprender e v\u00e3o nos acionar imediatamente em caso de desastres naturais para que possamos criar estrat\u00e9gias e atuar mais rapidamente no munic\u00edpio&#8221;, disse.<\/p>\n\n\n\n<p>Um dos alunos desta nova turma \u00e9 o aposentado Brasil Rodrigues de Souza, de 75 anos, morador de Ita\u00fana. Ele soube do curso atrav\u00e9s de uma amiga que j\u00e1 completou as aulas.&nbsp;<\/p>\n\n\n\n<p>&#8220;Eu j\u00e1 realizei cursos parecidos, como de p\u00e2nico e inc\u00eandio, por causa da \u00e1rea de usina que eu trabalhava. Agora, que estou aposentado, resolvi aprimorar meus ensinamentos, o que nunca \u00e9 demais, n\u00e9? Por isso, estou aqui hoje&#8221;, afirmou.<\/p>\n\n\n\n<p>Os volunt\u00e1rios formados pelo curso ganham um certificado e podem atuar nas comunidades do munic\u00edpio em situa\u00e7\u00f5es de desastres naturais, como chuvas intensas e risco de deslizamentos, dando apoio em abrigos, organizando mantimentos nesses locais, catalogando pessoas que precisarem de ajuda, dentre outras a\u00e7\u00f5es. No entanto, vale destacar que os volunt\u00e1rios n\u00e3o possuem a capacita\u00e7\u00e3o para salvar e resgatar pessoas como se fossem bombeiros ou agentes da Defesa Civil.<\/p>\n\n\n\n<p>Em 2024, foram formadas quatro turmas de volunt\u00e1rios, totalizando 90 alunos que aprenderam sobre a atua\u00e7\u00e3o da Defesa Civil no munic\u00edpio, podendo atuar em situa\u00e7\u00f5es de desastres.<\/p>\n\n\n\n<p>Foto: Renan Otto<\/p>\n\n\n\n<p><strong><em><sup>#SGVAIMUDAR<\/sup><\/em><\/strong><\/p>\n\n\n\n<figure class=\"wp-block-image size-large\"><img decoding=\"async\" width=\"1024\" height=\"321\" src=\"https:\/\/sgvaimudar.com.br\/wp-content\/uploads\/2023\/08\/Logo-Provisoria-2-1024x321.png\" alt=\"\" class=\"wp-image-2777\" srcset=\"https:\/\/sgvaimudar.com.br\/wp-content\/uploads\/2023\/08\/Logo-Provisoria-2-1024x321.png 1024w, https:\/\/sgvaimudar.com.br\/wp-content\/uploads\/2023\/08\/Logo-Provisoria-2-300x94.png 300w, https:\/\/sgvaimudar.com.br\/wp-content\/uploads\/2023\/08\/Logo-Provisoria-2-768x241.png 768w, https:\/\/sgvaimudar.com.br\/wp-content\/uploads\/2023\/08\/Logo-Provisoria-2-1536x482.png 1536w, https:\/\/sgvaimudar.com.br\/wp-content\/uploads\/2023\/08\/Logo-Provisoria-2-2048x642.png 2048w\" sizes=\"(max-width: 1024px) 100vw, 1024px\" \/><\/figure>\n","protected":false},"excerpt":{"rendered":"<p>Ao todo, 29 alunos est\u00e3o participando. Novas turmas ser\u00e3o abertas durante o ano \u00c0s aulas da primeira turma do Curso&hellip;<\/p>\n","protected":false},"author":5,"featured_media":18583,"comment_status":"open","ping_status":"open","sticky":false,"template":"","format":"standard","meta":{"fifu_image_url":"","fifu_image_alt":"","footnotes":""},"categories":[3],"tags":[],"class_list":["post-18581","post","type-post","status-publish","format-standard","has-post-thumbnail","hentry","category-sao-goncalo"],"_links":{"self":[{"href":"https:\/\/sgvaimudar.com.br\/index.php\/wp-json\/wp\/v2\/posts\/18581","targetHints":{"allow":["GET"]}}],"collection":[{"href":"https:\/\/sgvaimudar.com.br\/index.php\/wp-json\/wp\/v2\/posts"}],"about":[{"href":"https:\/\/sgvaimudar.com.br\/index.php\/wp-json\/wp\/v2\/types\/post"}],"author":[{"embeddable":true,"href":"https:\/\/sgvaimudar.com.br\/index.php\/wp-json\/wp\/v2\/users\/5"}],"replies":[{"embeddable":true,"href":"https:\/\/sgvaimudar.com.br\/index.php\/wp-json\/wp\/v2\/comments?post=18581"}],"version-history":[{"count":1,"href":"https:\/\/sgvaimudar.com.br\/index.php\/wp-json\/wp\/v2\/posts\/18581\/revisions"}],"predecessor-version":[{"id":18584,"href":"https:\/\/sgvaimudar.com.br\/index.php\/wp-json\/wp\/v2\/posts\/18581\/revisions\/18584"}],"wp:featuredmedia":[{"embeddable":true,"href":"https:\/\/sgvaimudar.com.br\/index.php\/wp-json\/wp\/v2\/media\/18583"}],"wp:attachment":[{"href":"https:\/\/sgvaimudar.com.br\/index.php\/wp-json\/wp\/v2\/media?parent=18581"}],"wp:term":[{"taxonomy":"category","embeddable":true,"href":"https:\/\/sgvaimudar.com.br\/index.php\/wp-json\/wp\/v2\/categories?post=18581"},{"taxonomy":"post_tag","embeddable":true,"href":"https:\/\/sgvaimudar.com.br\/index.php\/wp-json\/wp\/v2\/tags?post=18581"}],"curies":[{"name":"wp","href":"https:\/\/api.w.org\/{rel}","templated":true}]}}