{"id":18552,"date":"2025-01-13T19:00:00","date_gmt":"2025-01-13T22:00:00","guid":{"rendered":"https:\/\/sgvaimudar.com.br\/?p=18552"},"modified":"2025-01-13T09:57:47","modified_gmt":"2025-01-13T12:57:47","slug":"vasco-oficializa-a-chegada-do-zagueiro-lucas-oliveira","status":"publish","type":"post","link":"https:\/\/sgvaimudar.com.br\/index.php\/2025\/01\/13\/vasco-oficializa-a-chegada-do-zagueiro-lucas-oliveira\/","title":{"rendered":"Vasco oficializa a chegada do zagueiro Lucas Oliveira"},"content":{"rendered":"\n<p><em>Lucas Oliveira foi anunciado como refor\u00e7o do Vasco<\/em><\/p>\n\n\n\n<p>O Vasco anunciou a contrata\u00e7\u00e3o de mais um refor\u00e7o para a temporada. O zagueiro\u00a0Lucas Oliveira, de 28 anos, foi oficializado pelo clube na tarde desta quarta-feira. Ele assinou contrato com o Cruz-Maltino at\u00e9 o fim de 2026.<\/p>\n\n\n\n<p>Nascido no Rio,\u00a0Lucas Freitas come\u00e7ou no Bangu e depois defendeu o Atl\u00e9tico-GO em 2022. Posteriormente, ele chegou ao Cruzeiro e foi um dos destaques da equipe na campanha do t\u00edtulo da S\u00e9rie B. Na temporada seguinte, foi vendido ao Valladolid, da Espanha. Foi emprestado ao Kyoto Sanga, do Jap\u00e3o.<\/p>\n\n\n\n<p>O defensor pertencia ao Cruzeiro e estava emprestado ao Kyoto Sanga, do Jap\u00e3o. O clube mineiro manter\u00e1 30% dos direitos econ\u00f4micos do zagueiro, que chega sem custos a S\u00e3o Janu\u00e1rio.<\/p>\n\n\n\n<p>Lucas Freitas \u00e9 o terceiro refor\u00e7o oficializado pelo Vasco. Antes dele, o Cruz-Maltino anunciou a contrata\u00e7\u00e3o do volante Tch\u00ea Tch\u00ea e do goleiro Daniel Fuzato. O clube carioca tem acordo com mais dois defensores: Mauricio Lemos, ex-Atl\u00e9tico-MG, e\u00a0Lucas Freitas, ex-Juventude.<\/p>\n\n\n\n<p><strong><em>#sgvaimudar<\/em><\/strong><\/p>\n\n\n\n<figure class=\"wp-block-image size-large\"><img fetchpriority=\"high\" decoding=\"async\" width=\"1024\" height=\"357\" src=\"https:\/\/sgvaimudar.com.br\/wp-content\/uploads\/2023\/08\/Logo-Provisoria-2-1-1024x357.png\" alt=\"\" class=\"wp-image-2779\" srcset=\"https:\/\/sgvaimudar.com.br\/wp-content\/uploads\/2023\/08\/Logo-Provisoria-2-1-1024x357.png 1024w, https:\/\/sgvaimudar.com.br\/wp-content\/uploads\/2023\/08\/Logo-Provisoria-2-1-300x105.png 300w, https:\/\/sgvaimudar.com.br\/wp-content\/uploads\/2023\/08\/Logo-Provisoria-2-1-768x268.png 768w, https:\/\/sgvaimudar.com.br\/wp-content\/uploads\/2023\/08\/Logo-Provisoria-2-1.png 1470w\" sizes=\"(max-width: 1024px) 100vw, 1024px\" \/><\/figure>\n","protected":false},"excerpt":{"rendered":"<p>Lucas Oliveira foi anunciado como refor\u00e7o do Vasco O Vasco anunciou a contrata\u00e7\u00e3o de mais um refor\u00e7o para a temporada.&hellip;<\/p>\n","protected":false},"author":5,"featured_media":18553,"comment_status":"open","ping_status":"open","sticky":false,"template":"","format":"standard","meta":{"fifu_image_url":"","fifu_image_alt":"","footnotes":""},"categories":[5],"tags":[],"class_list":["post-18552","post","type-post","status-publish","format-standard","has-post-thumbnail","hentry","category-esportes"],"_links":{"self":[{"href":"https:\/\/sgvaimudar.com.br\/index.php\/wp-json\/wp\/v2\/posts\/18552","targetHints":{"allow":["GET"]}}],"collection":[{"href":"https:\/\/sgvaimudar.com.br\/index.php\/wp-json\/wp\/v2\/posts"}],"about":[{"href":"https:\/\/sgvaimudar.com.br\/index.php\/wp-json\/wp\/v2\/types\/post"}],"author":[{"embeddable":true,"href":"https:\/\/sgvaimudar.com.br\/index.php\/wp-json\/wp\/v2\/users\/5"}],"replies":[{"embeddable":true,"href":"https:\/\/sgvaimudar.com.br\/index.php\/wp-json\/wp\/v2\/comments?post=18552"}],"version-history":[{"count":1,"href":"https:\/\/sgvaimudar.com.br\/index.php\/wp-json\/wp\/v2\/posts\/18552\/revisions"}],"predecessor-version":[{"id":18554,"href":"https:\/\/sgvaimudar.com.br\/index.php\/wp-json\/wp\/v2\/posts\/18552\/revisions\/18554"}],"wp:featuredmedia":[{"embeddable":true,"href":"https:\/\/sgvaimudar.com.br\/index.php\/wp-json\/wp\/v2\/media\/18553"}],"wp:attachment":[{"href":"https:\/\/sgvaimudar.com.br\/index.php\/wp-json\/wp\/v2\/media?parent=18552"}],"wp:term":[{"taxonomy":"category","embeddable":true,"href":"https:\/\/sgvaimudar.com.br\/index.php\/wp-json\/wp\/v2\/categories?post=18552"},{"taxonomy":"post_tag","embeddable":true,"href":"https:\/\/sgvaimudar.com.br\/index.php\/wp-json\/wp\/v2\/tags?post=18552"}],"curies":[{"name":"wp","href":"https:\/\/api.w.org\/{rel}","templated":true}]}}