{"id":18480,"date":"2025-01-11T13:00:00","date_gmt":"2025-01-11T16:00:00","guid":{"rendered":"https:\/\/sgvaimudar.com.br\/?p=18480"},"modified":"2025-01-11T08:50:24","modified_gmt":"2025-01-11T11:50:24","slug":"em-dois-dias-mutirao-da-catarata-devolve-visao-e-qualidade-de-vida-para-mais-de-100-pessoas-em-itaborai","status":"publish","type":"post","link":"https:\/\/sgvaimudar.com.br\/index.php\/2025\/01\/11\/em-dois-dias-mutirao-da-catarata-devolve-visao-e-qualidade-de-vida-para-mais-de-100-pessoas-em-itaborai\/","title":{"rendered":"Em dois dias Mutir\u00e3o da Catarata devolve vis\u00e3o e qualidade de vida para mais de 100 pessoas em Itabora\u00ed"},"content":{"rendered":"\n<p>A a\u00e7\u00e3o foi promovida pela Prefeitura de Itabora\u00ed por meio da Secretaria Municipal de Sa\u00fade (Semsa) <\/p>\n\n\n\n<p>Nos dois primeiros dias de cirurgias do Mutir\u00e3o da Catarata, mais de 100 procedimentos foram realizados no Hospital Municipal Desembargador Leal J\u00fanior (HMDLJ), em Nancil\u00e2ndia. O trabalho busca zerar a fila para essa especialidade cir\u00fargica, devolvendo a vis\u00e3o e a qualidade de vida \u00e0 popula\u00e7\u00e3o que necessita do atendimento. \u00c9 importante informar que o mutir\u00e3o continuar\u00e1 nos dias \u00a011, 12, 18 e 19 de janeiro, no HMDLJ e tem como objetivo atender 520 pessoas.<\/p>\n\n\n\n<figure class=\"wp-block-image size-large\"><img fetchpriority=\"high\" decoding=\"async\" width=\"1024\" height=\"575\" src=\"https:\/\/sgvaimudar.com.br\/wp-content\/uploads\/2025\/01\/Em-dois-dias-Mutirao-da-Catarata-devolve-visao-e-qualidade-de-vida-para-mais-de-100-pessoas-em-Itaborai-1024x575.jpeg\" alt=\"\" class=\"wp-image-18481\" srcset=\"https:\/\/sgvaimudar.com.br\/wp-content\/uploads\/2025\/01\/Em-dois-dias-Mutirao-da-Catarata-devolve-visao-e-qualidade-de-vida-para-mais-de-100-pessoas-em-Itaborai-1024x575.jpeg 1024w, https:\/\/sgvaimudar.com.br\/wp-content\/uploads\/2025\/01\/Em-dois-dias-Mutirao-da-Catarata-devolve-visao-e-qualidade-de-vida-para-mais-de-100-pessoas-em-Itaborai-300x169.jpeg 300w, https:\/\/sgvaimudar.com.br\/wp-content\/uploads\/2025\/01\/Em-dois-dias-Mutirao-da-Catarata-devolve-visao-e-qualidade-de-vida-para-mais-de-100-pessoas-em-Itaborai-768x432.jpeg 768w, https:\/\/sgvaimudar.com.br\/wp-content\/uploads\/2025\/01\/Em-dois-dias-Mutirao-da-Catarata-devolve-visao-e-qualidade-de-vida-para-mais-de-100-pessoas-em-Itaborai-1536x863.jpeg 1536w, https:\/\/sgvaimudar.com.br\/wp-content\/uploads\/2025\/01\/Em-dois-dias-Mutirao-da-Catarata-devolve-visao-e-qualidade-de-vida-para-mais-de-100-pessoas-em-Itaborai.jpeg 1600w\" sizes=\"(max-width: 1024px) 100vw, 1024px\" \/><\/figure>\n\n\n\n<p>O secret\u00e1rio municipal de Sa\u00fade, H\u00e9dio Mataruna, destacou a import\u00e2ncia do mutir\u00e3o e o empenho de toda a equipe para zerar a fila de cirurgia.<\/p>\n\n\n\n<p>&#8220;A gente est\u00e1 muito feliz por estar zerando a fila de cirurgia de catarata. Essa \u00e9 a primeira fila que vamos zerar. Ser\u00e3o 520 pessoas operadas e, em dois meses, mais 300 pessoas ser\u00e3o beneficiadas. Vamos avan\u00e7ar para outras cirurgias, como ves\u00edcula, h\u00e9rnia e mioma, porque sabemos que muita gente est\u00e1 esperando e precisa desses procedimentos&#8221;, afirmou Mataruna. <\/p>\n\n\n\n<p>Na ocasi\u00e3o, ele elogiou a todos os envolvidos. &#8220;Parab\u00e9ns \u00e0 equipe do Leal J\u00fanior e, especialmente, ao prefeito Marcelo Delaroli, que est\u00e1 transformando a sa\u00fade de Itabora\u00ed, junto com o deputado estadual Guilherme Delaroli; o deputado Federal Altineu C\u00f4rtes e o nosso vice-prefeito, Elber Correa&#8221;, disse o secret\u00e1rio.<\/p>\n\n\n\n<p>O Mutir\u00e3o da Catarata foi iniciado em dezembro de 2024 com consultas e exames pr\u00e9-operat\u00f3rios realizados no Centro de Especialidades de Sa\u00fade de Itabora\u00ed (CESI), em Quissam\u00e3. A fase das cirurgias come\u00e7ou na \u00faltima quinta-feira (09\/01), com 57 procedimentos realizados no primeiro dia e mais 59 no segundo dia (10\/01).<\/p>\n\n\n\n<p>Os pacientes contam com transporte na entrada da unidade para facilitar o acesso ao hospital e foram recepcionados pelo vice-prefeito, Elber Corr\u00eaa, e pelo secret\u00e1rio de Sa\u00fade, H\u00e9dio Mataruna. O vice-prefeito celebrou o impacto positivo da a\u00e7\u00e3o.<\/p>\n\n\n\n<p>&#8220;Estou muito feliz em ver nosso pessoal entrando com dificuldade para enxergar e saindo operado, enxergando novamente. Parab\u00e9ns ao secret\u00e1rio de Sa\u00fade e ao prefeito Marcelo Delaroli por essa atitude que transforma vidas&#8221;, expressou o vice-prefeito.<\/p>\n\n\n\n<p>Ap\u00f3s a cirurgia, cada paciente ter\u00e1 tr\u00eas consultas de acompanhamento, sendo a primeira nos dias 11 e 12 de janeiro, no Centro de Especialidades de Sa\u00fade de Itabora\u00ed (CESI), para os operados nos dias 09 a 12. Haver\u00e1 ainda, a 2\u00aa revis\u00e3o ap\u00f3s 7 dias e a 3\u00aa ap\u00f3s 30 dias.<\/p>\n\n\n\n<p>Floriano Ferreira, de 78 anos, morador do bairro Venda das Pedras, foi um dos beneficiados e comemorou a nova fase.<\/p>\n\n\n\n<p>&#8220;\u00c9 muito bom viver isso, enxergar de novo. Agrade\u00e7o \u00e0 Prefeitura e a todos os envolvidos. Estou feliz demais&#8221;, contou Floriano.<\/p>\n\n\n\n<p>O mutir\u00e3o \u00e9 realizado por meio do Programa Nacional para Redu\u00e7\u00e3o de Filas de Cirurgias Eletivas, do Minist\u00e9rio da Sa\u00fade, que promove a diminui\u00e7\u00e3o das filas com a libera\u00e7\u00e3o de recursos.\u00a0 A operacionaliza\u00e7\u00e3o dessas a\u00e7\u00f5es \u00e9 executada pela Secretaria Municipal da Sa\u00fade de Itabora\u00ed.<\/p>\n\n\n\n<p><strong><em><sup>#SGVAIMUDAR<\/sup><\/em><\/strong><\/p>\n\n\n\n<figure class=\"wp-block-image size-full\"><img decoding=\"async\" width=\"317\" height=\"110\" src=\"https:\/\/sgvaimudar.com.br\/wp-content\/uploads\/2023\/08\/cropped-Logo-Provisoria-2-2.png\" alt=\"\" class=\"wp-image-2782\" srcset=\"https:\/\/sgvaimudar.com.br\/wp-content\/uploads\/2023\/08\/cropped-Logo-Provisoria-2-2.png 317w, https:\/\/sgvaimudar.com.br\/wp-content\/uploads\/2023\/08\/cropped-Logo-Provisoria-2-2-300x104.png 300w\" sizes=\"(max-width: 317px) 100vw, 317px\" \/><\/figure>\n","protected":false},"excerpt":{"rendered":"<p>A a\u00e7\u00e3o foi promovida pela Prefeitura de Itabora\u00ed por meio da Secretaria Municipal de Sa\u00fade (Semsa) Nos dois primeiros dias&hellip;<\/p>\n","protected":false},"author":5,"featured_media":18482,"comment_status":"open","ping_status":"open","sticky":false,"template":"","format":"standard","meta":{"fifu_image_url":"","fifu_image_alt":"","footnotes":""},"categories":[7],"tags":[],"class_list":["post-18480","post","type-post","status-publish","format-standard","has-post-thumbnail","hentry","category-saude"],"_links":{"self":[{"href":"https:\/\/sgvaimudar.com.br\/index.php\/wp-json\/wp\/v2\/posts\/18480","targetHints":{"allow":["GET"]}}],"collection":[{"href":"https:\/\/sgvaimudar.com.br\/index.php\/wp-json\/wp\/v2\/posts"}],"about":[{"href":"https:\/\/sgvaimudar.com.br\/index.php\/wp-json\/wp\/v2\/types\/post"}],"author":[{"embeddable":true,"href":"https:\/\/sgvaimudar.com.br\/index.php\/wp-json\/wp\/v2\/users\/5"}],"replies":[{"embeddable":true,"href":"https:\/\/sgvaimudar.com.br\/index.php\/wp-json\/wp\/v2\/comments?post=18480"}],"version-history":[{"count":1,"href":"https:\/\/sgvaimudar.com.br\/index.php\/wp-json\/wp\/v2\/posts\/18480\/revisions"}],"predecessor-version":[{"id":18483,"href":"https:\/\/sgvaimudar.com.br\/index.php\/wp-json\/wp\/v2\/posts\/18480\/revisions\/18483"}],"wp:featuredmedia":[{"embeddable":true,"href":"https:\/\/sgvaimudar.com.br\/index.php\/wp-json\/wp\/v2\/media\/18482"}],"wp:attachment":[{"href":"https:\/\/sgvaimudar.com.br\/index.php\/wp-json\/wp\/v2\/media?parent=18480"}],"wp:term":[{"taxonomy":"category","embeddable":true,"href":"https:\/\/sgvaimudar.com.br\/index.php\/wp-json\/wp\/v2\/categories?post=18480"},{"taxonomy":"post_tag","embeddable":true,"href":"https:\/\/sgvaimudar.com.br\/index.php\/wp-json\/wp\/v2\/tags?post=18480"}],"curies":[{"name":"wp","href":"https:\/\/api.w.org\/{rel}","templated":true}]}}