{"id":18476,"date":"2025-01-11T11:00:00","date_gmt":"2025-01-11T14:00:00","guid":{"rendered":"https:\/\/sgvaimudar.com.br\/?p=18476"},"modified":"2025-01-11T08:44:50","modified_gmt":"2025-01-11T11:44:50","slug":"detro-rj-inicia-operacao-para-fiscalizar-refrigeracao-em-linhas-intermunicipais-e-multa-12-veiculos","status":"publish","type":"post","link":"https:\/\/sgvaimudar.com.br\/index.php\/2025\/01\/11\/detro-rj-inicia-operacao-para-fiscalizar-refrigeracao-em-linhas-intermunicipais-e-multa-12-veiculos\/","title":{"rendered":"Detro-RJ inicia opera\u00e7\u00e3o para fiscalizar refrigera\u00e7\u00e3o em linhas intermunicipais e multa 12 ve\u00edculos"},"content":{"rendered":"\n<p><em>&#8220;Opera\u00e7\u00e3o Controle T\u00e9rmico&#8221; contar\u00e1 com diversas a\u00e7\u00f5es ao longo do ver\u00e3o fluminense<\/em><\/p>\n\n\n\n<p>O Detro-RJ deu in\u00edcio, nesta sexta-feira (10\/01), \u00e0 &#8220;Opera\u00e7\u00e3o Controle T\u00e9rmico 2025&#8221;, que contar\u00e1 com diversas a\u00e7\u00f5es ao longo deste ver\u00e3o para supervisionar o funcionamento de aparelhos de ar-condicionado em linhas intermunicipais refrigeradas. Quase 90 \u00f4nibus intermunicipais foram abordados em terminais das regi\u00f5es metropolitana, serrana, norte e sul fluminense, resultando na aplica\u00e7\u00e3o de 12 autos de infra\u00e7\u00e3o e quatro recolhimentos \u00e0 garagem.<\/p>\n\n\n\n<figure class=\"wp-block-image size-large\"><img fetchpriority=\"high\" decoding=\"async\" width=\"768\" height=\"1024\" src=\"https:\/\/sgvaimudar.com.br\/wp-content\/uploads\/2025\/01\/3-768x1024.jpeg\" alt=\"\" class=\"wp-image-18477\" srcset=\"https:\/\/sgvaimudar.com.br\/wp-content\/uploads\/2025\/01\/3-768x1024.jpeg 768w, https:\/\/sgvaimudar.com.br\/wp-content\/uploads\/2025\/01\/3-225x300.jpeg 225w, https:\/\/sgvaimudar.com.br\/wp-content\/uploads\/2025\/01\/3.jpeg 960w\" sizes=\"(max-width: 768px) 100vw, 768px\" \/><\/figure>\n\n\n\n<p>Um coletivo de linha refrigerada que rodava com o aparelho defeituoso ou desligado foi flagrado enquanto se preparava para partir, sendo autuado por fiscais. Outras autua\u00e7\u00f5es tamb\u00e9m foram emitidas por problemas em selos e certificados de autoriza\u00e7\u00e3o para tr\u00e1fego (CAT), somando cinco autua\u00e7\u00f5es; m\u00e1 conserva\u00e7\u00e3o de pneus, bancos e solado de ve\u00edculos, com quatro; e descumprimento de determina\u00e7\u00f5es gerais, com duas autua\u00e7\u00f5es.<\/p>\n\n\n\n<p>\u201cIniciamos este novo ano intensificando as opera\u00e7\u00f5es em todo o estado. A a\u00e7\u00e3o de hoje teve como objetivo principal verificar os aparelhos de ar-condicionado. Mas os ve\u00edculos que apresentaram outras irregularidades tamb\u00e9m foram autuados\u201d, alertou o presidente do Detro-RJ, Leonardo Matias.<\/p>\n\n\n\n<p>As a\u00e7\u00f5es ocorreram na Rodovi\u00e1ria do Rio e nos terminais Roberto Silveira, em Niter\u00f3i; Prefeito Francisco Torres, em Volta Redonda; Leonel Brizola, em Petr\u00f3polis; e Roberto Silveira, em Campos dos Goytacazes.<\/p>\n\n\n\n<p><strong><em>#sgvaimudar<\/em><\/strong><\/p>\n\n\n\n<figure class=\"wp-block-image size-full\"><img decoding=\"async\" width=\"250\" height=\"87\" src=\"https:\/\/sgvaimudar.com.br\/wp-content\/uploads\/2023\/08\/cropped-Logo.png\" alt=\"\" class=\"wp-image-2739\" \/><\/figure>\n","protected":false},"excerpt":{"rendered":"<p>&#8220;Opera\u00e7\u00e3o Controle T\u00e9rmico&#8221; contar\u00e1 com diversas a\u00e7\u00f5es ao longo do ver\u00e3o fluminense O Detro-RJ deu in\u00edcio, nesta sexta-feira (10\/01), \u00e0&hellip;<\/p>\n","protected":false},"author":5,"featured_media":18478,"comment_status":"open","ping_status":"open","sticky":false,"template":"","format":"standard","meta":{"fifu_image_url":"","fifu_image_alt":"","footnotes":""},"categories":[32],"tags":[],"class_list":["post-18476","post","type-post","status-publish","format-standard","has-post-thumbnail","hentry","category-casos-de-policia"],"_links":{"self":[{"href":"https:\/\/sgvaimudar.com.br\/index.php\/wp-json\/wp\/v2\/posts\/18476","targetHints":{"allow":["GET"]}}],"collection":[{"href":"https:\/\/sgvaimudar.com.br\/index.php\/wp-json\/wp\/v2\/posts"}],"about":[{"href":"https:\/\/sgvaimudar.com.br\/index.php\/wp-json\/wp\/v2\/types\/post"}],"author":[{"embeddable":true,"href":"https:\/\/sgvaimudar.com.br\/index.php\/wp-json\/wp\/v2\/users\/5"}],"replies":[{"embeddable":true,"href":"https:\/\/sgvaimudar.com.br\/index.php\/wp-json\/wp\/v2\/comments?post=18476"}],"version-history":[{"count":1,"href":"https:\/\/sgvaimudar.com.br\/index.php\/wp-json\/wp\/v2\/posts\/18476\/revisions"}],"predecessor-version":[{"id":18479,"href":"https:\/\/sgvaimudar.com.br\/index.php\/wp-json\/wp\/v2\/posts\/18476\/revisions\/18479"}],"wp:featuredmedia":[{"embeddable":true,"href":"https:\/\/sgvaimudar.com.br\/index.php\/wp-json\/wp\/v2\/media\/18478"}],"wp:attachment":[{"href":"https:\/\/sgvaimudar.com.br\/index.php\/wp-json\/wp\/v2\/media?parent=18476"}],"wp:term":[{"taxonomy":"category","embeddable":true,"href":"https:\/\/sgvaimudar.com.br\/index.php\/wp-json\/wp\/v2\/categories?post=18476"},{"taxonomy":"post_tag","embeddable":true,"href":"https:\/\/sgvaimudar.com.br\/index.php\/wp-json\/wp\/v2\/tags?post=18476"}],"curies":[{"name":"wp","href":"https:\/\/api.w.org\/{rel}","templated":true}]}}