{"id":18472,"date":"2025-01-11T08:38:57","date_gmt":"2025-01-11T11:38:57","guid":{"rendered":"https:\/\/sgvaimudar.com.br\/?p=18472"},"modified":"2025-01-11T08:38:57","modified_gmt":"2025-01-11T11:38:57","slug":"prefeito-capitao-nelson-faz-anuncio-das-alteracoes-no-transito-no-mutua","status":"publish","type":"post","link":"https:\/\/sgvaimudar.com.br\/index.php\/2025\/01\/11\/prefeito-capitao-nelson-faz-anuncio-das-alteracoes-no-transito-no-mutua\/","title":{"rendered":"Prefeito Capit\u00e3o Nelson faz an\u00fancio das altera\u00e7\u00f5es no tr\u00e2nsito no Mutu\u00e1"},"content":{"rendered":"\n<p><em>Segundo ele, interdi\u00e7\u00e3o total de trecho da Avenida Paula Lemos, ser\u00e1 a partir da pr\u00f3xima quarta-feira (15)<\/em><\/p>\n\n\n\n<p>O prefeito Capit\u00e3o Nelson fez, nesta sexta-feira, o an\u00fancio das altera\u00e7\u00f5es no tr\u00e2nsito no Mutu\u00e1 e destacou a import\u00e2ncia das obras de macrodrenagem na regi\u00e3o, que sofre h\u00e1 d\u00e9cadas com problemas de alagamentos.\u00a0<\/p>\n\n\n\n<figure class=\"wp-block-image size-large\"><img fetchpriority=\"high\" decoding=\"async\" width=\"1024\" height=\"684\" src=\"https:\/\/sgvaimudar.com.br\/wp-content\/uploads\/2025\/01\/unnamed-1-7-1024x684.jpg\" alt=\"\" class=\"wp-image-18473\" srcset=\"https:\/\/sgvaimudar.com.br\/wp-content\/uploads\/2025\/01\/unnamed-1-7-1024x684.jpg 1024w, https:\/\/sgvaimudar.com.br\/wp-content\/uploads\/2025\/01\/unnamed-1-7-300x200.jpg 300w, https:\/\/sgvaimudar.com.br\/wp-content\/uploads\/2025\/01\/unnamed-1-7-768x513.jpg 768w, https:\/\/sgvaimudar.com.br\/wp-content\/uploads\/2025\/01\/unnamed-1-7-1536x1027.jpg 1536w, https:\/\/sgvaimudar.com.br\/wp-content\/uploads\/2025\/01\/unnamed-1-7.jpg 1616w\" sizes=\"(max-width: 1024px) 100vw, 1024px\" \/><\/figure>\n\n\n\n<p>O prefeito Capit\u00e3o disse que vai realizar a interdi\u00e7\u00e3o total de trecho da Avenida Paula Lemos, a partir da pr\u00f3xima quarta-feira (15), para dar andamento \u00e0s obras de macrodrenagem que abrangem os bairros Mutu\u00e1, Mutuagua\u00e7u e Porto do Rosa<\/p>\n\n\n\n<p>&#8220;Nossa cidade tem caracter\u00edsticas que agravam os problemas de alagamentos, com v\u00e1rios bairros cortados por rios e abaixo do n\u00edvel do mar. Ao longo de d\u00e9cadas, a ocupa\u00e7\u00e3o desordenada agravou a situa\u00e7\u00e3o, mas estamos trabalhando para minimizar os problemas. J\u00e1 instalamos redes de drenagem em bairros inteiros e agora estamos com essa obra de macrodrenagem na regi\u00e3o do Mutu\u00e1, beneficiando a popula\u00e7\u00e3o. Sabemos dos transtornos que as obras causam, mas pedimos a compreens\u00e3o de todos. Seguimos trabalhando para reduzir o impacto das interdi\u00e7\u00f5es&#8221;, garantiu o chefe do Executivo gon\u00e7alense.\u00a0<\/p>\n\n\n\n<p>A\u00a0Prefeitura de S\u00e3o Gon\u00e7alo disse que o tr\u00e2nsito ser\u00e1 desviado e agentes estar\u00e3o no local para orientar os motoristas.\u00a0<\/p>\n\n\n\n<p>&#8220;As obras de macrodrenagem est\u00e3o entrando na reta final. V\u00e1rias vias da regi\u00e3o j\u00e1 passaram por interven\u00e7\u00f5es, recebendo redes de drenagem. Para dar continuidade, ser\u00e1 necess\u00e1rio agora realizar a interdi\u00e7\u00e3o total de parte da Avenida Paula Lemos, onde ser\u00e3o instaladas galerias para capta\u00e7\u00e3o das \u00e1guas das chuvas. O trabalho dever\u00e1 durar 40 dias&#8221;, disse o poder p\u00fablico na nota.\u00a0<\/p>\n\n\n\n<p>O trecho que ser\u00e1 interditado fica entre a Rua General Canrobert at\u00e9 o posto de combust\u00edveis-BR. O tr\u00e2nsito ser\u00e1 desviado pela Estrada Vereador&nbsp;Nelsimar Rocha Moraes, na altura do posto, retornando \u00e0 Avenida Paula Lemos na altura do ponto final dos \u00f4nibus.&nbsp;<\/p>\n\n\n\n<p>A partir da pr\u00f3xima segunda-feira (13), equipes da Prefeitura ir\u00e3o percorrer o trechos afetado pelas interven\u00e7\u00f5es para comunicar as altera\u00e7\u00f5es no tr\u00e2nsito aos moradores e comerciantes. Os locais ser\u00e3o devidamente sinalizados, com a presen\u00e7a de agentes de tr\u00e2nsito.&nbsp;<\/p>\n\n\n\n<p><strong>INTERVEN\u00c7\u00d5ES <\/strong>&#8211; As obras de macrodrenagem nos bairros Mutu\u00e1, Mutuagua\u00e7u e Porto do Rosa englobam quase quatro quil\u00f4metros de extens\u00e3o, com investimento de R$ 38 milh\u00f5es,\u00a0beneficiando mais de 10 mil gon\u00e7alenses, entre moradores e pessoas que circulam pela regi\u00e3o. Ao todo, 10 ruas do projeto j\u00e1 receberam drenagem completa.\u00a0<\/p>\n\n\n\n<p>Mais duas ruas foram inclu\u00eddas recentemente no projeto da obra, totalizando 16 vias em transforma\u00e7\u00e3o: Avenida Paula Lemos (parte) e ruas General Canrobert, Professor Altivo (parte), Padre Nicolau Lu\u00edz, Lib\u00f3rio Viana, \u00c1lvaro Costa, David Alves, Ismael Passos, Cust\u00f3dio Duarte, Capit\u00e3o Crisanto Bastos, Ricardo Jorge, Guimar\u00e3es Passos, Diogo Pereira, Fernandes Mendon\u00e7a, In\u00e1cio Feij\u00f3 e uma via sem nome.\u00a0<\/p>\n\n\n\n<p><strong><em><sup>#SGVAIMUDAR<\/sup><\/em><\/strong><\/p>\n\n\n\n<figure class=\"wp-block-image size-large\"><img decoding=\"async\" width=\"1024\" height=\"357\" src=\"https:\/\/sgvaimudar.com.br\/wp-content\/uploads\/2023\/08\/Logo-Provisoria-2-1-1024x357.png\" alt=\"\" class=\"wp-image-2779\" srcset=\"https:\/\/sgvaimudar.com.br\/wp-content\/uploads\/2023\/08\/Logo-Provisoria-2-1-1024x357.png 1024w, https:\/\/sgvaimudar.com.br\/wp-content\/uploads\/2023\/08\/Logo-Provisoria-2-1-300x105.png 300w, https:\/\/sgvaimudar.com.br\/wp-content\/uploads\/2023\/08\/Logo-Provisoria-2-1-768x268.png 768w, https:\/\/sgvaimudar.com.br\/wp-content\/uploads\/2023\/08\/Logo-Provisoria-2-1.png 1470w\" sizes=\"(max-width: 1024px) 100vw, 1024px\" \/><\/figure>\n","protected":false},"excerpt":{"rendered":"<p>Segundo ele, interdi\u00e7\u00e3o total de trecho da Avenida Paula Lemos, ser\u00e1 a partir da pr\u00f3xima quarta-feira (15) O prefeito Capit\u00e3o&hellip;<\/p>\n","protected":false},"author":5,"featured_media":18474,"comment_status":"open","ping_status":"open","sticky":false,"template":"","format":"standard","meta":{"fifu_image_url":"","fifu_image_alt":"","footnotes":""},"categories":[3],"tags":[],"class_list":["post-18472","post","type-post","status-publish","format-standard","has-post-thumbnail","hentry","category-sao-goncalo"],"_links":{"self":[{"href":"https:\/\/sgvaimudar.com.br\/index.php\/wp-json\/wp\/v2\/posts\/18472","targetHints":{"allow":["GET"]}}],"collection":[{"href":"https:\/\/sgvaimudar.com.br\/index.php\/wp-json\/wp\/v2\/posts"}],"about":[{"href":"https:\/\/sgvaimudar.com.br\/index.php\/wp-json\/wp\/v2\/types\/post"}],"author":[{"embeddable":true,"href":"https:\/\/sgvaimudar.com.br\/index.php\/wp-json\/wp\/v2\/users\/5"}],"replies":[{"embeddable":true,"href":"https:\/\/sgvaimudar.com.br\/index.php\/wp-json\/wp\/v2\/comments?post=18472"}],"version-history":[{"count":1,"href":"https:\/\/sgvaimudar.com.br\/index.php\/wp-json\/wp\/v2\/posts\/18472\/revisions"}],"predecessor-version":[{"id":18475,"href":"https:\/\/sgvaimudar.com.br\/index.php\/wp-json\/wp\/v2\/posts\/18472\/revisions\/18475"}],"wp:featuredmedia":[{"embeddable":true,"href":"https:\/\/sgvaimudar.com.br\/index.php\/wp-json\/wp\/v2\/media\/18474"}],"wp:attachment":[{"href":"https:\/\/sgvaimudar.com.br\/index.php\/wp-json\/wp\/v2\/media?parent=18472"}],"wp:term":[{"taxonomy":"category","embeddable":true,"href":"https:\/\/sgvaimudar.com.br\/index.php\/wp-json\/wp\/v2\/categories?post=18472"},{"taxonomy":"post_tag","embeddable":true,"href":"https:\/\/sgvaimudar.com.br\/index.php\/wp-json\/wp\/v2\/tags?post=18472"}],"curies":[{"name":"wp","href":"https:\/\/api.w.org\/{rel}","templated":true}]}}