{"id":18452,"date":"2025-01-10T17:00:00","date_gmt":"2025-01-10T20:00:00","guid":{"rendered":"https:\/\/sgvaimudar.com.br\/?p=18452"},"modified":"2025-01-10T11:56:07","modified_gmt":"2025-01-10T14:56:07","slug":"sao-goncalo-faz-campanha-de-conscientizacao-contra-hanseniase","status":"publish","type":"post","link":"https:\/\/sgvaimudar.com.br\/index.php\/2025\/01\/10\/sao-goncalo-faz-campanha-de-conscientizacao-contra-hanseniase\/","title":{"rendered":"S\u00e3o Gon\u00e7alo faz campanha de conscientiza\u00e7\u00e3o contra hansen\u00edase"},"content":{"rendered":"\n<p><em>Janeiro Roxo refor\u00e7a import\u00e2ncia da sensibiliza\u00e7\u00e3o e educa\u00e7\u00e3o cont\u00ednua\u00a0\u00a0<\/em><\/p>\n\n\n\n<p>A Secretaria de Sa\u00fade da Prefeitura de S\u00e3o Gon\u00e7alo vai realizar orienta\u00e7\u00f5es sobre a hansen\u00edase nas salas de espera das unidades de sa\u00fade durante todo o m\u00eas de janeiro. A a\u00e7\u00e3o faz parte da Campanha Janeiro Roxo \u2013 que aborda a conscientiza\u00e7\u00e3o sobre a preven\u00e7\u00e3o e tratamento adequado da doen\u00e7a. Os polos sanit\u00e1rios e o PAM Neves realizar\u00e3o palestras para a popula\u00e7\u00e3o.\u00a0<\/p>\n\n\n\n<figure class=\"wp-block-image size-large\"><img fetchpriority=\"high\" decoding=\"async\" width=\"1024\" height=\"1024\" src=\"https:\/\/sgvaimudar.com.br\/wp-content\/uploads\/2025\/01\/unnamed-9-3-1024x1024.jpg\" alt=\"\" class=\"wp-image-18453\" srcset=\"https:\/\/sgvaimudar.com.br\/wp-content\/uploads\/2025\/01\/unnamed-9-3-1024x1024.jpg 1024w, https:\/\/sgvaimudar.com.br\/wp-content\/uploads\/2025\/01\/unnamed-9-3-300x300.jpg 300w, https:\/\/sgvaimudar.com.br\/wp-content\/uploads\/2025\/01\/unnamed-9-3-150x150.jpg 150w, https:\/\/sgvaimudar.com.br\/wp-content\/uploads\/2025\/01\/unnamed-9-3-768x768.jpg 768w, https:\/\/sgvaimudar.com.br\/wp-content\/uploads\/2025\/01\/unnamed-9-3-1536x1536.jpg 1536w, https:\/\/sgvaimudar.com.br\/wp-content\/uploads\/2025\/01\/unnamed-9-3.jpg 1600w\" sizes=\"(max-width: 1024px) 100vw, 1024px\" \/><\/figure>\n\n\n\n<p>O tema da campanha Janeiro Roxo deste ano \u00e9 \u201cHansen\u00edase: conhecer e cuidar de janeiro a janeiro\u201d, que refor\u00e7a a necessidade de sensibiliza\u00e7\u00e3o e educa\u00e7\u00e3o cont\u00ednua. A primeira sala de espera ser\u00e1 realizada no Polo Sanit\u00e1rio H\u00e9lio Cruz, em Alc\u00e2ntara, no dia 13 de janeiro, \u00e0s 10h, pela equipe t\u00e9cnica da unidade.\u00a0<\/p>\n\n\n\n<p>\u201cO Programa Municipal de Hansen\u00edase busca aproveitar a Campanha Janeiro Roxo para ampliar a divulga\u00e7\u00e3o sobre a doen\u00e7a. Durante o m\u00eas, ser\u00e3o realizadas a\u00e7\u00f5es voltadas para o rastreio por meio da suspei\u00e7\u00e3o diagn\u00f3stica, preven\u00e7\u00e3o de incapacidades e busca ativa de casos novos e faltosos. Essas atividades incluem campanhas educativas em sa\u00fade para informar e sensibilizar a popula\u00e7\u00e3o\u201d, descreveu a coordenadora do programa, Savana das Gra\u00e7as.<\/p>\n\n\n\n<p>S\u00e3o Gon\u00e7alo conta com tr\u00eas polos sanit\u00e1rios que realizam o tratamento da doen\u00e7a, sempre de segunda \u00e0 sexta-feira, das 8h \u00e0s 17h: H\u00e9lio Cruz, em Alc\u00e2ntara; Washington Luiz, no Z\u00e9 Garoto; e Augusto Sena, em Rio do Ouro. Este ano, o Paulo Marques Rangel, no Porto do Rosa, tamb\u00e9m vai ganhar uma sala que est\u00e1 sendo constru\u00edda para o tratamento.<\/p>\n\n\n\n<p>\u201cO tratamento \u00e9 realizado nos polos, mas os gon\u00e7alenses podem procurar qualquer unidade de sa\u00fade da fam\u00edlia (USF) para diagnosticar a doen\u00e7a. Todas est\u00e3o aptas para receber, captar e orientar os pacientes. A inclus\u00e3o de mais uma sala para o tratamento e a amplia\u00e7\u00e3o da capta\u00e7\u00e3o para todas as USFs \u00e9 mais uma iniciativa do governo municipal para melhorar o atendimento e o acolhimento\u201d, descreveu a secret\u00e1ria de Sa\u00fade, Dra. Bianca Serour.\u00a0<\/p>\n\n\n\n<p>Al\u00e9m das a\u00e7\u00f5es para os pacientes, os funcion\u00e1rios da rede municipal de sa\u00fade poder\u00e3o participar do 1\u00ba Semin\u00e1rio de Hansen\u00edase, que ter\u00e1 a participa\u00e7\u00e3o da equipe do Ambulat\u00f3rio Souza Ara\u00fajo\/Fiocruz com o Dr. Leonardo Lora e a fisioterapeuta Francine Brand\u00e3o. O semin\u00e1rio ser\u00e1 na Universidade Salgado de Oliveira (Universo) no dia 22 de janeiro.\u00a0<\/p>\n\n\n\n<p><strong>Data\u00a0<\/strong>\u2013 O Dia Nacional de Combate e Preven\u00e7\u00e3o de Hansen\u00edase foi institu\u00eddo pela Lei federal n\u00ba 12.135\/2009 e \u00e9 lembrado todo \u00faltimo domingo do m\u00eas de janeiro. O objetivo \u00e9 chamar a aten\u00e7\u00e3o para a preven\u00e7\u00e3o e o tratamento adequado da doen\u00e7a. Essas estrat\u00e9gias s\u00e3o essenciais para promover o conhecimento, combater o estigma e a discrimina\u00e7\u00e3o, al\u00e9m de incentivar a busca ativa de casos, contribuindo para a erradica\u00e7\u00e3o da doen\u00e7a.<\/p>\n\n\n\n<p><strong>Programa\u00e7\u00e3o&nbsp;<\/strong><\/p>\n\n\n\n<p>22\/01, das 9h \u00e0s 12h \u2013 1\u00ba Semin\u00e1rio de Hansen\u00edase na Universidade Salgado de Oliveira com participa\u00e7\u00e3o da equipe do ambulat\u00f3rio Souza Ara\u00fajo\/Fiocruz para funcion\u00e1rios da rede de sa\u00fade<\/p>\n\n\n\n<p>28\/01, \u00e0s 9h \u2013 Pam Neves. Palestra com o tema \u201cAspectos Cl\u00ednicos da Hansen\u00edase\u201d<\/p>\n\n\n\n<p>29\/01, \u00e0s 10h \u2013 Polo Sanit\u00e1rio Washington Luiz. Palestra com o tema \u201cAcolhimento Humanizado\u201d<\/p>\n\n\n\n<p>30\/01, \u00e0s 10h \u2013 Polo Sanit\u00e1rio Paulo Marques Rangel. Palestras com os temas \u201cTratamento de Feridas de Situa\u00e7\u00f5es Cr\u00f4nicas em Hansen\u00edase\u201d e \u201cAutocuidado em Hansen\u00edase: face, m\u00e3os e p\u00e9s\u201d<\/p>\n\n\n\n<p>31\/01, \u00e0s 9h \u2013 Polo Sanit\u00e1rio Augusto Sena. Palestra com o tema \u201cSinais e Sintomas da Hansen\u00edase\u201d<\/p>\n\n\n\n<p><strong>A Doen\u00e7a&nbsp;<\/strong><\/p>\n\n\n\n<p>A hansen\u00edase \u00e9 uma doen\u00e7a transmiss\u00edvel que acomete a pele e os nervos da face, bra\u00e7os, m\u00e3os, pernas e p\u00e9s de crian\u00e7as e adultos. Sua principal caracter\u00edstica \u00e9 uma mancha esbranqui\u00e7ada, avermelhada ou amarronzada em qualquer parte do corpo, que n\u00e3o co\u00e7a e altera a sensibilidade da pele ao calor, \u00e0 dor e ao tato.\u00a0<\/p>\n\n\n\n<p>A doen\u00e7a tamb\u00e9m pode se manifestar atrav\u00e9s de caro\u00e7os e incha\u00e7os no corpo, em alguns casos avermelhados e doloridos. Tamb\u00e9m pode dar a sensa\u00e7\u00e3o de choque, fisgadas e agulhadas ao longo dos nervos dos bra\u00e7os, m\u00e3os, pernas e p\u00e9s.\u00a0<\/p>\n\n\n\n<p>As \u00e1reas acometidas podem sofrer com diminui\u00e7\u00e3o de pelos e suor e pode ocorrer o espessamento dos nervos, levando \u00e0 perda da sensibilidade.\u00a0<\/p>\n\n\n\n<p>Ela \u00e9 transmitida por meio das vias a\u00e9reas, fala, tosse ou espirro e se d\u00e1 por meio de uma pessoa doente e sem tratamento. No entanto, ela n\u00e3o passa atrav\u00e9s de contato, como abra\u00e7o, aperto de m\u00e3o ou qualquer tipo de carinho. Se n\u00e3o tratada, ela pode causar deformidades e incapacidades f\u00edsicas.<\/p>\n\n\n\n<p>A hansen\u00edase tem cura e o tratamento \u00e9 totalmente gratuito e dispon\u00edvel no Sistema \u00danico de Sa\u00fade (SUS). Quanto mais cedo for diagnosticada e tratada, melhor o resultado e menor a chance do paciente ter sequelas f\u00edsicas. O tratamento leva de seis meses a um ano e o paciente recebe, mensalmente, a medica\u00e7\u00e3o.\u00a0<\/p>\n\n\n\n<p><strong><em><sup>#SGVAIMUDAR<\/sup><\/em><\/strong><\/p>\n\n\n\n<figure class=\"wp-block-image size-large\"><img decoding=\"async\" width=\"1024\" height=\"321\" src=\"https:\/\/sgvaimudar.com.br\/wp-content\/uploads\/2023\/08\/Logo-Provisoria-2-1024x321.png\" alt=\"\" class=\"wp-image-2777\" srcset=\"https:\/\/sgvaimudar.com.br\/wp-content\/uploads\/2023\/08\/Logo-Provisoria-2-1024x321.png 1024w, https:\/\/sgvaimudar.com.br\/wp-content\/uploads\/2023\/08\/Logo-Provisoria-2-300x94.png 300w, https:\/\/sgvaimudar.com.br\/wp-content\/uploads\/2023\/08\/Logo-Provisoria-2-768x241.png 768w, https:\/\/sgvaimudar.com.br\/wp-content\/uploads\/2023\/08\/Logo-Provisoria-2-1536x482.png 1536w, https:\/\/sgvaimudar.com.br\/wp-content\/uploads\/2023\/08\/Logo-Provisoria-2-2048x642.png 2048w\" sizes=\"(max-width: 1024px) 100vw, 1024px\" \/><\/figure>\n","protected":false},"excerpt":{"rendered":"<p>Janeiro Roxo refor\u00e7a import\u00e2ncia da sensibiliza\u00e7\u00e3o e educa\u00e7\u00e3o cont\u00ednua\u00a0\u00a0 A Secretaria de Sa\u00fade da Prefeitura de S\u00e3o Gon\u00e7alo vai realizar&hellip;<\/p>\n","protected":false},"author":5,"featured_media":18454,"comment_status":"open","ping_status":"open","sticky":false,"template":"","format":"standard","meta":{"fifu_image_url":"","fifu_image_alt":"","footnotes":""},"categories":[7],"tags":[],"class_list":["post-18452","post","type-post","status-publish","format-standard","has-post-thumbnail","hentry","category-saude"],"_links":{"self":[{"href":"https:\/\/sgvaimudar.com.br\/index.php\/wp-json\/wp\/v2\/posts\/18452","targetHints":{"allow":["GET"]}}],"collection":[{"href":"https:\/\/sgvaimudar.com.br\/index.php\/wp-json\/wp\/v2\/posts"}],"about":[{"href":"https:\/\/sgvaimudar.com.br\/index.php\/wp-json\/wp\/v2\/types\/post"}],"author":[{"embeddable":true,"href":"https:\/\/sgvaimudar.com.br\/index.php\/wp-json\/wp\/v2\/users\/5"}],"replies":[{"embeddable":true,"href":"https:\/\/sgvaimudar.com.br\/index.php\/wp-json\/wp\/v2\/comments?post=18452"}],"version-history":[{"count":1,"href":"https:\/\/sgvaimudar.com.br\/index.php\/wp-json\/wp\/v2\/posts\/18452\/revisions"}],"predecessor-version":[{"id":18455,"href":"https:\/\/sgvaimudar.com.br\/index.php\/wp-json\/wp\/v2\/posts\/18452\/revisions\/18455"}],"wp:featuredmedia":[{"embeddable":true,"href":"https:\/\/sgvaimudar.com.br\/index.php\/wp-json\/wp\/v2\/media\/18454"}],"wp:attachment":[{"href":"https:\/\/sgvaimudar.com.br\/index.php\/wp-json\/wp\/v2\/media?parent=18452"}],"wp:term":[{"taxonomy":"category","embeddable":true,"href":"https:\/\/sgvaimudar.com.br\/index.php\/wp-json\/wp\/v2\/categories?post=18452"},{"taxonomy":"post_tag","embeddable":true,"href":"https:\/\/sgvaimudar.com.br\/index.php\/wp-json\/wp\/v2\/tags?post=18452"}],"curies":[{"name":"wp","href":"https:\/\/api.w.org\/{rel}","templated":true}]}}