{"id":18424,"date":"2025-01-10T11:59:00","date_gmt":"2025-01-10T14:59:00","guid":{"rendered":"https:\/\/sgvaimudar.com.br\/?p=18424"},"modified":"2025-01-10T11:35:16","modified_gmt":"2025-01-10T14:35:16","slug":"ladroes-em-um-corsa-cinza-escuro-fazem-vitimas-em-arrastao-entre-itaborai-e-marica","status":"publish","type":"post","link":"https:\/\/sgvaimudar.com.br\/index.php\/2025\/01\/10\/ladroes-em-um-corsa-cinza-escuro-fazem-vitimas-em-arrastao-entre-itaborai-e-marica\/","title":{"rendered":"Ladr\u00f5es em um Corsa cinza escuro fazem v\u00edtimas em arrast\u00e3o entre Itabora\u00ed e Maric\u00e1"},"content":{"rendered":"\n<p><em>Bandidos &nbsp;foram assaltando quem eles encontravam pela frente na Estrada de Pacheco, em Itabora\u00ed, at\u00e9 a divisa de Maric\u00e1<\/em><\/p>\n\n\n<p>Um jovem de 25 anos foi v\u00edtima de roubo, no in\u00edcio da noite desta quinta-feira (9\/01), quando andava pela Rodovia RJ-114, no Pacheco, em Itabora\u00ed. Foi ele que comunicou o fato para os policiais do 35\u00baBPM que haviam acabado de sair da DPO e apontou a dire\u00e7\u00e3o em que os criminosos tinham ido. O mesmo bando fez mais duas v\u00edtimas: uma de 19 anos e outra de 31 anos.<\/p>\n<p><!-- \/wp:post-content --><!-- wp:paragraph --><\/p>\n<p>O homem relatou aos militares que foi abordado por tr\u00eas homens, que estavam<br \/>em um ve\u00edculo Chevrolet, Corsa, cinza escuro, ano 1997, placa LBQ 6C99. Um dos<br \/>criminosos com tr\u00eas anota\u00e7\u00f5es; Tr\u00e1fico de drogas; Recepta\u00e7\u00e3o e Viol\u00eancia<br \/>dom\u00e9stica havia sa\u00eddo do Sistema Prisional em no fim de janeiro de 2015 e n\u00e3o<br \/>havia retornado.<\/p>\n<p><!-- \/wp:paragraph --><!-- wp:paragraph --><\/p>\n<p>Os mesmos bandidos foram descritos pelas outras v\u00edtimas e continuaram pela<br \/>Estrada do Pacheco em dire\u00e7\u00e3o a Maric\u00e1. Na delegacia, elas conseguiram<br \/>identificar os criminosos. Os policiais apreenderam oito aparelhos celulares e<br \/>R$ 115,00 em esp\u00e9cie.<\/p>\n<p><!-- \/wp:paragraph --><!-- wp:paragraph --><\/p>\n<p><strong>O FATO <\/strong>&#8211; Segundo relatos da guarni\u00e7\u00e3o do DPO de Pacheco, ao sa\u00edrem do local para cumprirem o patrulhamento na BR-493, os policiais foram parados pelo primeiro homem que informou ter sido v\u00edtima de roubo, e os suspeitos estavam cometendo assaltos utilizando o Corsa cinza escuro e estavam indo pela estrada de Pacheco sentido Maric\u00e1.<\/p>\n<p><!-- \/wp:paragraph --><!-- wp:paragraph --><\/p>\n<p>De acordo com os militares, de imediato a guarni\u00e7\u00e3o a procura dos bandidos<br \/>no caminho encontraram as outras v\u00edtimas que haviam acabado de serem roubadas, e<br \/>informaram que se tratava do mesmo ve\u00edculo.<\/p>\n<p><!-- \/wp:paragraph --><!-- wp:paragraph --><\/p>\n<p>Conforme a ocorr\u00eancia, a guarni\u00e7\u00e3o conseguiu abordar o ve\u00edculo na divisa de<br \/>\u00e1rea com Maric\u00e1, onde os bandidos dispensaram algo no mato \u00e0 beira da estrada,<br \/>e ap\u00f3s revista no ve\u00edculo, foi localizado duas mochilas com diversos celulares<br \/>e outros pertences.<\/p>\n<p><!-- \/wp:paragraph --><!-- wp:paragraph --><\/p>\n<p>Os policiais disseram que receberam o apoio da viatura do setor \u201calfa\u201d, que<br \/>auxiliou nas buscas e na condu\u00e7\u00e3o dos envolvidos para 71\u00aaDP. Na delegacia, em<br \/>contato com um inspetor o mesmo informou que a delegada determinou que fosse<br \/>apresentada a ocorr\u00eancia na 82\u00b0DP Maric\u00e1.<\/p>\n<p><!-- \/wp:paragraph --><!-- wp:paragraph --><\/p>\n<p>Na delegacia as v\u00edtimas reconheceram os acusados como sendo os autores dos<br \/>respectivos roubos e ap\u00f3s a aprecia\u00e7\u00e3o da autoridade policial os acusados foram<br \/>autuados no art. 157 do CP e permaneceram presos na carceragem da 76\u00aaDP.<\/p>\n<p><!-- \/wp:paragraph --><!-- wp:paragraph --><\/p>\n<p>Os aparelhos de celular foram devolvidos as v\u00edtimas e respectivamente o<br \/>ve\u00edculo Corsa (utilizado para o roubo) permaneceu apreendido na delegacia.<\/p>\n<p><em><strong>#sgvaimudar<\/strong><\/em><\/p>\n<p><!-- \/wp:paragraph --><\/p>\n<p><!-- \/wp:paragraph --><!-- wp:paragraph --><\/p>\n<p><!-- \/wp:paragraph --><!-- wp:paragraph --><\/p>\n<p><!-- \/wp:paragraph --><!-- wp:paragraph --><\/p>\n<p><!-- \/wp:paragraph --><!-- wp:paragraph --><\/p>\n<p><!-- \/wp:paragraph --><!-- wp:paragraph --><\/p>\n<p><!-- \/wp:paragraph --><!-- wp:paragraph --><\/p>\n<p><!-- \/wp:paragraph --><\/p>","protected":false},"excerpt":{"rendered":"<p>Bandidos &nbsp;foram assaltando quem eles encontravam pela frente na Estrada de Pacheco, em Itabora\u00ed, at\u00e9 a divisa de Maric\u00e1 Um&hellip;<\/p>\n","protected":false},"author":5,"featured_media":18428,"comment_status":"open","ping_status":"open","sticky":false,"template":"","format":"standard","meta":{"fifu_image_url":"","fifu_image_alt":"","footnotes":""},"categories":[32],"tags":[],"class_list":["post-18424","post","type-post","status-publish","format-standard","has-post-thumbnail","hentry","category-casos-de-policia"],"_links":{"self":[{"href":"https:\/\/sgvaimudar.com.br\/index.php\/wp-json\/wp\/v2\/posts\/18424","targetHints":{"allow":["GET"]}}],"collection":[{"href":"https:\/\/sgvaimudar.com.br\/index.php\/wp-json\/wp\/v2\/posts"}],"about":[{"href":"https:\/\/sgvaimudar.com.br\/index.php\/wp-json\/wp\/v2\/types\/post"}],"author":[{"embeddable":true,"href":"https:\/\/sgvaimudar.com.br\/index.php\/wp-json\/wp\/v2\/users\/5"}],"replies":[{"embeddable":true,"href":"https:\/\/sgvaimudar.com.br\/index.php\/wp-json\/wp\/v2\/comments?post=18424"}],"version-history":[{"count":3,"href":"https:\/\/sgvaimudar.com.br\/index.php\/wp-json\/wp\/v2\/posts\/18424\/revisions"}],"predecessor-version":[{"id":18444,"href":"https:\/\/sgvaimudar.com.br\/index.php\/wp-json\/wp\/v2\/posts\/18424\/revisions\/18444"}],"wp:featuredmedia":[{"embeddable":true,"href":"https:\/\/sgvaimudar.com.br\/index.php\/wp-json\/wp\/v2\/media\/18428"}],"wp:attachment":[{"href":"https:\/\/sgvaimudar.com.br\/index.php\/wp-json\/wp\/v2\/media?parent=18424"}],"wp:term":[{"taxonomy":"category","embeddable":true,"href":"https:\/\/sgvaimudar.com.br\/index.php\/wp-json\/wp\/v2\/categories?post=18424"},{"taxonomy":"post_tag","embeddable":true,"href":"https:\/\/sgvaimudar.com.br\/index.php\/wp-json\/wp\/v2\/tags?post=18424"}],"curies":[{"name":"wp","href":"https:\/\/api.w.org\/{rel}","templated":true}]}}