{"id":18415,"date":"2025-01-10T12:00:00","date_gmt":"2025-01-10T15:00:00","guid":{"rendered":"https:\/\/sgvaimudar.com.br\/?p=18415"},"modified":"2025-01-10T10:01:01","modified_gmt":"2025-01-10T13:01:01","slug":"sao-goncalo-chega-a-53-usfs-entregues-totalmente-revitalizadas","status":"publish","type":"post","link":"https:\/\/sgvaimudar.com.br\/index.php\/2025\/01\/10\/sao-goncalo-chega-a-53-usfs-entregues-totalmente-revitalizadas\/","title":{"rendered":"S\u00e3o Gon\u00e7alo chega a 53 USFs entregues totalmente revitalizadas"},"content":{"rendered":"\n<p><em>&nbsp;Sa\u00fade segue com obras de melhorias na rede municipal&nbsp;<\/em><\/p>\n\n\n\n<p>A Secretaria de Sa\u00fade da Prefeitura de S\u00e3o Gon\u00e7alo entregou mais duas unidades de sa\u00fade da fam\u00edlia com obras de manuten\u00e7\u00e3o e adequa\u00e7\u00e3o. S\u00e3o as USFs Jardim Catarina 1 e Floriano Barbosa, ambas no Jardim Catarina. Os pacientes, agora, t\u00eam postos dentro das normas exigidas pela Ag\u00eancia Nacional de Vigil\u00e2ncia Sanit\u00e1ria (Anvisa).<\/p>\n\n\n\n<figure class=\"wp-block-image size-full\"><img fetchpriority=\"high\" decoding=\"async\" width=\"1024\" height=\"681\" src=\"https:\/\/sgvaimudar.com.br\/wp-content\/uploads\/2025\/01\/unnamed-3-5.jpg\" alt=\"\" class=\"wp-image-18416\" srcset=\"https:\/\/sgvaimudar.com.br\/wp-content\/uploads\/2025\/01\/unnamed-3-5.jpg 1024w, https:\/\/sgvaimudar.com.br\/wp-content\/uploads\/2025\/01\/unnamed-3-5-300x200.jpg 300w, https:\/\/sgvaimudar.com.br\/wp-content\/uploads\/2025\/01\/unnamed-3-5-768x511.jpg 768w\" sizes=\"(max-width: 1024px) 100vw, 1024px\" \/><\/figure>\n\n\n\n<p>As USFs receberam obras de adequa\u00e7\u00f5es gerais e de ambientes, pintura, climatiza\u00e7\u00e3o, al\u00e9m da revitaliza\u00e7\u00e3o da fachada para a padroniza\u00e7\u00e3o das unidades municipais de sa\u00fade. As USFs proporcionam atendimentos mais dignos e humanizados com novos consult\u00f3rios, salas de vacina, de curativos e outros ambientes de uso comum.&nbsp;<\/p>\n\n\n\n<p>A secret\u00e1ria de Sa\u00fade, Dra. Bianca Serour disse que as duas contam com equipes da Estrat\u00e9gia de Sa\u00fade da Fam\u00edlia (ESFs) com m\u00e9dicos, enfermeiros, t\u00e9cnicos de enfermagem e agentes comunit\u00e1rios. E tamb\u00e9m do e-Multi: nutricionista, fisioterapeuta, educador f\u00edsico, assistente social e psic\u00f3logo. Elas tamb\u00e9m realizam exames laboratoriais.<\/p>\n\n\n\n<p>\u201cEstamos na miss\u00e3o de entregar, cada vez mais, servi\u00e7os de qualidade. A manuten\u00e7\u00e3o das unidades b\u00e1sicas de sa\u00fade faz parte disso. Com ambientes adequados, a popula\u00e7\u00e3o tem como ser melhor atendida. \u00c9 a humaniza\u00e7\u00e3o. E, hoje, temos o orgulho de dizer que todos os postos de sa\u00fade t\u00eam m\u00e9dicos, diferente do que acontecia no in\u00edcio do governo do Capit\u00e3o Nelson; dentistas e novos servi\u00e7os\u201d, disse a secret\u00e1ria.<\/p>\n\n\n\n<p><strong>As unidades da rede b\u00e1sica entregues foram:\u00a0<\/strong><\/p>\n\n\n\n<p>1 &#8211; Santa Luzia&nbsp;<\/p>\n\n\n\n<p>2 &#8211; Robert Koch, Patronato&nbsp;<\/p>\n\n\n\n<p>3 &#8211; Mahatma Ghandi, Jardim Calif\u00f3rnia&nbsp;<\/p>\n\n\n\n<p>4 &#8211; Jos\u00e9 Avelino, Tribob\u00f3&nbsp;<\/p>\n\n\n\n<p>5 &#8211; Haroldo Pereira Nunes, Porto Novo&nbsp;<\/p>\n\n\n\n<p>6 &#8211; Barbosa Lima Sobrinho, Porto da Pedra&nbsp;<\/p>\n\n\n\n<p>7 &#8211; Badger da Silveira, Tribob\u00f3&nbsp;&nbsp;<\/p>\n\n\n\n<p>8 &#8211; Madre Tereza de Calcut\u00e1, Estrela do Norte&nbsp;<\/p>\n\n\n\n<p>9 &#8211; Jos\u00e9 Jorge Cortes Freitas, Itaitindiba&nbsp;<\/p>\n\n\n\n<p>10 &#8211; An\u00edbal Porto, Monjolos&nbsp;<\/p>\n\n\n\n<p>11 &#8211; Geremias de Mattos Fontes, Jardim Bom Retiro&nbsp;<\/p>\n\n\n\n<p>12 &#8211; Luiza de Marillac, Novo M\u00e9xico&nbsp;<\/p>\n\n\n\n<p>13 &#8211; Irm\u00e3 Dulce, Trindade&nbsp;&nbsp;<\/p>\n\n\n\n<p>14 &#8211; Hiparco Ferreira, Engenho do Ro\u00e7ado&nbsp;<\/p>\n\n\n\n<p>15 &#8211; Fl\u00e1vio Henrique de Brito, J\u00f3quei&nbsp;<\/p>\n\n\n\n<p>16 &#8211; Get\u00falio Vargas, Boa Vista&nbsp;<\/p>\n\n\n\n<p>17 &#8211; Candoza&nbsp;<\/p>\n\n\n\n<p>18 &#8211; Floren\u00e7a Helena Pereira, Largo da Ideia&nbsp;&nbsp;<\/p>\n\n\n\n<p>19 &#8211; Anaia&nbsp;<\/p>\n\n\n\n<p>20 &#8211; Victor Chimelly, Paiva&nbsp;<\/p>\n\n\n\n<p>21 &#8211; Tancredo Neves, Luiz Ca\u00e7ador&nbsp;<\/p>\n\n\n\n<p>22 &#8211; Neuza Goulart, em Palmeiras&nbsp;<\/p>\n\n\n\n<p>23 &#8211; Jos\u00e9 Bruno Neto, Boa Vista&nbsp;<\/p>\n\n\n\n<p>24 &#8211; Altair da Silva, Mutu\u00e1&nbsp;<\/p>\n\n\n\n<p>25 &#8211; Juvenil Francisco Ribeiro, Engenho Pequeno&nbsp;<\/p>\n\n\n\n<p>26 &#8211; Luiz Carlos Prestes, Santa Catarina&nbsp;<\/p>\n\n\n\n<p>27 &#8211; Adolfo Lutz, Amendoeira<\/p>\n\n\n\n<p>28 &#8211; Armando Le\u00e3o Ferreira, Morro do Castro&nbsp;<\/p>\n\n\n\n<p>29 &#8211; Bento da Cruz, Porto Novo&nbsp;<\/p>\n\n\n\n<p>30 &#8211; Louis Pasteur, Guaxindiba&nbsp;<\/p>\n\n\n\n<p>31 &#8211; Agenor Jos\u00e9 da Silva, Jardim Catarina&nbsp;<\/p>\n\n\n\n<p>32 &#8211; Doutel de Andrade, Maria Paula&nbsp;<\/p>\n\n\n\n<p>33 &#8211; Marechal C\u00e2ndido Rondon, Coluband\u00ea&nbsp;<\/p>\n\n\n\n<p>34 &#8211; Gladys Rodrigues Ramos Freitas, Santa Isabel&nbsp;<\/p>\n\n\n\n<p>35 &#8211; Cl\u00ednica Gon\u00e7alense do Coluband\u00ea<\/p>\n\n\n\n<p>36 &#8211; Bocayuva Cunha, Gradim<\/p>\n\n\n\n<p>37 &#8211; Roberto Silveira, Vista Alegre<\/p>\n\n\n\n<p>38 &#8211; Albert Sabin, Salgueiro&nbsp;<\/p>\n\n\n\n<p>39 &#8211; Elza Borges, Santa Luzia<\/p>\n\n\n\n<p>40 &#8211; Polo Sanit\u00e1rio Jorge Teixeira de Lima, Jardim Catarina<\/p>\n\n\n\n<p>41 &#8211; Josias Muniz, Arrast\u00e3o&nbsp;<\/p>\n\n\n\n<p>42 &#8211; Maril\u00e9a Cardoso, J\u00f3quei<\/p>\n\n\n\n<p>43 &#8211; David Capistrano, Recanto das Ac\u00e1cias<\/p>\n\n\n\n<p>44 &#8211; \u00c1gua Mineral<\/p>\n\n\n\n<p>45 &#8211; Carlos Chagas, Fazenda dos Mineiros<\/p>\n\n\n\n<p>46 &#8211; Ita\u00fana&nbsp;<\/p>\n\n\n\n<p>47 &#8211; Em\u00edlio Ribas, Barrac\u00e3o<\/p>\n\n\n\n<p>48 &#8211; Juarez Antunes, Laranjal<\/p>\n\n\n\n<p>49 &#8211; Luiz Paulo Guimar\u00e3es, Laranjal<\/p>\n\n\n\n<p>50 &#8211; Ana Nery, Gradim<\/p>\n\n\n\n<p>51 &#8211; Bandeirantes<\/p>\n\n\n\n<p>52 &#8211; Jardim Catarina 1<\/p>\n\n\n\n<p>53 &#8211; Floriano Barbosa<\/p>\n\n\n\n<p><strong>Especializada:<\/strong><\/p>\n\n\n\n<p>PAM Neves<\/p>\n\n\n\n<p>Ciesg<\/p>\n\n\n\n<p><strong>Urg\u00eancia e emerg\u00eancia:<\/strong><\/p>\n\n\n\n<p>HCCOR<\/p>\n\n\n\n<p><strong>Locais em obras de revitaliza\u00e7\u00e3o e constru\u00e7\u00e3o<\/strong><\/p>\n\n\n\n<p>1 &#8211; Mutuagua\u00e7u<\/p>\n\n\n\n<p>2 &#8211; Cl\u00ednica de Neves&nbsp;<\/p>\n\n\n\n<p>3 &#8211; Cl\u00ednica Lagoinha<\/p>\n\n\n\n<p>4 &#8211; Vista Alegre<\/p>\n\n\n\n<p>5 &#8211; Jo\u00e3o Goulart<\/p>\n\n\n\n<p>6 &#8211; Manoel de Abreu<\/p>\n\n\n\n<p>7 &#8211; Oswaldo Cruz&nbsp;<\/p>\n\n\n\n<p><em>Fotos: Julio Diniz<\/em><\/p>\n\n\n\n<p><strong><em>#sgvaimudar<\/em><\/strong><\/p>\n\n\n\n<figure class=\"wp-block-image size-large\"><img decoding=\"async\" width=\"1024\" height=\"378\" src=\"https:\/\/sgvaimudar.com.br\/wp-content\/uploads\/2023\/08\/cropped-Logo-Provisoria-2-1-1024x378.png\" alt=\"\" class=\"wp-image-2780\" srcset=\"https:\/\/sgvaimudar.com.br\/wp-content\/uploads\/2023\/08\/cropped-Logo-Provisoria-2-1-1024x378.png 1024w, https:\/\/sgvaimudar.com.br\/wp-content\/uploads\/2023\/08\/cropped-Logo-Provisoria-2-1-300x111.png 300w, https:\/\/sgvaimudar.com.br\/wp-content\/uploads\/2023\/08\/cropped-Logo-Provisoria-2-1-768x284.png 768w, https:\/\/sgvaimudar.com.br\/wp-content\/uploads\/2023\/08\/cropped-Logo-Provisoria-2-1.png 1386w\" sizes=\"(max-width: 1024px) 100vw, 1024px\" \/><\/figure>\n","protected":false},"excerpt":{"rendered":"<p>&nbsp;Sa\u00fade segue com obras de melhorias na rede municipal&nbsp; A Secretaria de Sa\u00fade da Prefeitura de S\u00e3o Gon\u00e7alo entregou mais&hellip;<\/p>\n","protected":false},"author":5,"featured_media":18417,"comment_status":"open","ping_status":"open","sticky":false,"template":"","format":"standard","meta":{"fifu_image_url":"","fifu_image_alt":"","footnotes":""},"categories":[7],"tags":[],"class_list":["post-18415","post","type-post","status-publish","format-standard","has-post-thumbnail","hentry","category-saude"],"_links":{"self":[{"href":"https:\/\/sgvaimudar.com.br\/index.php\/wp-json\/wp\/v2\/posts\/18415","targetHints":{"allow":["GET"]}}],"collection":[{"href":"https:\/\/sgvaimudar.com.br\/index.php\/wp-json\/wp\/v2\/posts"}],"about":[{"href":"https:\/\/sgvaimudar.com.br\/index.php\/wp-json\/wp\/v2\/types\/post"}],"author":[{"embeddable":true,"href":"https:\/\/sgvaimudar.com.br\/index.php\/wp-json\/wp\/v2\/users\/5"}],"replies":[{"embeddable":true,"href":"https:\/\/sgvaimudar.com.br\/index.php\/wp-json\/wp\/v2\/comments?post=18415"}],"version-history":[{"count":1,"href":"https:\/\/sgvaimudar.com.br\/index.php\/wp-json\/wp\/v2\/posts\/18415\/revisions"}],"predecessor-version":[{"id":18418,"href":"https:\/\/sgvaimudar.com.br\/index.php\/wp-json\/wp\/v2\/posts\/18415\/revisions\/18418"}],"wp:featuredmedia":[{"embeddable":true,"href":"https:\/\/sgvaimudar.com.br\/index.php\/wp-json\/wp\/v2\/media\/18417"}],"wp:attachment":[{"href":"https:\/\/sgvaimudar.com.br\/index.php\/wp-json\/wp\/v2\/media?parent=18415"}],"wp:term":[{"taxonomy":"category","embeddable":true,"href":"https:\/\/sgvaimudar.com.br\/index.php\/wp-json\/wp\/v2\/categories?post=18415"},{"taxonomy":"post_tag","embeddable":true,"href":"https:\/\/sgvaimudar.com.br\/index.php\/wp-json\/wp\/v2\/tags?post=18415"}],"curies":[{"name":"wp","href":"https:\/\/api.w.org\/{rel}","templated":true}]}}