{"id":18412,"date":"2025-01-10T10:59:00","date_gmt":"2025-01-10T13:59:00","guid":{"rendered":"https:\/\/sgvaimudar.com.br\/?p=18412"},"modified":"2025-01-10T09:52:15","modified_gmt":"2025-01-10T12:52:15","slug":"estudante-de-educacao-fisica-e-encontrado-morto-dentro-de-geladeira-abandonada-em-niteroi","status":"publish","type":"post","link":"https:\/\/sgvaimudar.com.br\/index.php\/2025\/01\/10\/estudante-de-educacao-fisica-e-encontrado-morto-dentro-de-geladeira-abandonada-em-niteroi\/","title":{"rendered":"Estudante de educa\u00e7\u00e3o f\u00edsica \u00e9 encontrado morto dentro de geladeira abandonada em Niter\u00f3i"},"content":{"rendered":"\n<p><em>Gabriel Alves Ferreira, de 22 anos, estava desaparecido desde o r\u00e9veillon<\/em><\/p>\n\n\n\n<p>A Pol\u00edcia Civil do RJ investiga a morte de\u00a0Gabriel Alves Ferreira, um estudante de educa\u00e7\u00e3o f\u00edsica de 22 anos que estava desaparecido desde o r\u00e9veillon. O corpo dele foi encontrado no \u00faltimo s\u00e1bado (4)\u00a0dentro da carca\u00e7a de uma geladeira abandonada\u00a0na Avenida do Contorno, no Barreto, em Niter\u00f3i.<\/p>\n\n\n\n<p>Gabriel trabalhava como goleiro de aluguel em eventos esportivos e tinha o sonho de se tornar preparador f\u00edsico. A fam\u00edlia acredita que ele foi assassinado por traficantes do Morro do Pal\u00e1cio.<\/p>\n\n\n\n<p>No dia 31, o jovem foi a uma festa na Praia de Icara\u00ed, e depois seguiu para outra comemora\u00e7\u00e3o em uma pra\u00e7a no Morro do Pal\u00e1cio.<\/p>\n\n\n\n<p>De acordo com os relatos de testemunhas aos parentes, os amigos de Gabriel se envolveram em uma confus\u00e3o com um traficante presente na festa. A maioria do grupo conseguiu fugir correndo, mas Gabriel n\u00e3o foi mais visto desde ent\u00e3o.<\/p>\n\n\n\n<p>A pol\u00edcia informou que est\u00e1 ouvindo depoimentos de testemunhas e familiares e realizando outras a\u00e7\u00f5es para descobrir a autoria e motiva\u00e7\u00e3o do crime.<\/p>\n\n\n\n<p><strong><em>#sgvaimudar<\/em><\/strong><\/p>\n\n\n\n<figure class=\"wp-block-image size-large\"><img fetchpriority=\"high\" decoding=\"async\" width=\"1024\" height=\"357\" src=\"https:\/\/sgvaimudar.com.br\/wp-content\/uploads\/2023\/08\/Logo-Provisoria-2-1-1024x357.png\" alt=\"\" class=\"wp-image-2779\" srcset=\"https:\/\/sgvaimudar.com.br\/wp-content\/uploads\/2023\/08\/Logo-Provisoria-2-1-1024x357.png 1024w, https:\/\/sgvaimudar.com.br\/wp-content\/uploads\/2023\/08\/Logo-Provisoria-2-1-300x105.png 300w, https:\/\/sgvaimudar.com.br\/wp-content\/uploads\/2023\/08\/Logo-Provisoria-2-1-768x268.png 768w, https:\/\/sgvaimudar.com.br\/wp-content\/uploads\/2023\/08\/Logo-Provisoria-2-1.png 1470w\" sizes=\"(max-width: 1024px) 100vw, 1024px\" \/><\/figure>\n","protected":false},"excerpt":{"rendered":"<p>Gabriel Alves Ferreira, de 22 anos, estava desaparecido desde o r\u00e9veillon A Pol\u00edcia Civil do RJ investiga a morte de\u00a0Gabriel&hellip;<\/p>\n","protected":false},"author":5,"featured_media":18413,"comment_status":"open","ping_status":"open","sticky":false,"template":"","format":"standard","meta":{"fifu_image_url":"","fifu_image_alt":"","footnotes":""},"categories":[32],"tags":[],"class_list":["post-18412","post","type-post","status-publish","format-standard","has-post-thumbnail","hentry","category-casos-de-policia"],"_links":{"self":[{"href":"https:\/\/sgvaimudar.com.br\/index.php\/wp-json\/wp\/v2\/posts\/18412","targetHints":{"allow":["GET"]}}],"collection":[{"href":"https:\/\/sgvaimudar.com.br\/index.php\/wp-json\/wp\/v2\/posts"}],"about":[{"href":"https:\/\/sgvaimudar.com.br\/index.php\/wp-json\/wp\/v2\/types\/post"}],"author":[{"embeddable":true,"href":"https:\/\/sgvaimudar.com.br\/index.php\/wp-json\/wp\/v2\/users\/5"}],"replies":[{"embeddable":true,"href":"https:\/\/sgvaimudar.com.br\/index.php\/wp-json\/wp\/v2\/comments?post=18412"}],"version-history":[{"count":1,"href":"https:\/\/sgvaimudar.com.br\/index.php\/wp-json\/wp\/v2\/posts\/18412\/revisions"}],"predecessor-version":[{"id":18414,"href":"https:\/\/sgvaimudar.com.br\/index.php\/wp-json\/wp\/v2\/posts\/18412\/revisions\/18414"}],"wp:featuredmedia":[{"embeddable":true,"href":"https:\/\/sgvaimudar.com.br\/index.php\/wp-json\/wp\/v2\/media\/18413"}],"wp:attachment":[{"href":"https:\/\/sgvaimudar.com.br\/index.php\/wp-json\/wp\/v2\/media?parent=18412"}],"wp:term":[{"taxonomy":"category","embeddable":true,"href":"https:\/\/sgvaimudar.com.br\/index.php\/wp-json\/wp\/v2\/categories?post=18412"},{"taxonomy":"post_tag","embeddable":true,"href":"https:\/\/sgvaimudar.com.br\/index.php\/wp-json\/wp\/v2\/tags?post=18412"}],"curies":[{"name":"wp","href":"https:\/\/api.w.org\/{rel}","templated":true}]}}