{"id":18379,"date":"2025-01-09T14:00:00","date_gmt":"2025-01-09T17:00:00","guid":{"rendered":"https:\/\/sgvaimudar.com.br\/?p=18379"},"modified":"2025-01-09T09:49:01","modified_gmt":"2025-01-09T12:49:01","slug":"detro-rj-comeca-a-implementar-biometria-facial-em-vans-intermunicipais","status":"publish","type":"post","link":"https:\/\/sgvaimudar.com.br\/index.php\/2025\/01\/09\/detro-rj-comeca-a-implementar-biometria-facial-em-vans-intermunicipais\/","title":{"rendered":"Detro-RJ come\u00e7a a implementar biometria facial em vans intermunicipais"},"content":{"rendered":"\n<p><em>Medida tem como principal objetivo coibir fraudes e uso indevido de benef\u00edcios na bilhetagem; equipamento ser\u00e1 instalado em toda frota ao longo de dez meses<\/em><\/p>\n\n\n\n<p>O Detro-RJ e a Secretaria de Estado de Transporte e Mobilidade Urbana (Setram) deram in\u00edcio ao calend\u00e1rio oficial para implementa\u00e7\u00e3o da biometria facial na frota complementar fluminense. As primeiras vans intermunicipais equipadas com a tecnologia come\u00e7aram a circular na segunda-feira (06\/01) em linhas da regi\u00e3o metropolitana e arredores, marcando a primeira fase de um processo que ser\u00e1 conclu\u00eddo gradualmente at\u00e9 outubro deste ano.<\/p>\n\n\n\n<figure class=\"wp-block-image size-large\"><img fetchpriority=\"high\" decoding=\"async\" width=\"1600\" height=\"1066\" src=\"https:\/\/sgvaimudar.com.br\/wp-content\/uploads\/2025\/01\/2-1024x682.jpeg\" alt=\"\" class=\"wp-image-18380\" srcset=\"https:\/\/sgvaimudar.com.br\/wp-content\/uploads\/2025\/01\/2-1024x682.jpeg 1024w, https:\/\/sgvaimudar.com.br\/wp-content\/uploads\/2025\/01\/2-300x200.jpeg 300w, https:\/\/sgvaimudar.com.br\/wp-content\/uploads\/2025\/01\/2-768x512.jpeg 768w, https:\/\/sgvaimudar.com.br\/wp-content\/uploads\/2025\/01\/2-1536x1023.jpeg 1536w, https:\/\/sgvaimudar.com.br\/wp-content\/uploads\/2025\/01\/2.jpeg 1600w\" sizes=\"(max-width: 1600px) 100vw, 1600px\" \/><\/figure>\n\n\n\n<p>A biometria, que permitir\u00e1 uma maior capacidade de auditoria sobre os dados do sistema de bilhetagem fluminense, ser\u00e1 utilizada principalmente para coibir fraudes e o uso indevido de benef\u00edcios sociais como o cart\u00e3o Bilhete \u00danico Intermunicipal (BUI).<\/p>\n\n\n\n<p>O novo modelo j\u00e1 vem demonstrando ser eficaz na identifica\u00e7\u00e3o de irregularidades desde a metade do ano passado, quando algumas vans reguladas passaram a rodar com o validador biom\u00e9trico em car\u00e1ter de teste, o que representou uma economia de cerca de R$ 40 mil di\u00e1rios aos cofres p\u00fablicos.<\/p>\n\n\n\n<p>&#8220;A iniciativa \u00e9 essencial porque, al\u00e9m de cumprir um Decreto Estadual, permite verificar, em tempo real, se o passageiro \u00e9 o titular do cart\u00e3o em uso, combatendo pr\u00e1ticas irregulares, como empr\u00e9stimos ou vendas de cr\u00e9ditos do BUI, que \u00e9 pessoal e intransfer\u00edvel. \u00c9 uma garantia importante para o passageiro, para o permission\u00e1rio e para o Estado. Todos saem ganhando com a utiliza\u00e7\u00e3o correta do equipamento&#8221;, destacou o secret\u00e1rio Washington Reis.<\/p>\n\n\n\n<p>O calend\u00e1rio de implementa\u00e7\u00e3o publicado atrav\u00e9s da portaria do Detro-RJ de n\u00famero 1846\/2024 divide a frota de vans intermunicipais fluminenses, por regi\u00e3o atendida, em dez lotes distintos, sendo a metropolitana a primeira a ter seus ve\u00edculos equipados com o validador. Um curso obrigat\u00f3rio de capacita\u00e7\u00e3o em biometria facial tamb\u00e9m est\u00e1 sendo disponibilizado para que permission\u00e1rios e motoristas auxiliares possam orientar os passageiros sobre como se posicionar diante do equipamento e como passar o cart\u00e3o da maneira correta.<\/p>\n\n\n\n<p>&#8220;A implementa\u00e7\u00e3o da biometria vem para se somar aos esfor\u00e7os da fiscaliza\u00e7\u00e3o no combate a gastos irregulares, respeitando um Decreto Estadual de 2016 que a atual gest\u00e3o est\u00e1 colocando em pr\u00e1tica. Com mais essa tecnologia, poderemos observar caso a caso o uso de benef\u00edcios sociais na bilhetagem e preserv\u00e1-los para aqueles que realmente precisam e t\u00eam direito, ao mesmo tempo que evitamos gastos indevidos que pesem no bolso de todos&#8221;, finalizou o presidente do Detro-RJ, Leonardo Matias.<\/p>\n\n\n\n<p><strong>Veja o calend\u00e1rio de instala\u00e7\u00e3o da Biometria Facial<\/strong><\/p>\n\n\n\n<p>Lote I (58 ve\u00edculos em sete linhas): 06 a 31 de janeiro<br>Linhas M510; M518; M519; M520; M521; M522 e M529.<\/p>\n\n\n\n<p>Lote II (57 ve\u00edculos em oito linhas): 03 a 28 de fevereiro<br>Linhas M524; M525; M526; M533; M534; M535; M536 e M550.<\/p>\n\n\n\n<p>Lote III (53 ve\u00edculos em cinco linhas): 06 a 31 de mar\u00e7o<br>Linhas M509; M527; M528; M530 e M531.<\/p>\n\n\n\n<p>Lote IV (47 ve\u00edculos em seis linhas): 01 a 30 de abril<br>Linhas M500; M508; M532; M543; M558 e M561.<\/p>\n\n\n\n<p>Lote V (59 ve\u00edculos em sete linhas): 05 a 30 de maio<br>Linhas M501; M502; M504; M505; M507; M517 e M37.<\/p>\n\n\n\n<p>Lote VI (56 ve\u00edculos em duas linhas): 02 a 30 de junho<br>Linhas M503 e M514.<\/p>\n\n\n\n<p>Lote VII (65 ve\u00edculos em nove linhas): 01 a 31 de julho<br>Linhas M538; M540; M546; M548; M551; M552; M554; M555 e M556.<\/p>\n\n\n\n<p>Lote VIII (60 ve\u00edculos em nove linhas): 01 a 29 de agosto<br>Linhas M100; M101; M301; M302; M303; M304; M557; M559 e M560.<\/p>\n\n\n\n<p>Lote IX (65 ve\u00edculos em 34 linhas): 01 a 30 de setembro<br>Linhas M103; M106; M109; M110; M111; M112; M113; M114; M115; M116; M117; M120; M121; M122; M123; M124; M125; M126; M128; M130; M131; M133; M134; M136; M137; M138; M200; M201; M204; M206; M208; M210; M211 e M212.<\/p>\n\n\n\n<p>Lote X (11 ve\u00edculos em seis linhas): 01 a 06 de outubro<br>Linhas M213; M214; M215; M216; M217 e M218.<\/p>\n\n\n\n<p><strong><em>#sgvaimudar<\/em><\/strong><\/p>\n\n\n\n<figure class=\"wp-block-image size-large\"><img decoding=\"async\" width=\"1024\" height=\"357\" src=\"https:\/\/sgvaimudar.com.br\/wp-content\/uploads\/2023\/08\/Logo-Provisoria-2-1-1024x357.png\" alt=\"\" class=\"wp-image-2779\" srcset=\"https:\/\/sgvaimudar.com.br\/wp-content\/uploads\/2023\/08\/Logo-Provisoria-2-1-1024x357.png 1024w, https:\/\/sgvaimudar.com.br\/wp-content\/uploads\/2023\/08\/Logo-Provisoria-2-1-300x105.png 300w, https:\/\/sgvaimudar.com.br\/wp-content\/uploads\/2023\/08\/Logo-Provisoria-2-1-768x268.png 768w, https:\/\/sgvaimudar.com.br\/wp-content\/uploads\/2023\/08\/Logo-Provisoria-2-1.png 1470w\" sizes=\"(max-width: 1024px) 100vw, 1024px\" \/><\/figure>\n","protected":false},"excerpt":{"rendered":"<p>Medida tem como principal objetivo coibir fraudes e uso indevido de benef\u00edcios na bilhetagem; equipamento ser\u00e1 instalado em toda frota&hellip;<\/p>\n","protected":false},"author":5,"featured_media":18381,"comment_status":"open","ping_status":"open","sticky":false,"template":"","format":"standard","meta":{"fifu_image_url":"","fifu_image_alt":"","footnotes":""},"categories":[34,3],"tags":[],"class_list":["post-18379","post","type-post","status-publish","format-standard","has-post-thumbnail","hentry","category-niteroi","category-sao-goncalo"],"_links":{"self":[{"href":"https:\/\/sgvaimudar.com.br\/index.php\/wp-json\/wp\/v2\/posts\/18379","targetHints":{"allow":["GET"]}}],"collection":[{"href":"https:\/\/sgvaimudar.com.br\/index.php\/wp-json\/wp\/v2\/posts"}],"about":[{"href":"https:\/\/sgvaimudar.com.br\/index.php\/wp-json\/wp\/v2\/types\/post"}],"author":[{"embeddable":true,"href":"https:\/\/sgvaimudar.com.br\/index.php\/wp-json\/wp\/v2\/users\/5"}],"replies":[{"embeddable":true,"href":"https:\/\/sgvaimudar.com.br\/index.php\/wp-json\/wp\/v2\/comments?post=18379"}],"version-history":[{"count":1,"href":"https:\/\/sgvaimudar.com.br\/index.php\/wp-json\/wp\/v2\/posts\/18379\/revisions"}],"predecessor-version":[{"id":18382,"href":"https:\/\/sgvaimudar.com.br\/index.php\/wp-json\/wp\/v2\/posts\/18379\/revisions\/18382"}],"wp:featuredmedia":[{"embeddable":true,"href":"https:\/\/sgvaimudar.com.br\/index.php\/wp-json\/wp\/v2\/media\/18381"}],"wp:attachment":[{"href":"https:\/\/sgvaimudar.com.br\/index.php\/wp-json\/wp\/v2\/media?parent=18379"}],"wp:term":[{"taxonomy":"category","embeddable":true,"href":"https:\/\/sgvaimudar.com.br\/index.php\/wp-json\/wp\/v2\/categories?post=18379"},{"taxonomy":"post_tag","embeddable":true,"href":"https:\/\/sgvaimudar.com.br\/index.php\/wp-json\/wp\/v2\/tags?post=18379"}],"curies":[{"name":"wp","href":"https:\/\/api.w.org\/{rel}","templated":true}]}}