{"id":18372,"date":"2025-01-09T12:59:00","date_gmt":"2025-01-09T15:59:00","guid":{"rendered":"https:\/\/sgvaimudar.com.br\/?p=18372"},"modified":"2025-01-09T09:38:16","modified_gmt":"2025-01-09T12:38:16","slug":"jovem-baleada-pela-prf-tem-piora-e-volta-a-respirar-por-aparelhos-pf-faz-reconstituicao-da-abordagem","status":"publish","type":"post","link":"https:\/\/sgvaimudar.com.br\/index.php\/2025\/01\/09\/jovem-baleada-pela-prf-tem-piora-e-volta-a-respirar-por-aparelhos-pf-faz-reconstituicao-da-abordagem\/","title":{"rendered":"Jovem baleada pela PRF tem piora e volta a respirar por aparelhos; PF faz reconstitui\u00e7\u00e3o da abordagem"},"content":{"rendered":"\n<p>A dire\u00e7\u00e3o do Hospital Municipalizado Ad\u00e3o Pereira Nunes informou na noite desta ter\u00e7a-feira (7) que Juliana voltou a ter febre<\/p>\n\n\n\n<p>A jovem\u00a0Juliana Leite Rangel,\u00a0baelada na cabe\u00e7a por policiais rodovi\u00e1ris federais na BR-040 na v\u00e9spera do Natal, teve uma piora cl\u00ednica\u00a0e voltou a respirar por aparelhos.<\/p>\n\n\n\n<p>A dire\u00e7\u00e3o do Hospital Municipalizado Ad\u00e3o Pereira Nunes informou na noite desta ter\u00e7a-feira (7) que Juliana \u201cvoltou a fazer febre\u00a0\u2014 sinais cl\u00ednicos e laboratoriais de um novo quadro infeccioso \u2014, necessitando retornar medica\u00e7\u00e3o para controle de press\u00e3o arterial, retorno de seda\u00e7\u00e3o leve\u00a0e retorno para ventila\u00e7\u00e3o mec\u00e2nica\u201d.<\/p>\n\n\n\n<figure class=\"wp-block-image size-full\"><img fetchpriority=\"high\" decoding=\"async\" width=\"636\" height=\"359\" src=\"https:\/\/sgvaimudar.com.br\/wp-content\/uploads\/2025\/01\/JULI.jpg\" alt=\"\" class=\"wp-image-18373\" srcset=\"https:\/\/sgvaimudar.com.br\/wp-content\/uploads\/2025\/01\/JULI.jpg 636w, https:\/\/sgvaimudar.com.br\/wp-content\/uploads\/2025\/01\/JULI-300x169.jpg 300w\" sizes=\"(max-width: 636px) 100vw, 636px\" \/><\/figure>\n\n\n\n<p>\u201cO processo de reabilita\u00e7\u00e3o precisou ser interrompido devido ao agravamento do quadro infeccioso\u201d, destacou.<\/p>\n\n\n\n<h2 class=\"wp-block-heading\">Reconstitui\u00e7\u00e3o<\/h2>\n\n\n\n<p>Tamb\u00e9m nesta ter\u00e7a-feira, agentes da Pol\u00edcia Federal (PF) e da Pol\u00edcia Rodovi\u00e1ria Federal (PRF) fizeram&nbsp;<strong>a reconstitui\u00e7\u00e3o da abordagem ao carro<\/strong>&nbsp;onde Juliana estava com a fam\u00edlia.<\/p>\n\n\n\n<p>A reprodu\u00e7\u00e3o come\u00e7ou no in\u00edcio da tarde, contou com um scanner e um drone e durou cerca de 2 horas. Os investigadores da PF percorreram um trecho de 300 metros da BR-040.<\/p>\n\n\n\n<h2 class=\"wp-block-heading\">Melhora na semana passada<\/h2>\n\n\n\n<p>Na semana passada,\u00a0Juliana apresentou uma melhora que surpreendeu os m\u00e9dicos. A jovem estava consciente, sentia os membros, respondia a est\u00edmulos e conversou com a fam\u00edlia. Atrav\u00e9s de gestos labiais, ela disse que ama os familiares e que queria ir para casa.<\/p>\n\n\n\n<p>\u201cPerguntei se ela estava sentindo alguma dor, ela negou pela cabe\u00e7a. Al\u00e9m disso, pedi para ela movimentar os membros inferiores e superiores, encostei no p\u00e9 dela e perguntei se ela tinha sensibilidade. Ela estava sentindo minha m\u00e3o e apontou\u201d, contou na ocasi\u00e3o o m\u00e9dico Thiago Resende, diretor da unidade hospitalar.<\/p>\n\n\n\n<p><strong>RELEMBRE &#8211; <\/strong>O carro da fam\u00edlia de Juliana, de 26 anos, foi atingido por tiros quando passava pela Rodovia Washinton Lu\u00eds, na altura de Duque de Caxias, na Baixada Fluminense. Eles estavam indo passar o Natal na casa de parentes em Niter\u00f3i.<\/p>\n\n\n\n<p>Os tiros foram disparados por tr\u00eas agentes. Segundo a PRF, todos est\u00e3o proibidos de atuar em opera\u00e7\u00f5es por tempo indeterminado. A Pol\u00edcia Federal e o Minist\u00e9rio P\u00fablico Federal investigam o caso.<\/p>\n\n\n\n<p><strong><em>#SGVAIMUDAR<\/em><\/strong><\/p>\n\n\n\n<figure class=\"wp-block-image size-large\"><img decoding=\"async\" width=\"1024\" height=\"357\" src=\"https:\/\/sgvaimudar.com.br\/wp-content\/uploads\/2023\/08\/Logo-Provisoria-2-1-1024x357.png\" alt=\"\" class=\"wp-image-2779\" srcset=\"https:\/\/sgvaimudar.com.br\/wp-content\/uploads\/2023\/08\/Logo-Provisoria-2-1-1024x357.png 1024w, https:\/\/sgvaimudar.com.br\/wp-content\/uploads\/2023\/08\/Logo-Provisoria-2-1-300x105.png 300w, https:\/\/sgvaimudar.com.br\/wp-content\/uploads\/2023\/08\/Logo-Provisoria-2-1-768x268.png 768w, https:\/\/sgvaimudar.com.br\/wp-content\/uploads\/2023\/08\/Logo-Provisoria-2-1.png 1470w\" sizes=\"(max-width: 1024px) 100vw, 1024px\" \/><\/figure>\n","protected":false},"excerpt":{"rendered":"<p>A dire\u00e7\u00e3o do Hospital Municipalizado Ad\u00e3o Pereira Nunes informou na noite desta ter\u00e7a-feira (7) que Juliana voltou a ter febre&hellip;<\/p>\n","protected":false},"author":5,"featured_media":18374,"comment_status":"open","ping_status":"open","sticky":false,"template":"","format":"standard","meta":{"fifu_image_url":"","fifu_image_alt":"","footnotes":""},"categories":[32],"tags":[],"class_list":["post-18372","post","type-post","status-publish","format-standard","has-post-thumbnail","hentry","category-casos-de-policia"],"_links":{"self":[{"href":"https:\/\/sgvaimudar.com.br\/index.php\/wp-json\/wp\/v2\/posts\/18372","targetHints":{"allow":["GET"]}}],"collection":[{"href":"https:\/\/sgvaimudar.com.br\/index.php\/wp-json\/wp\/v2\/posts"}],"about":[{"href":"https:\/\/sgvaimudar.com.br\/index.php\/wp-json\/wp\/v2\/types\/post"}],"author":[{"embeddable":true,"href":"https:\/\/sgvaimudar.com.br\/index.php\/wp-json\/wp\/v2\/users\/5"}],"replies":[{"embeddable":true,"href":"https:\/\/sgvaimudar.com.br\/index.php\/wp-json\/wp\/v2\/comments?post=18372"}],"version-history":[{"count":1,"href":"https:\/\/sgvaimudar.com.br\/index.php\/wp-json\/wp\/v2\/posts\/18372\/revisions"}],"predecessor-version":[{"id":18375,"href":"https:\/\/sgvaimudar.com.br\/index.php\/wp-json\/wp\/v2\/posts\/18372\/revisions\/18375"}],"wp:featuredmedia":[{"embeddable":true,"href":"https:\/\/sgvaimudar.com.br\/index.php\/wp-json\/wp\/v2\/media\/18374"}],"wp:attachment":[{"href":"https:\/\/sgvaimudar.com.br\/index.php\/wp-json\/wp\/v2\/media?parent=18372"}],"wp:term":[{"taxonomy":"category","embeddable":true,"href":"https:\/\/sgvaimudar.com.br\/index.php\/wp-json\/wp\/v2\/categories?post=18372"},{"taxonomy":"post_tag","embeddable":true,"href":"https:\/\/sgvaimudar.com.br\/index.php\/wp-json\/wp\/v2\/tags?post=18372"}],"curies":[{"name":"wp","href":"https:\/\/api.w.org\/{rel}","templated":true}]}}