{"id":18362,"date":"2025-01-09T09:55:00","date_gmt":"2025-01-09T12:55:00","guid":{"rendered":"https:\/\/sgvaimudar.com.br\/?p=18362"},"modified":"2025-01-09T09:09:01","modified_gmt":"2025-01-09T12:09:01","slug":"motociclista-tem-pescoco-cortado-por-linha-chilena-na-br-101","status":"publish","type":"post","link":"https:\/\/sgvaimudar.com.br\/index.php\/2025\/01\/09\/motociclista-tem-pescoco-cortado-por-linha-chilena-na-br-101\/","title":{"rendered":"Motociclista tem pesco\u00e7o cortado por linha chilena na BR-101"},"content":{"rendered":"\n<p><em>Jovem est\u00e1 internado no Hospital Estadual Alberto Torres<\/em><\/p>\n\n\n\n<p>Um motociclista, de 27 anos, teve o pesco\u00e7o cortado por uma linha chilena na tarde desta ter\u00e7a-feira (7), na BR-101, altura do bairro Guaxindiba, em S\u00e3o Gon\u00e7alo, Regi\u00e3o Metropolitana do Rio. Ele foi levado para o Hospital Estadual Alberto Torres (Heat), no Coluband\u00ea, onde passou por uma cirurgia.<\/p>\n\n\n\n<p>Segundo informa\u00e7\u00f5es da Arteris Fluminense, concession\u00e1ria que administra a via, o jovem trafegava no sentido Regi\u00e3o dos Lagos quando sofreu o acidente. Ele foi levado para o Heat em ambul\u00e2ncia da concession\u00e1ria.\u00a0<\/p>\n\n\n\n<p>De acordo com o hospital, o paciente deu entrada no CTI e foi submetido a uma cirurgia e permanece internado em estado est\u00e1vel. O hospital n\u00e3o informou detalhes adicionais sobre o tempo de recupera\u00e7\u00e3o ou poss\u00edveis sequelas.<\/p>\n\n\n\n<p><em>Fonte: enfoco<\/em><\/p>\n\n\n\n<figure class=\"wp-block-image size-large\"><img fetchpriority=\"high\" decoding=\"async\" width=\"1024\" height=\"357\" src=\"https:\/\/sgvaimudar.com.br\/wp-content\/uploads\/2023\/08\/Logo-Provisoria-2-1-1024x357.png\" alt=\"\" class=\"wp-image-2779\" srcset=\"https:\/\/sgvaimudar.com.br\/wp-content\/uploads\/2023\/08\/Logo-Provisoria-2-1-1024x357.png 1024w, https:\/\/sgvaimudar.com.br\/wp-content\/uploads\/2023\/08\/Logo-Provisoria-2-1-300x105.png 300w, https:\/\/sgvaimudar.com.br\/wp-content\/uploads\/2023\/08\/Logo-Provisoria-2-1-768x268.png 768w, https:\/\/sgvaimudar.com.br\/wp-content\/uploads\/2023\/08\/Logo-Provisoria-2-1.png 1470w\" sizes=\"(max-width: 1024px) 100vw, 1024px\" \/><\/figure>\n\n\n\n<p><\/p>\n","protected":false},"excerpt":{"rendered":"<p>Jovem est\u00e1 internado no Hospital Estadual Alberto Torres Um motociclista, de 27 anos, teve o pesco\u00e7o cortado por uma linha&hellip;<\/p>\n","protected":false},"author":5,"featured_media":0,"comment_status":"open","ping_status":"open","sticky":false,"template":"","format":"standard","meta":{"fifu_image_url":"","fifu_image_alt":"","footnotes":""},"categories":[32],"tags":[],"class_list":["post-18362","post","type-post","status-publish","format-standard","hentry","category-casos-de-policia"],"_links":{"self":[{"href":"https:\/\/sgvaimudar.com.br\/index.php\/wp-json\/wp\/v2\/posts\/18362","targetHints":{"allow":["GET"]}}],"collection":[{"href":"https:\/\/sgvaimudar.com.br\/index.php\/wp-json\/wp\/v2\/posts"}],"about":[{"href":"https:\/\/sgvaimudar.com.br\/index.php\/wp-json\/wp\/v2\/types\/post"}],"author":[{"embeddable":true,"href":"https:\/\/sgvaimudar.com.br\/index.php\/wp-json\/wp\/v2\/users\/5"}],"replies":[{"embeddable":true,"href":"https:\/\/sgvaimudar.com.br\/index.php\/wp-json\/wp\/v2\/comments?post=18362"}],"version-history":[{"count":1,"href":"https:\/\/sgvaimudar.com.br\/index.php\/wp-json\/wp\/v2\/posts\/18362\/revisions"}],"predecessor-version":[{"id":18363,"href":"https:\/\/sgvaimudar.com.br\/index.php\/wp-json\/wp\/v2\/posts\/18362\/revisions\/18363"}],"wp:attachment":[{"href":"https:\/\/sgvaimudar.com.br\/index.php\/wp-json\/wp\/v2\/media?parent=18362"}],"wp:term":[{"taxonomy":"category","embeddable":true,"href":"https:\/\/sgvaimudar.com.br\/index.php\/wp-json\/wp\/v2\/categories?post=18362"},{"taxonomy":"post_tag","embeddable":true,"href":"https:\/\/sgvaimudar.com.br\/index.php\/wp-json\/wp\/v2\/tags?post=18362"}],"curies":[{"name":"wp","href":"https:\/\/api.w.org\/{rel}","templated":true}]}}