{"id":18354,"date":"2025-01-09T10:00:00","date_gmt":"2025-01-09T13:00:00","guid":{"rendered":"https:\/\/sgvaimudar.com.br\/?p=18354"},"modified":"2025-01-09T08:28:57","modified_gmt":"2025-01-09T11:28:57","slug":"paroquia-sao-goncalo-prepara-festa-em-honra-ao-padroeiro-da-cidade","status":"publish","type":"post","link":"https:\/\/sgvaimudar.com.br\/index.php\/2025\/01\/09\/paroquia-sao-goncalo-prepara-festa-em-honra-ao-padroeiro-da-cidade\/","title":{"rendered":"Par\u00f3quia S\u00e3o Gon\u00e7alo prepara festa em honra ao padroeiro da cidade"},"content":{"rendered":"\n<p><em>A festa come\u00e7a com o tradicional Tr\u00edduo, dos dias 07 a 09 de janeiro, que ser\u00e1 realizado sempre \u00e0s 19h30min<\/em><\/p>\n\n\n\n<p>O munic\u00edpio de S\u00e3o Gon\u00e7alo celebra na pr\u00f3xima sexta-feira, 10 de janeiro, o dia do padroeiro, S\u00e3o Gon\u00e7alo de Amarante. E momentos de muita f\u00e9, m\u00fasica e comemora\u00e7\u00e3o far\u00e3o parte das festividades da Par\u00f3quia S\u00e3o Gon\u00e7alo, que inclui Santa Missa, prociss\u00e3o e shows na programa\u00e7\u00e3o.<\/p>\n\n\n\n<p>O ponto alto da comemora\u00e7\u00e3o acontece no dia 10, dia de S\u00e3o Gon\u00e7alo, quando acontecer\u00e1 a prociss\u00e3o a partir das 18h30, saindo da Pra\u00e7a Esteph\u00e2nia de Carvalho (Pra\u00e7a Z\u00e9 Garoto), rumo a par\u00f3quia, onde ser\u00e1 celebrada a Missa Solene \u00e0s 19h. Logo ap\u00f3s, haver\u00e1 show com m\u00fasicos paroquianos.<\/p>\n\n\n\n<p>A programa\u00e7\u00e3o se estende no fim de semana: nos dias 11 e 12 a Santa Missa ser\u00e1 celebrada \u00e0s 18h. No s\u00e1bado, a banda de Pop Rock Zero Hora sobe ao palco para animar os fi\u00e9is, e no domingo, ser\u00e1 a vez da Comunidade Cat\u00f3lica Divina Luz se apresentar e conduzir o momento de louvor.<\/p>\n\n\n\n<p>Durante as noites dos dias 10 a 12 de janeiro, a comunidade poder\u00e1 permanecer no p\u00e1tio e desfrutar de barracas de alimenta\u00e7\u00e3o, j\u00e1 que os festejos possuem a finalidade de realizar momentos de encontro e partilha entre os participantes e, tamb\u00e9m, adquirir recursos que ser\u00e3o destinados para as obras de restauro da fachada da Igreja Matriz, s\u00edmbolo da cidade, que necessita de obras.<\/p>\n\n\n\n<p>A festa, neste ano, tamb\u00e9m ser\u00e1 um momento de celebra\u00e7\u00e3o pelos 10 anos de pastoreio do padre Andr\u00e9 Luis na comunidade, e de despedida, j\u00e1 que no dia 22 de janeiro ele tomar\u00e1 posse como p\u00e1roco da Par\u00f3quia Imaculada Concei\u00e7\u00e3o, em Rio Bonito.<\/p>\n\n\n\n<p>\u201cQuero convidar e estar perto de tantos amigos que fizeram parte dessa hist\u00f3ria comigo na par\u00f3quia, para rendermos gra\u00e7as a Deus por tantas maravilhas que realizamos juntos ao longo desse per\u00edodo\u201d, convoca o sacerdote.<\/p>\n\n\n\n<p>Ainda de acordo com o padre, todos s\u00e3o convidados a honrar n\u00e3o apenas o padroeiro da par\u00f3quia, mas de todo o munic\u00edpio: \u201cSeguimos com o objetivo de homenagear, propagar e evidenciar a hist\u00f3ria de vida e santidade de S\u00e3o Gon\u00e7alo, pois foi em torno dessa devo\u00e7\u00e3o que a cidade se estabeleceu. O seu exemplo de vida, entrega e amor a Deus deve ser seguido por todos n\u00f3s\u201d, disse o padre Andr\u00e9.<\/p>\n\n\n\n<p>A Par\u00f3quia S\u00e3o Gon\u00e7alo fica localizada na Alameda Pio XII, 86 &#8211; Z\u00e9 Garoto.<\/p>\n\n\n\n<p><strong><em>#SGVAIMUDAR<\/em><\/strong><\/p>\n\n\n\n<figure class=\"wp-block-image size-large\"><img fetchpriority=\"high\" decoding=\"async\" width=\"1024\" height=\"357\" src=\"https:\/\/sgvaimudar.com.br\/wp-content\/uploads\/2023\/08\/Logo-Provisoria-2-1-1024x357.png\" alt=\"\" class=\"wp-image-2779\" srcset=\"https:\/\/sgvaimudar.com.br\/wp-content\/uploads\/2023\/08\/Logo-Provisoria-2-1-1024x357.png 1024w, https:\/\/sgvaimudar.com.br\/wp-content\/uploads\/2023\/08\/Logo-Provisoria-2-1-300x105.png 300w, https:\/\/sgvaimudar.com.br\/wp-content\/uploads\/2023\/08\/Logo-Provisoria-2-1-768x268.png 768w, https:\/\/sgvaimudar.com.br\/wp-content\/uploads\/2023\/08\/Logo-Provisoria-2-1.png 1470w\" sizes=\"(max-width: 1024px) 100vw, 1024px\" \/><\/figure>\n","protected":false},"excerpt":{"rendered":"<p>A festa come\u00e7a com o tradicional Tr\u00edduo, dos dias 07 a 09 de janeiro, que ser\u00e1 realizado sempre \u00e0s 19h30min&hellip;<\/p>\n","protected":false},"author":5,"featured_media":18355,"comment_status":"open","ping_status":"open","sticky":false,"template":"","format":"standard","meta":{"fifu_image_url":"","fifu_image_alt":"","footnotes":""},"categories":[3],"tags":[],"class_list":["post-18354","post","type-post","status-publish","format-standard","has-post-thumbnail","hentry","category-sao-goncalo"],"_links":{"self":[{"href":"https:\/\/sgvaimudar.com.br\/index.php\/wp-json\/wp\/v2\/posts\/18354","targetHints":{"allow":["GET"]}}],"collection":[{"href":"https:\/\/sgvaimudar.com.br\/index.php\/wp-json\/wp\/v2\/posts"}],"about":[{"href":"https:\/\/sgvaimudar.com.br\/index.php\/wp-json\/wp\/v2\/types\/post"}],"author":[{"embeddable":true,"href":"https:\/\/sgvaimudar.com.br\/index.php\/wp-json\/wp\/v2\/users\/5"}],"replies":[{"embeddable":true,"href":"https:\/\/sgvaimudar.com.br\/index.php\/wp-json\/wp\/v2\/comments?post=18354"}],"version-history":[{"count":1,"href":"https:\/\/sgvaimudar.com.br\/index.php\/wp-json\/wp\/v2\/posts\/18354\/revisions"}],"predecessor-version":[{"id":18356,"href":"https:\/\/sgvaimudar.com.br\/index.php\/wp-json\/wp\/v2\/posts\/18354\/revisions\/18356"}],"wp:featuredmedia":[{"embeddable":true,"href":"https:\/\/sgvaimudar.com.br\/index.php\/wp-json\/wp\/v2\/media\/18355"}],"wp:attachment":[{"href":"https:\/\/sgvaimudar.com.br\/index.php\/wp-json\/wp\/v2\/media?parent=18354"}],"wp:term":[{"taxonomy":"category","embeddable":true,"href":"https:\/\/sgvaimudar.com.br\/index.php\/wp-json\/wp\/v2\/categories?post=18354"},{"taxonomy":"post_tag","embeddable":true,"href":"https:\/\/sgvaimudar.com.br\/index.php\/wp-json\/wp\/v2\/tags?post=18354"}],"curies":[{"name":"wp","href":"https:\/\/api.w.org\/{rel}","templated":true}]}}