{"id":18327,"date":"2025-01-08T15:00:00","date_gmt":"2025-01-08T18:00:00","guid":{"rendered":"https:\/\/sgvaimudar.com.br\/?p=18327"},"modified":"2025-01-08T09:43:34","modified_gmt":"2025-01-08T12:43:34","slug":"apresentacao-em-sao-goncalo-reforca-importancia-da-saude-mental","status":"publish","type":"post","link":"https:\/\/sgvaimudar.com.br\/index.php\/2025\/01\/08\/apresentacao-em-sao-goncalo-reforca-importancia-da-saude-mental\/","title":{"rendered":"Apresenta\u00e7\u00e3o em S\u00e3o Gon\u00e7alo refor\u00e7a import\u00e2ncia da sa\u00fade mental"},"content":{"rendered":"\n<p><em>Pacientes gon\u00e7alenses participaram da campanha Janeiro Branco\u00a0\u00a0\u00a0<\/em><\/p>\n\n\n\n<p>A Campanha Janeiro Branco, idealizada no m\u00eas de janeiro, \u00e9 para que as pessoas fa\u00e7am uma autoan\u00e1lise de como est\u00e1 a sua sa\u00fade mental e, caso necess\u00e1rio, procure ajuda. Para estimular esse exerc\u00edcio, os usu\u00e1rios e colaboradores dos equipamentos de sa\u00fade mental de S\u00e3o Gon\u00e7alo realizaram uma tarde de atividades com reflex\u00f5es sobre os cuidados com a sa\u00fade mental e emocional, nesta ter\u00e7a-feira (7), no Shopping P\u00e1tio Alc\u00e2ntara.\u00a0<\/p>\n\n\n\n<figure class=\"wp-block-image size-full\"><img fetchpriority=\"high\" decoding=\"async\" width=\"655\" height=\"550\" src=\"https:\/\/sgvaimudar.com.br\/wp-content\/uploads\/2025\/01\/unnamed-2-4.jpg\" alt=\"\" class=\"wp-image-18328\" srcset=\"https:\/\/sgvaimudar.com.br\/wp-content\/uploads\/2025\/01\/unnamed-2-4.jpg 655w, https:\/\/sgvaimudar.com.br\/wp-content\/uploads\/2025\/01\/unnamed-2-4-300x252.jpg 300w\" sizes=\"(max-width: 655px) 100vw, 655px\" \/><\/figure>\n\n\n\n<p>O evento foi marcado por apresenta\u00e7\u00f5es musicais, oficinas, dan\u00e7a, rodas de conversa, atividades culturais e de promo\u00e7\u00e3o \u00e0 sa\u00fade. A atividade teve o prop\u00f3sito de conscientizar e incentivar a discuss\u00e3o sobre o cuidado com a sa\u00fade mental, dando \u00eanfase ao tratamento e apoio oferecidos nos equipamentos na cidade.\u00a0\u00a0<\/p>\n\n\n\n<p>&nbsp;&nbsp;&nbsp;&nbsp;&nbsp;\u201c\u00c9 no m\u00eas de janeiro que, normalmente, as pessoas fazem novos planos, fazem uma avalia\u00e7\u00e3o da vida e tra\u00e7am metas para o ano que come\u00e7a. E \u00e9 nessa hora que algumas quest\u00f5es relacionadas \u00e0 sa\u00fade mental podem surgir. Viemos mostrar que os gon\u00e7alenses t\u00eam apoio psicol\u00f3gico e que podem viver uma vida satisfat\u00f3ria, mesmo diante de problemas\u201d, explicou o subsecret\u00e1rio de Aten\u00e7\u00e3o Especializada, Vin\u00edcius Quintam.&nbsp;<\/p>\n\n\n\n<p>&nbsp;&nbsp;&nbsp;&nbsp;&nbsp;A Campanha Janeiro Branco tem por objetivo alertar as pessoas sobre a import\u00e2ncia de cuidar da sa\u00fade mental e emocional, visando a preven\u00e7\u00e3o das doen\u00e7as ps\u00edquicas em toda a popula\u00e7\u00e3o. \u201cA coordena\u00e7\u00e3o de Sa\u00fade Mental da Secretaria de Sa\u00fade de S\u00e3o Gon\u00e7alo sempre est\u00e1 de portas abertas para receber, acolher, orientar e oferecer o suporte necess\u00e1rio para os gon\u00e7alenses que precisam de ajuda para melhorar a sa\u00fade mental\u201d, disse a secret\u00e1ria de Sa\u00fade, Dra. Bianca Serour.&nbsp;&nbsp;&nbsp;&nbsp;&nbsp;&nbsp;<\/p>\n\n\n\n<p><strong>Assist\u00eancia<\/strong><\/p>\n\n\n\n<p>&nbsp;&nbsp;&nbsp;Com o fim das cl\u00ednicas de interna\u00e7\u00e3o para pessoas com transtornos psiqui\u00e1tricos, os pacientes que moram com as suas fam\u00edlias \u2013 quando em crise \u2013 t\u00eam acesso ao atendimento emergencial no Hospital Luiz Palmier (HLP), no Z\u00e9 Garoto \u2013 unidade refer\u00eancia. E para os atendimentos ambulatoriais de acompanhamento, eles t\u00eam os Caps, PAM Coelho e Cl\u00ednica Municipal Gon\u00e7alense do Barro Vermelho.&nbsp;&nbsp;<\/p>\n\n\n\n<p>Caps Paulo Marcos Costa<\/p>\n\n\n\n<p>Rua Ladislau de Andrade, 44, Mutondo<\/p>\n\n\n\n<p>Caps Francisco dos Santos Siqueira 24h<\/p>\n\n\n\n<p>Rua General Ant\u00f4nio Rodrigues, 250, Centro<\/p>\n\n\n\n<p>Capsad<\/p>\n\n\n\n<p>Rua Coronel Serrado, 1.543, Z\u00e9 Garoto<\/p>\n\n\n\n<p>Capsad Dr. Daniel Gomes da Silva 24h<\/p>\n\n\n\n<p>Rua Augusto Franco, 52, Vila Tr\u00eas<\/p>\n\n\n\n<p>Capsi Z\u00e9 Garoto<\/p>\n\n\n\n<p>Rua Coronel Serrado, 1.567, Z\u00e9 Garoto<\/p>\n\n\n\n<p>Capsi Dr. Joaquim dos Reis Pereira<\/p>\n\n\n\n<p>Rua Jovelino de Oliveira Viana, 274, Alc\u00e2ntara<\/p>\n\n\n\n<p>Cl\u00ednica Gon\u00e7alense do Barro Vermelho<\/p>\n\n\n\n<p>Ambulat\u00f3rio Ampliado Nise da Silveira<\/p>\n\n\n\n<p>Rua Heitor Levi, 34, Barro Vermelho<\/p>\n\n\n\n<p>PAM Coelho<\/p>\n\n\n\n<p>Ambulat\u00f3rio Ampliado em Sa\u00fade Mental<\/p>\n\n\n\n<p>Rua C\u00e2ndido Reis, 89, Coelho<\/p>\n\n\n\n<p>Hospital Luiz Palmier (HLP) &#8211; emerg\u00eancia psiqui\u00e1trica<\/p>\n\n\n\n<p>Rua Estef\u00e2nia de Carvalho, Z\u00e9 Garoto<\/p>\n\n\n\n<p>Foto: Julio Diniz.<\/p>\n\n\n\n<p><strong><em>#sgvaimudar<\/em><\/strong><\/p>\n\n\n\n<figure class=\"wp-block-image size-large\"><img decoding=\"async\" width=\"1024\" height=\"357\" src=\"https:\/\/sgvaimudar.com.br\/wp-content\/uploads\/2023\/08\/Logo-Provisoria-2-1-1024x357.png\" alt=\"\" class=\"wp-image-2779\" srcset=\"https:\/\/sgvaimudar.com.br\/wp-content\/uploads\/2023\/08\/Logo-Provisoria-2-1-1024x357.png 1024w, https:\/\/sgvaimudar.com.br\/wp-content\/uploads\/2023\/08\/Logo-Provisoria-2-1-300x105.png 300w, https:\/\/sgvaimudar.com.br\/wp-content\/uploads\/2023\/08\/Logo-Provisoria-2-1-768x268.png 768w, https:\/\/sgvaimudar.com.br\/wp-content\/uploads\/2023\/08\/Logo-Provisoria-2-1.png 1470w\" sizes=\"(max-width: 1024px) 100vw, 1024px\" \/><\/figure>\n","protected":false},"excerpt":{"rendered":"<p>Pacientes gon\u00e7alenses participaram da campanha Janeiro Branco\u00a0\u00a0\u00a0 A Campanha Janeiro Branco, idealizada no m\u00eas de janeiro, \u00e9 para que as&hellip;<\/p>\n","protected":false},"author":5,"featured_media":18329,"comment_status":"open","ping_status":"open","sticky":false,"template":"","format":"standard","meta":{"fifu_image_url":"","fifu_image_alt":"","footnotes":""},"categories":[7],"tags":[],"class_list":["post-18327","post","type-post","status-publish","format-standard","has-post-thumbnail","hentry","category-saude"],"_links":{"self":[{"href":"https:\/\/sgvaimudar.com.br\/index.php\/wp-json\/wp\/v2\/posts\/18327","targetHints":{"allow":["GET"]}}],"collection":[{"href":"https:\/\/sgvaimudar.com.br\/index.php\/wp-json\/wp\/v2\/posts"}],"about":[{"href":"https:\/\/sgvaimudar.com.br\/index.php\/wp-json\/wp\/v2\/types\/post"}],"author":[{"embeddable":true,"href":"https:\/\/sgvaimudar.com.br\/index.php\/wp-json\/wp\/v2\/users\/5"}],"replies":[{"embeddable":true,"href":"https:\/\/sgvaimudar.com.br\/index.php\/wp-json\/wp\/v2\/comments?post=18327"}],"version-history":[{"count":1,"href":"https:\/\/sgvaimudar.com.br\/index.php\/wp-json\/wp\/v2\/posts\/18327\/revisions"}],"predecessor-version":[{"id":18330,"href":"https:\/\/sgvaimudar.com.br\/index.php\/wp-json\/wp\/v2\/posts\/18327\/revisions\/18330"}],"wp:featuredmedia":[{"embeddable":true,"href":"https:\/\/sgvaimudar.com.br\/index.php\/wp-json\/wp\/v2\/media\/18329"}],"wp:attachment":[{"href":"https:\/\/sgvaimudar.com.br\/index.php\/wp-json\/wp\/v2\/media?parent=18327"}],"wp:term":[{"taxonomy":"category","embeddable":true,"href":"https:\/\/sgvaimudar.com.br\/index.php\/wp-json\/wp\/v2\/categories?post=18327"},{"taxonomy":"post_tag","embeddable":true,"href":"https:\/\/sgvaimudar.com.br\/index.php\/wp-json\/wp\/v2\/tags?post=18327"}],"curies":[{"name":"wp","href":"https:\/\/api.w.org\/{rel}","templated":true}]}}