{"id":18291,"date":"2025-01-08T07:51:50","date_gmt":"2025-01-08T10:51:50","guid":{"rendered":"https:\/\/sgvaimudar.com.br\/?p=18291"},"modified":"2025-01-08T07:51:50","modified_gmt":"2025-01-08T10:51:50","slug":"neymar-cogita-reeditar-trio-com-messi-e-suarez-seria-incrivel","status":"publish","type":"post","link":"https:\/\/sgvaimudar.com.br\/index.php\/2025\/01\/08\/neymar-cogita-reeditar-trio-com-messi-e-suarez-seria-incrivel\/","title":{"rendered":"Neymar cogita reeditar trio com Messi e Su\u00e1rez: \u2018Seria incr\u00edvel\u2019"},"content":{"rendered":"\n<p><em>O Inter de Miami tamb\u00e9m conta com outros dois ex-colegas dos tempos de Bar\u00e7a: o lateral-esquerdo Jordi Alba e o volante Sergio Busquets<\/em><\/p>\n\n\n\n<p>O trio MSN, Messi, Su\u00e1rez e Neymar, que fez sucesso no Barcelona entre 2014 e 2017, pode ser reeditado ainda em 2025. A possibilidade foi cogitada pelo pr\u00f3prio atacante brasileiro. Em entrevista \u00e0<em>\u00a0CNN Esportes<\/em>, o jogador do Al-Hilal disse que \u201cseria interessante reviver este trio\u201d no Inter Miami, atual clube do ex-companheiros, e que \u201co futebol est\u00e1 cheio de surpresas\u201d.<\/p>\n\n\n\n<p>\u201cObviamente, jogar novamente com Messi e Su\u00e1rez seria incr\u00edvel\u201d, afirmou. \u201cEles s\u00e3o meus amigos. Ainda conversamos. Seria interessante reviver este trio. Estou feliz no Al-Hilal, estou feliz na Ar\u00e1bia Saudita, mas quem sabe. O futebol est\u00e1 cheio de surpresas\u201d, completou.<\/p>\n\n\n\n<p>Neymar possui contrato com o clube saudita at\u00e9 30 de junho de 2025. Recentemente, segundo o\u00a0<em>Wall Street Journal<\/em>, o atacante comprou um terreno avaliado em 26 milh\u00f5es de d\u00f3lares (R$ 150 milh\u00f5es) na regi\u00e3o de Bal Harbour, em Miami, dando mais ind\u00edcios de uma transfer\u00eancia para o futebol dos Estados Unidos.<\/p>\n\n\n\n<p>Al\u00e9m de Messi e Su\u00e1rez, o clube tamb\u00e9m conta com outros dois ex-colegas dos tempos de Bar\u00e7a: o lateral-esquerdo Jordi Alba e o volante Sergio Busquets. Ele disse que a possibilidade de um reencontro n\u00e3o foi sequer cogitada na sa\u00edda do PSG pela janela de transfer\u00eancias j\u00e1 fechada na MLS, a principal liga de futebol do pa\u00eds.<\/p>\n\n\n\n<p>\u201cQuando a not\u00edcia saiu que eu estava deixando o Paris Saint-Germain, a janela de transfer\u00eancias estava fechada nos Estados Unidos, ent\u00e3o n\u00e3o tive essa op\u00e7\u00e3o. O projeto que me ofereceram (na Ar\u00e1bia Saudita) foi muito bom, n\u00e3o s\u00f3 para mim, mas tamb\u00e9m para minha fam\u00edlia, ent\u00e3o ir para a Ar\u00e1bia Saudita foi a melhor op\u00e7\u00e3o\u201d.<\/p>\n\n\n\n<p>Ao todo, o trio atuou junto por tr\u00eas temporadas, conquistando seis t\u00edtulos \u2013 um deles o da Liga dos Campe\u00f5es de 2015 \u2013 e sendo respons\u00e1veis por 364 gols marcados no per\u00edodo (153 de Messi, 121 de Su\u00e1rez e 90 de Neymar, segundo dados do site OGol).<\/p>\n\n\n\n<p>O fim do casamento se deu com a negocia\u00e7\u00e3o de Neymmar ao PSG pela cifra recorde de 222 milh\u00f5es de euros (824 milh\u00f5es de reais pela cota\u00e7\u00e3o da \u00e9poca), a maior envolvendo um jogador de futebol na hist\u00f3ria.<\/p>\n\n\n\n<p>Em entrevista exclusiva \u00e0 Placar em 2023, Su\u00e1rez explicou que ele e Messi tentaram aconselhar o antigo companheiro a permanecer:<\/p>\n\n\n\n<p>\u201cEu n\u00e3o gostava muito de falar sobre isso, mas chega um momento que era j\u00e1 uma bola grande, ent\u00e3o fomos conversar com Neymar e dissemos: \u2018Ney, se quer ganhar tudo fique aqui conosco\u2019\u201d, disse o jogador.<\/p>\n\n\n\n<p>\u201cEle escutava a n\u00f3s e dizia \u2018sim, sim, eu quero ficar\u2019. E, depois, tem todo o entorno que as vezes \u00e9 dif\u00edcil de controlar. N\u00f3s, como amigos, aconselhamos que ficasse, mas \u00e9 uma decis\u00e3o dele, de sua fam\u00edlia. Diz\u00edamos: \u2018Neymar, na Inglaterra \u00e9 melhor. O [Manchester] City, que a\u00ed o futebol vai ser melhor. Mas na Fran\u00e7a?\u2019, \u201ccompletou em outro trecho da entrevista.<\/p>\n\n\n\n<p><em>Fonte: Placar<\/em><\/p>\n\n\n\n<figure class=\"wp-block-image size-large\"><img fetchpriority=\"high\" decoding=\"async\" width=\"1024\" height=\"321\" src=\"https:\/\/sgvaimudar.com.br\/wp-content\/uploads\/2023\/08\/cropped-Logo-Provisoria-2-1024x321.png\" alt=\"\" class=\"wp-image-2778\" srcset=\"https:\/\/sgvaimudar.com.br\/wp-content\/uploads\/2023\/08\/cropped-Logo-Provisoria-2-1024x321.png 1024w, https:\/\/sgvaimudar.com.br\/wp-content\/uploads\/2023\/08\/cropped-Logo-Provisoria-2-300x94.png 300w, https:\/\/sgvaimudar.com.br\/wp-content\/uploads\/2023\/08\/cropped-Logo-Provisoria-2-768x240.png 768w, https:\/\/sgvaimudar.com.br\/wp-content\/uploads\/2023\/08\/cropped-Logo-Provisoria-2-1536x481.png 1536w, https:\/\/sgvaimudar.com.br\/wp-content\/uploads\/2023\/08\/cropped-Logo-Provisoria-2-2048x641.png 2048w\" sizes=\"(max-width: 1024px) 100vw, 1024px\" \/><\/figure>\n","protected":false},"excerpt":{"rendered":"<p>O Inter de Miami tamb\u00e9m conta com outros dois ex-colegas dos tempos de Bar\u00e7a: o lateral-esquerdo Jordi Alba e o&hellip;<\/p>\n","protected":false},"author":5,"featured_media":18292,"comment_status":"open","ping_status":"open","sticky":false,"template":"","format":"standard","meta":{"fifu_image_url":"","fifu_image_alt":"","footnotes":""},"categories":[5],"tags":[],"class_list":["post-18291","post","type-post","status-publish","format-standard","has-post-thumbnail","hentry","category-esportes"],"_links":{"self":[{"href":"https:\/\/sgvaimudar.com.br\/index.php\/wp-json\/wp\/v2\/posts\/18291","targetHints":{"allow":["GET"]}}],"collection":[{"href":"https:\/\/sgvaimudar.com.br\/index.php\/wp-json\/wp\/v2\/posts"}],"about":[{"href":"https:\/\/sgvaimudar.com.br\/index.php\/wp-json\/wp\/v2\/types\/post"}],"author":[{"embeddable":true,"href":"https:\/\/sgvaimudar.com.br\/index.php\/wp-json\/wp\/v2\/users\/5"}],"replies":[{"embeddable":true,"href":"https:\/\/sgvaimudar.com.br\/index.php\/wp-json\/wp\/v2\/comments?post=18291"}],"version-history":[{"count":1,"href":"https:\/\/sgvaimudar.com.br\/index.php\/wp-json\/wp\/v2\/posts\/18291\/revisions"}],"predecessor-version":[{"id":18293,"href":"https:\/\/sgvaimudar.com.br\/index.php\/wp-json\/wp\/v2\/posts\/18291\/revisions\/18293"}],"wp:featuredmedia":[{"embeddable":true,"href":"https:\/\/sgvaimudar.com.br\/index.php\/wp-json\/wp\/v2\/media\/18292"}],"wp:attachment":[{"href":"https:\/\/sgvaimudar.com.br\/index.php\/wp-json\/wp\/v2\/media?parent=18291"}],"wp:term":[{"taxonomy":"category","embeddable":true,"href":"https:\/\/sgvaimudar.com.br\/index.php\/wp-json\/wp\/v2\/categories?post=18291"},{"taxonomy":"post_tag","embeddable":true,"href":"https:\/\/sgvaimudar.com.br\/index.php\/wp-json\/wp\/v2\/tags?post=18291"}],"curies":[{"name":"wp","href":"https:\/\/api.w.org\/{rel}","templated":true}]}}