{"id":18246,"date":"2025-01-07T13:00:00","date_gmt":"2025-01-07T16:00:00","guid":{"rendered":"https:\/\/sgvaimudar.com.br\/?p=18246"},"modified":"2025-01-07T09:24:35","modified_gmt":"2025-01-07T12:24:35","slug":"ciug-abre-inscricoes-para-cursos-no-dia-9-deste-mes","status":"publish","type":"post","link":"https:\/\/sgvaimudar.com.br\/index.php\/2025\/01\/07\/ciug-abre-inscricoes-para-cursos-no-dia-9-deste-mes\/","title":{"rendered":"Ciug abre inscri\u00e7\u00f5es para cursos no dia 9 deste m\u00eas"},"content":{"rendered":"\n<p><em>Cursos de Idiomas, Reda\u00e7\u00e3o e Libras v\u00e3o abrir novas turmas<\/em><\/p>\n\n\n\n<p>Quem deseja se matricular nos cursos de Ingl\u00eas, Preparat\u00f3rio de Reda\u00e7\u00e3o, Franc\u00eas, Espanhol e Libras no Centro Interescolar Ulysses Guimar\u00e3es (Ciug), da Prefeitura de S\u00e3o Gon\u00e7alo, deve ficar atento. <\/p>\n\n\n\n<p>As inscri\u00e7\u00f5es para a pr\u00e9-matr\u00edcula devem ser realizadas a partir das 10h do dia 9 de janeiro e v\u00e3o at\u00e9 \u00e0s 23h59mdo dia 12 de janeiro, pelo site\u00a0<a rel=\"noreferrer noopener\" href=\"https:\/\/click.cse360.com.br\/Click\/AddCampaignEmailClick\/21995d63-3840-4cc3-0301-08dd29a29b67\/https%253a%252f%252fsiseducsg.org.br%252fciug%252f\/ac66966e-2b55-4484-fb2c-08dc491eed5f\/jornalistaws@gmail.com\/False\" target=\"_blank\">https:\/\/siseducsg.org.br\/ciug\/<\/a>. A rela\u00e7\u00e3o dos candidatos selecionados estar\u00e1 dispon\u00edvel no dia 15 de janeiro, no mesmo site, e exposto no mural do Centro a partir das 14h.<\/p>\n\n\n\n<p>A efetiva\u00e7\u00e3o da matr\u00edcula ser\u00e1 presencialmente na unidade, nos dias 16 e 17 de janeiro, das 8h \u00e0s 19h. Ser\u00e3o 298 vagas para Ingl\u00eas, 31 vagas para Preparat\u00f3rio de Reda\u00e7\u00e3o, 20 vagas para Franc\u00eas, 36 vagas para Espanhol e 60 vagas para Libras. <\/p>\n\n\n\n<p>Para se matricular nos cursos de l\u00ednguas, o estudante deve ter a idade m\u00ednima de 13 anos para os turnos manh\u00e3 e tarde e 15 anos para o turno da noite, e estar cursando ou ter conclu\u00eddo o 7\u00ba ano do Ensino Fundamental. Para o curso de Preparat\u00f3rio de Reda\u00e7\u00e3o, \u00e9 necess\u00e1rio estar cursando ou ter conclu\u00eddo o 9\u00ba ano do Ensino Fundamental.\u00a0<\/p>\n\n\n\n<p>As vagas ser\u00e3o distribu\u00eddas prioritariamente na seguinte ordem: para estudantes da rede municipal de S\u00e3o Gon\u00e7alo; para alunos da rede Estadual de Ensino; para funcion\u00e1rios da rede municipal de S\u00e3o Gon\u00e7alo; para a comunidade em geral. Ser\u00e1 dada a prioridade aos adolescentes de 13 a 17 anos na ocupa\u00e7\u00e3o das vagas dos turnos da manh\u00e3 e da tarde. N\u00e3o h\u00e1 limite de idade para estudar na unidade.<\/p>\n\n\n\n<p>Os candidatos ser\u00e3o matriculados nas turmas de acordo com a sua prefer\u00eancia de turno e a disponibilidade oferecida pelo Ciug. Ser\u00e1 desclassificado o aluno que efetuar mais de uma inscri\u00e7\u00e3o para o mesmo idioma. <\/p>\n\n\n\n<p>O candidato selecionado ter\u00e1 direito a cursar apenas um idioma, caso ele seja selecionado para dois idiomas, ele ter\u00e1 que fazer a op\u00e7\u00e3o no ato da matr\u00edcula. O candidato poder\u00e1 cursar um idioma de forma concomitante ao curso Preparat\u00f3rio de Reda\u00e7\u00e3o.<\/p>\n\n\n\n<p>O Ciug fica localizado na Rua Doutor Gradim, s\/n\u00ba, Porto da Madama, S\u00e3o Gon\u00e7alo.<\/p>\n\n\n\n<p>Documentos obrigat\u00f3rios no ato da matr\u00edcula (originais e c\u00f3pias):<\/p>\n\n\n\n<p>\u00b7&nbsp;&nbsp;&nbsp;&nbsp;&nbsp;&nbsp;&nbsp;Certid\u00e3o de nascimento ou casamento ou RG;<\/p>\n\n\n\n<p>\u00b7&nbsp;&nbsp;&nbsp;&nbsp;&nbsp;&nbsp;&nbsp;RG do respons\u00e1vel, quando o candidato for menor;<\/p>\n\n\n\n<p>\u00b7&nbsp;&nbsp;&nbsp;&nbsp;&nbsp;&nbsp;&nbsp;RG e CPF do terceiro autorizado para efetivar a matr\u00edcula, se for o caso;<\/p>\n\n\n\n<p>\u00b7&nbsp;&nbsp;&nbsp;&nbsp;&nbsp;&nbsp;&nbsp;CPF;<\/p>\n\n\n\n<p>\u00b7&nbsp;&nbsp;&nbsp;&nbsp;&nbsp;&nbsp;&nbsp;Comprovante de escolaridade;<\/p>\n\n\n\n<p>\u00b7&nbsp;&nbsp;&nbsp;&nbsp;&nbsp;&nbsp;Comprovante de resid\u00eancia;<\/p>\n\n\n\n<p>\u00b7&nbsp;&nbsp;&nbsp;&nbsp;&nbsp;&nbsp;&nbsp;Comprovante de inscri\u00e7\u00e3o impresso;<\/p>\n\n\n\n<p>\u00b7&nbsp;&nbsp;&nbsp;&nbsp;&nbsp;&nbsp;&nbsp;Contracheque impresso, caso seja funcion\u00e1rio\/ servidor da Prefeitura Municipal de S\u00e3o Gon\u00e7alo;<\/p>\n\n\n\n<p>\u00b7&nbsp;&nbsp;&nbsp;&nbsp;&nbsp;&nbsp;&nbsp;1 foto 3&#215;4 em papel fotogr\u00e1fico;<\/p>\n\n\n\n<p>\u00b7&nbsp;&nbsp;&nbsp;&nbsp;&nbsp;&nbsp;&nbsp;Endere\u00e7o de e-mail;<\/p>\n\n\n\n<p>\u00b7&nbsp;&nbsp;&nbsp;&nbsp;&nbsp;&nbsp;&nbsp;Laudo m\u00e9dico, para candidatos PcD.<\/p>\n\n\n\n<p><em>Foto: Fabio Guimar\u00e3es<\/em><\/p>\n\n\n\n<p><strong><em><sup>#SGVAIMUDAR<\/sup><\/em><\/strong><\/p>\n\n\n\n<figure class=\"wp-block-image size-large\"><img fetchpriority=\"high\" decoding=\"async\" width=\"1024\" height=\"357\" src=\"https:\/\/sgvaimudar.com.br\/wp-content\/uploads\/2023\/08\/Logo-Provisoria-2-1-1024x357.png\" alt=\"\" class=\"wp-image-2779\" srcset=\"https:\/\/sgvaimudar.com.br\/wp-content\/uploads\/2023\/08\/Logo-Provisoria-2-1-1024x357.png 1024w, https:\/\/sgvaimudar.com.br\/wp-content\/uploads\/2023\/08\/Logo-Provisoria-2-1-300x105.png 300w, https:\/\/sgvaimudar.com.br\/wp-content\/uploads\/2023\/08\/Logo-Provisoria-2-1-768x268.png 768w, https:\/\/sgvaimudar.com.br\/wp-content\/uploads\/2023\/08\/Logo-Provisoria-2-1.png 1470w\" sizes=\"(max-width: 1024px) 100vw, 1024px\" \/><\/figure>\n","protected":false},"excerpt":{"rendered":"<p>Cursos de Idiomas, Reda\u00e7\u00e3o e Libras v\u00e3o abrir novas turmas Quem deseja se matricular nos cursos de Ingl\u00eas, Preparat\u00f3rio de&hellip;<\/p>\n","protected":false},"author":5,"featured_media":6605,"comment_status":"open","ping_status":"open","sticky":false,"template":"","format":"standard","meta":{"fifu_image_url":"","fifu_image_alt":"","footnotes":""},"categories":[3],"tags":[],"class_list":["post-18246","post","type-post","status-publish","format-standard","has-post-thumbnail","hentry","category-sao-goncalo"],"_links":{"self":[{"href":"https:\/\/sgvaimudar.com.br\/index.php\/wp-json\/wp\/v2\/posts\/18246","targetHints":{"allow":["GET"]}}],"collection":[{"href":"https:\/\/sgvaimudar.com.br\/index.php\/wp-json\/wp\/v2\/posts"}],"about":[{"href":"https:\/\/sgvaimudar.com.br\/index.php\/wp-json\/wp\/v2\/types\/post"}],"author":[{"embeddable":true,"href":"https:\/\/sgvaimudar.com.br\/index.php\/wp-json\/wp\/v2\/users\/5"}],"replies":[{"embeddable":true,"href":"https:\/\/sgvaimudar.com.br\/index.php\/wp-json\/wp\/v2\/comments?post=18246"}],"version-history":[{"count":1,"href":"https:\/\/sgvaimudar.com.br\/index.php\/wp-json\/wp\/v2\/posts\/18246\/revisions"}],"predecessor-version":[{"id":18247,"href":"https:\/\/sgvaimudar.com.br\/index.php\/wp-json\/wp\/v2\/posts\/18246\/revisions\/18247"}],"wp:featuredmedia":[{"embeddable":true,"href":"https:\/\/sgvaimudar.com.br\/index.php\/wp-json\/wp\/v2\/media\/6605"}],"wp:attachment":[{"href":"https:\/\/sgvaimudar.com.br\/index.php\/wp-json\/wp\/v2\/media?parent=18246"}],"wp:term":[{"taxonomy":"category","embeddable":true,"href":"https:\/\/sgvaimudar.com.br\/index.php\/wp-json\/wp\/v2\/categories?post=18246"},{"taxonomy":"post_tag","embeddable":true,"href":"https:\/\/sgvaimudar.com.br\/index.php\/wp-json\/wp\/v2\/tags?post=18246"}],"curies":[{"name":"wp","href":"https:\/\/api.w.org\/{rel}","templated":true}]}}