{"id":18194,"date":"2025-01-06T12:00:00","date_gmt":"2025-01-06T15:00:00","guid":{"rendered":"https:\/\/sgvaimudar.com.br\/?p=18194"},"modified":"2025-01-06T09:55:09","modified_gmt":"2025-01-06T12:55:09","slug":"ravi-belo-o-cavalo-doido-e-o-numero-1-do-mundo-no-jiu-jitsu-infantil","status":"publish","type":"post","link":"https:\/\/sgvaimudar.com.br\/index.php\/2025\/01\/06\/ravi-belo-o-cavalo-doido-e-o-numero-1-do-mundo-no-jiu-jitsu-infantil\/","title":{"rendered":"Ravi Belo, o \u201cCavalo Doido\u201d, \u00e9 o n\u00famero 1 do mundo no Jiu-J\u00edtsu infantil"},"content":{"rendered":"\n<p><em>Com apoio do \u201cAux\u00edlio ao Atleta Gon\u00e7alense\u201d, jovem talento segue em ascens\u00e3o no esporte<\/em><\/p>\n\n\n\n<p>os 10 anos, o atleta gon\u00e7alense Ravi Belo Ferreira, mais conhecido como Cavalo Doido, tem se destacado no cen\u00e1rio internacional do jiu-j\u00edtsu, conquistando t\u00edtulos e p\u00f3dios em competi\u00e7\u00f5es de renome mundial. Natural de S\u00e3o Gon\u00e7alo, Ravi \u00e9 o n\u00famero 1 no mundo na categoria infantil &#8211; amarela, at\u00e9 30 kg, e j\u00e1 carrega em seu curr\u00edculo vit\u00f3rias no Mundial de Abu Dhabi, Europeu Kids e World Pro, al\u00e9m de diversos t\u00edtulos nacionais e sul-americanos.<\/p>\n\n\n\n<figure class=\"wp-block-image size-full\"><img fetchpriority=\"high\" decoding=\"async\" width=\"683\" height=\"1024\" src=\"https:\/\/sgvaimudar.com.br\/wp-content\/uploads\/2025\/01\/unnamed-2-2.jpg\" alt=\"\" class=\"wp-image-18195\" srcset=\"https:\/\/sgvaimudar.com.br\/wp-content\/uploads\/2025\/01\/unnamed-2-2.jpg 683w, https:\/\/sgvaimudar.com.br\/wp-content\/uploads\/2025\/01\/unnamed-2-2-200x300.jpg 200w\" sizes=\"(max-width: 683px) 100vw, 683px\" \/><\/figure>\n\n\n\n<p>Ravi iniciou sua trajet\u00f3ria no jiu-j\u00edtsu aos 3 anos, motivado pela observa\u00e7\u00e3o do seu talento e potencial em um condom\u00ednio onde morava. Desde ent\u00e3o, treina na Escola de Lutas Michel Kmiec\/R1NG JJ, sob a orienta\u00e7\u00e3o do mestre Michel Kmiec. O amor pelo esporte e dedica\u00e7\u00e3o intensa s\u00e3o vis\u00edveis no comportamento do jovem atleta, que n\u00e3o perde tempo quando o assunto \u00e9 treino.<\/p>\n\n\n\n<p>Com uma rotina de treinos extensa, Ravi treina todos os dias da semana. Na parte da manh\u00e3 com treinos espec\u00edficos, prepara\u00e7\u00e3o f\u00edsica e mental e \u00e0 noite, ap\u00f3s a escola, conclui sua rotina de seis horas por dia.<\/p>\n\n\n\n<p>\u201cTudo no in\u00edcio \u00e9 dif\u00edcil, mas meu mestre Michel Kmiec sempre me ensinou a acreditar e trabalhar duro. No come\u00e7o, meu pai pensou em desistir, mas Kmiec me ensinou o \u2018caminho das pedras\u2019. Estamos no caminho certo, e com o apoio do \u2018Aux\u00edlio ao Atleta Gon\u00e7alense\u2019, consegui conquistar grandes vit\u00f3rias e me tornar campe\u00e3o no Europeu e no World Youth\u201d, afirma Ravi.<\/p>\n\n\n\n<p>Em 2024, o jovem prod\u00edgio disputou 35 competi\u00e7\u00f5es, todas com p\u00f3dio, e continua a mostrar seu grande potencial nos tatames. \u201cEu me preparo psicologicamente para qualquer desafio, at\u00e9 mesmo para as derrotas, que s\u00e3o combust\u00edvel para evoluir meu jiu-j\u00edtsu\u201d, destaca. Seu sonho \u00e9 conquistar todos os grandes slams como faixa preta e seguir sua carreira no jiu-j\u00edtsu, equilibrando o esporte com os estudos e a vida social.<\/p>\n\n\n\n<p>O \u201cAux\u00edlio ao Atleta Gon\u00e7alense\u201d, implementado pela Prefeitura de S\u00e3o Gon\u00e7alo, atrav\u00e9s da Secretaria de Esporte e Lazer, em 2023, foi crucial para o sucesso do Ravi, permitindo que ele participasse de grandes campeonatos no exterior, como Europeu em Portugal e o Mundial em Abu Dhabi. \u201cEsse apoio foi fundamental para eu poder chegar ao topo das maiores competi\u00e7\u00f5es e trazer essas vit\u00f3rias para S\u00e3o Gon\u00e7alo\u201d, celebra o atleta.<\/p>\n\n\n\n<p>Com a cabe\u00e7a no futuro e o esp\u00edrito focado no jiu-j\u00edtsu, Ravi Belo Ferreira segue como exemplo de determina\u00e7\u00e3o e talento, fazendo hist\u00f3ria no esporte e representando com orgulho sua cidade.&nbsp;&nbsp;<\/p>\n\n\n\n<p><em>Fotos: F\u00e1bio Guimar\u00e3es<\/em><\/p>\n\n\n\n<p><strong><em><sup>#SGVAIMUDAR<\/sup><\/em><\/strong><\/p>\n\n\n\n<figure class=\"wp-block-image size-large\"><img decoding=\"async\" width=\"1024\" height=\"357\" src=\"https:\/\/sgvaimudar.com.br\/wp-content\/uploads\/2023\/08\/Logo-Provisoria-2-1-1024x357.png\" alt=\"\" class=\"wp-image-2779\" srcset=\"https:\/\/sgvaimudar.com.br\/wp-content\/uploads\/2023\/08\/Logo-Provisoria-2-1-1024x357.png 1024w, https:\/\/sgvaimudar.com.br\/wp-content\/uploads\/2023\/08\/Logo-Provisoria-2-1-300x105.png 300w, https:\/\/sgvaimudar.com.br\/wp-content\/uploads\/2023\/08\/Logo-Provisoria-2-1-768x268.png 768w, https:\/\/sgvaimudar.com.br\/wp-content\/uploads\/2023\/08\/Logo-Provisoria-2-1.png 1470w\" sizes=\"(max-width: 1024px) 100vw, 1024px\" \/><\/figure>\n","protected":false},"excerpt":{"rendered":"<p>Com apoio do \u201cAux\u00edlio ao Atleta Gon\u00e7alense\u201d, jovem talento segue em ascens\u00e3o no esporte os 10 anos, o atleta gon\u00e7alense&hellip;<\/p>\n","protected":false},"author":5,"featured_media":18196,"comment_status":"open","ping_status":"open","sticky":false,"template":"","format":"standard","meta":{"fifu_image_url":"","fifu_image_alt":"","footnotes":""},"categories":[5],"tags":[],"class_list":["post-18194","post","type-post","status-publish","format-standard","has-post-thumbnail","hentry","category-esportes"],"_links":{"self":[{"href":"https:\/\/sgvaimudar.com.br\/index.php\/wp-json\/wp\/v2\/posts\/18194","targetHints":{"allow":["GET"]}}],"collection":[{"href":"https:\/\/sgvaimudar.com.br\/index.php\/wp-json\/wp\/v2\/posts"}],"about":[{"href":"https:\/\/sgvaimudar.com.br\/index.php\/wp-json\/wp\/v2\/types\/post"}],"author":[{"embeddable":true,"href":"https:\/\/sgvaimudar.com.br\/index.php\/wp-json\/wp\/v2\/users\/5"}],"replies":[{"embeddable":true,"href":"https:\/\/sgvaimudar.com.br\/index.php\/wp-json\/wp\/v2\/comments?post=18194"}],"version-history":[{"count":1,"href":"https:\/\/sgvaimudar.com.br\/index.php\/wp-json\/wp\/v2\/posts\/18194\/revisions"}],"predecessor-version":[{"id":18197,"href":"https:\/\/sgvaimudar.com.br\/index.php\/wp-json\/wp\/v2\/posts\/18194\/revisions\/18197"}],"wp:featuredmedia":[{"embeddable":true,"href":"https:\/\/sgvaimudar.com.br\/index.php\/wp-json\/wp\/v2\/media\/18196"}],"wp:attachment":[{"href":"https:\/\/sgvaimudar.com.br\/index.php\/wp-json\/wp\/v2\/media?parent=18194"}],"wp:term":[{"taxonomy":"category","embeddable":true,"href":"https:\/\/sgvaimudar.com.br\/index.php\/wp-json\/wp\/v2\/categories?post=18194"},{"taxonomy":"post_tag","embeddable":true,"href":"https:\/\/sgvaimudar.com.br\/index.php\/wp-json\/wp\/v2\/tags?post=18194"}],"curies":[{"name":"wp","href":"https:\/\/api.w.org\/{rel}","templated":true}]}}