{"id":18176,"date":"2025-01-05T21:00:00","date_gmt":"2025-01-06T00:00:00","guid":{"rendered":"https:\/\/sgvaimudar.com.br\/?p=18176"},"modified":"2025-01-05T12:13:20","modified_gmt":"2025-01-05T15:13:20","slug":"sao-goncalo-mantem-combate-ao-mosquito-da-dengue","status":"publish","type":"post","link":"https:\/\/sgvaimudar.com.br\/index.php\/2025\/01\/05\/sao-goncalo-mantem-combate-ao-mosquito-da-dengue\/","title":{"rendered":"S\u00e3o Gon\u00e7alo mant\u00e9m combate ao mosquito da dengue"},"content":{"rendered":"\n<p><em>Vigil\u00e2ncia Ambiental percorre bairros para pulveriza\u00e7\u00e3o de inseticida&nbsp;<\/em><\/p>\n\n\n\n<p>A Secretaria de Sa\u00fade da Prefeitura de S\u00e3o Gon\u00e7alo realiza, nesta semana, pulveriza\u00e7\u00e3o de inseticida para o controle do mosquito Aedes aegypti &#8211; transmissor da dengue, zika e chikungunya. O trabalho dos agentes da Vigil\u00e2ncia em Sa\u00fade Ambiental \u00e9 de preven\u00e7\u00e3o e a popula\u00e7\u00e3o tamb\u00e9m deve fazer a sua parte, evitando qualquer ac\u00famulo de \u00e1gua. Nesta semana, n\u00e3o haver\u00e1 o servi\u00e7o no dia 10, feriado do santo padroeiro da cidade &#8211; S\u00e3o Gon\u00e7alo do Amarante. A a\u00e7\u00e3o tamb\u00e9m n\u00e3o acontece em dias chuvosos.&nbsp;&nbsp;<\/p>\n\n\n\n<p>Para ajudar a a\u00e7\u00e3o das equipes e manter a casa longe dos vetores, \u00e9 importante limpar calhas e ralos, tapar caixas d\u2019\u00e1gua, colocar garrafas e recipientes com a boca para baixo, preencher os pratos de vasos de plantas com areia, manter lonas de materiais de constru\u00e7\u00e3o e piscina sempre esticadas, guardar pneus velhos, manter ton\u00e9is e lat\u00f5es fechados. Vale lembrar que qualquer gota d\u2019\u00e1gua pode se tornar criadouro do mosquito.<\/p>\n\n\n\n<p>Os locais de aplica\u00e7\u00e3o s\u00e3o definidos pelo Departamento de Vigil\u00e2ncia em Sa\u00fade Ambiental com base nos casos notificados pelo setor de Vigil\u00e2ncia Epidemiol\u00f3gica, que aponta os locais com maiores notifica\u00e7\u00f5es da dengue.&nbsp;<\/p>\n\n\n\n<p>A Vigil\u00e2ncia Ambiental mant\u00e9m um trabalho de pronto-atendimento. Qualquer cidad\u00e3o pode ligar para o setor e pedir uma visita nos casos de infesta\u00e7\u00e3o de qualquer vetor. Os pedidos s\u00e3o atendidos, em m\u00e9dia, em uma semana. Nesses casos, os agentes averiguam a den\u00fancia e realizam a a\u00e7\u00e3o necess\u00e1ria para acabar com os vetores. As den\u00fancias podem ser feitas pelo telefone da Vigil\u00e2ncia Ambiental (21) 3195-5198, ramal 1008.&nbsp;&nbsp;&nbsp;&nbsp;<\/p>\n\n\n\n<p><strong>Programa\u00e7\u00e3o do controle das arboviroses:<\/strong><\/p>\n\n\n\n<p>Segunda-feira (6): V\u00e1rzea das Mo\u00e7as, J\u00f3quei, Marambaia, Pita e Trindade&nbsp;&nbsp;<\/p>\n\n\n\n<p>Ter\u00e7a-feira (7): Maria Paula, Coelho, Monjolos, Largo da Ideia, Jardim Catarina e Luiz Ca\u00e7ador<\/p>\n\n\n\n<p>Quarta-feira (8): Porto da Pedra, Coluband\u00ea, Vista Alegre, Jardim catarina e Recanto das Ac\u00e1cias&nbsp;<\/p>\n\n\n\n<p>Quinta-feira (9): Boa Vista, Barrac\u00e3o, Guarani, Jardim Catarina e Mutondo<\/p>\n\n\n\n<p>Sexta-feira (10): Feriado<\/p>\n\n\n\n<p><em>Foto: Julio Dini<\/em>z<\/p>\n\n\n\n<p><strong><em>#sgvaimudar<\/em><\/strong><\/p>\n\n\n\n<figure class=\"wp-block-image size-large\"><img fetchpriority=\"high\" decoding=\"async\" width=\"1024\" height=\"357\" src=\"https:\/\/sgvaimudar.com.br\/wp-content\/uploads\/2023\/08\/Logo-Provisoria-2-1-1024x357.png\" alt=\"\" class=\"wp-image-2779\" srcset=\"https:\/\/sgvaimudar.com.br\/wp-content\/uploads\/2023\/08\/Logo-Provisoria-2-1-1024x357.png 1024w, https:\/\/sgvaimudar.com.br\/wp-content\/uploads\/2023\/08\/Logo-Provisoria-2-1-300x105.png 300w, https:\/\/sgvaimudar.com.br\/wp-content\/uploads\/2023\/08\/Logo-Provisoria-2-1-768x268.png 768w, https:\/\/sgvaimudar.com.br\/wp-content\/uploads\/2023\/08\/Logo-Provisoria-2-1.png 1470w\" sizes=\"(max-width: 1024px) 100vw, 1024px\" \/><\/figure>\n","protected":false},"excerpt":{"rendered":"<p>Vigil\u00e2ncia Ambiental percorre bairros para pulveriza\u00e7\u00e3o de inseticida&nbsp; A Secretaria de Sa\u00fade da Prefeitura de S\u00e3o Gon\u00e7alo realiza, nesta semana,&hellip;<\/p>\n","protected":false},"author":5,"featured_media":18177,"comment_status":"open","ping_status":"open","sticky":false,"template":"","format":"standard","meta":{"fifu_image_url":"","fifu_image_alt":"","footnotes":""},"categories":[7],"tags":[],"class_list":["post-18176","post","type-post","status-publish","format-standard","has-post-thumbnail","hentry","category-saude"],"_links":{"self":[{"href":"https:\/\/sgvaimudar.com.br\/index.php\/wp-json\/wp\/v2\/posts\/18176","targetHints":{"allow":["GET"]}}],"collection":[{"href":"https:\/\/sgvaimudar.com.br\/index.php\/wp-json\/wp\/v2\/posts"}],"about":[{"href":"https:\/\/sgvaimudar.com.br\/index.php\/wp-json\/wp\/v2\/types\/post"}],"author":[{"embeddable":true,"href":"https:\/\/sgvaimudar.com.br\/index.php\/wp-json\/wp\/v2\/users\/5"}],"replies":[{"embeddable":true,"href":"https:\/\/sgvaimudar.com.br\/index.php\/wp-json\/wp\/v2\/comments?post=18176"}],"version-history":[{"count":1,"href":"https:\/\/sgvaimudar.com.br\/index.php\/wp-json\/wp\/v2\/posts\/18176\/revisions"}],"predecessor-version":[{"id":18178,"href":"https:\/\/sgvaimudar.com.br\/index.php\/wp-json\/wp\/v2\/posts\/18176\/revisions\/18178"}],"wp:featuredmedia":[{"embeddable":true,"href":"https:\/\/sgvaimudar.com.br\/index.php\/wp-json\/wp\/v2\/media\/18177"}],"wp:attachment":[{"href":"https:\/\/sgvaimudar.com.br\/index.php\/wp-json\/wp\/v2\/media?parent=18176"}],"wp:term":[{"taxonomy":"category","embeddable":true,"href":"https:\/\/sgvaimudar.com.br\/index.php\/wp-json\/wp\/v2\/categories?post=18176"},{"taxonomy":"post_tag","embeddable":true,"href":"https:\/\/sgvaimudar.com.br\/index.php\/wp-json\/wp\/v2\/tags?post=18176"}],"curies":[{"name":"wp","href":"https:\/\/api.w.org\/{rel}","templated":true}]}}