{"id":18153,"date":"2025-01-05T11:10:23","date_gmt":"2025-01-05T14:10:23","guid":{"rendered":"https:\/\/sgvaimudar.com.br\/?p=18153"},"modified":"2025-01-05T11:10:23","modified_gmt":"2025-01-05T14:10:23","slug":"artistas-em-alta-sao-goncalo-celebra-a-democratizacao-da-cultura","status":"publish","type":"post","link":"https:\/\/sgvaimudar.com.br\/index.php\/2025\/01\/05\/artistas-em-alta-sao-goncalo-celebra-a-democratizacao-da-cultura\/","title":{"rendered":"Artistas em alta: S\u00e3o Gon\u00e7alo celebra a democratiza\u00e7\u00e3o da cultura\u00a0"},"content":{"rendered":"\n<p><em>Eventos promovem inclus\u00e3o e valoriza\u00e7\u00e3o da diversidade<\/em><\/p>\n\n\n\n<p>A cidade de S\u00e3o Gon\u00e7alo, em 2024, se consolidou com a diversidade cultural, com a realiza\u00e7\u00e3o de eventos, que promovem a inclus\u00e3o, com o empreendedorismo local e com o fortalecimento das express\u00f5es art\u00edsticas em equipamentos culturais populares. Sob a coordena\u00e7\u00e3o da Secretaria de Cultura e Turismo, esses eventos marcaram um ano de intensa democratiza\u00e7\u00e3o cultural e de fortalecimento da identidade local.<\/p>\n\n\n\n<figure class=\"wp-block-image size-large\"><img fetchpriority=\"high\" decoding=\"async\" width=\"1024\" height=\"683\" src=\"https:\/\/sgvaimudar.com.br\/wp-content\/uploads\/2025\/01\/unnamed-6-1024x683.jpg\" alt=\"\" class=\"wp-image-18154\" srcset=\"https:\/\/sgvaimudar.com.br\/wp-content\/uploads\/2025\/01\/unnamed-6-1024x683.jpg 1024w, https:\/\/sgvaimudar.com.br\/wp-content\/uploads\/2025\/01\/unnamed-6-300x200.jpg 300w, https:\/\/sgvaimudar.com.br\/wp-content\/uploads\/2025\/01\/unnamed-6-768x512.jpg 768w, https:\/\/sgvaimudar.com.br\/wp-content\/uploads\/2025\/01\/unnamed-6-1536x1024.jpg 1536w, https:\/\/sgvaimudar.com.br\/wp-content\/uploads\/2025\/01\/unnamed-6-2048x1366.jpg 2048w\" sizes=\"(max-width: 1024px) 100vw, 1024px\" \/><\/figure>\n\n\n\n<p>O Centro Cultural Joaquim Lavoura, popularmente conhecido como Lavour\u00e3o, foi palco de duas importantes feiras que se destacaram pela promo\u00e7\u00e3o da cultura local e pela valoriza\u00e7\u00e3o do empreendedorismo. A Feira Aduke, realizada em tr\u00eas edi\u00e7\u00f5es durante o ano, \u00e9 uma a\u00e7\u00e3o da Coordenadoria de Promo\u00e7\u00e3o da Igualdade Racial e do Conselho de Defesa dos Direitos do Negro e Promo\u00e7\u00e3o de Igualdade Racial e \u00c9tnica de S\u00e3o Gon\u00e7alo (Comirsg), com apoio da Secretaria de Cultura e Turismo. <\/p>\n\n\n\n<figure class=\"wp-block-image size-full\"><img decoding=\"async\" width=\"1024\" height=\"683\" src=\"https:\/\/sgvaimudar.com.br\/wp-content\/uploads\/2025\/01\/unnamed-7-1.jpg\" alt=\"\" class=\"wp-image-18156\" srcset=\"https:\/\/sgvaimudar.com.br\/wp-content\/uploads\/2025\/01\/unnamed-7-1.jpg 1024w, https:\/\/sgvaimudar.com.br\/wp-content\/uploads\/2025\/01\/unnamed-7-1-300x200.jpg 300w, https:\/\/sgvaimudar.com.br\/wp-content\/uploads\/2025\/01\/unnamed-7-1-768x512.jpg 768w\" sizes=\"(max-width: 1024px) 100vw, 1024px\" \/><\/figure>\n\n\n\n<p>A feira tem como foco a inclus\u00e3o social, a diversidade cultural e o apoio ao empreendedorismo feminino, especialmente entre as mulheres negras do munic\u00edpio.<\/p>\n\n\n\n<p>J\u00e1 a Feira da Cultura aconteceu ao longo de todo o ano, com duas edi\u00e7\u00f5es mensais. O evento, que celebrou o artesanato, a gastronomia e as tradi\u00e7\u00f5es locais, trouxe ao Lavour\u00e3o uma vasta programa\u00e7\u00e3o com barracas de artesanato, pratos t\u00edpicos preparados por chefs locais e apresenta\u00e7\u00f5es culturais vibrantes.<\/p>\n\n\n\n<p>A Lona Cultural L\u00eddia Maria da Silva, no Jardim Catarina, se consolidou como um importante&nbsp;centro de difus\u00e3o cultural para todas as idades, recebendo diversos eventos ao longo de 2024. Um dos destaques foi a batalha de rimas Reis do Underground, que percorreu diversas rodas culturais de S\u00e3o Gon\u00e7alo, culminando em uma etapa de intensa disputa no pr\u00f3prio equipamento cultural.&nbsp;<\/p>\n\n\n\n<p>A Lona tamb\u00e9m sediou um dos eventos da 6\u00aa edi\u00e7\u00e3o da Festa Liter\u00e1ria de S\u00e3o Gon\u00e7alo (Flisgo), com o Encontros de Hist\u00f3rias, Contos e Criatividade, que visou estimular o imagin\u00e1rio infantil por meio da literatura. Outra grande atra\u00e7\u00e3o foi o Rei da Lona, com pocket shows dos artistas Funkero e Don Billy, al\u00e9m de sets de DJ Lz, batalhas de MCs e apresenta\u00e7\u00f5es de poesias e m\u00fasicas autorais, que proporcionaram um espa\u00e7o plural para as manifesta\u00e7\u00f5es urbanas.<\/p>\n\n\n\n<p>J\u00e1 o Centro de Tradi\u00e7\u00f5es Nordestinas, maior s\u00edmbolo da cultura nordestina na cidade, passou por uma revitaliza\u00e7\u00e3o e reabriu suas portas em grande estilo em maio, com a apresenta\u00e7\u00e3o da DJ Kora. O centro, que agora conta com 21 quiosques oferecendo comidas t\u00edpicas e artesanato nordestino, al\u00e9m de uma \u00e1rea de shows aconchegante, foi palco de uma s\u00e9rie de eventos de grande porte.&nbsp;<\/p>\n\n\n\n<p>Entre eles, o 2\u00ba Encontro Nacional de Motociclistas, que uniu m\u00fasica, gastronomia e a cultura automobil\u00edstica. O espa\u00e7o tamb\u00e9m recebeu o Baile dos Namorados e festivais como o SG Funk Fest, com apresenta\u00e7\u00f5es de funk e batalhas de rima, e o Festival Infantil de Capoeira (Festincap 2024), que envolveu crian\u00e7as em atividades culturais l\u00fadicas. Um dos maiores destaques foi o 1\u00ba Festival da Cultura Brasileira, que celebrou a diversidade cultural com atra\u00e7\u00f5es musicais e culturais de sabores, ritmos e celebra\u00e7\u00e3o da cultura brasileira.<\/p>\n\n\n\n<p>A secret\u00e1ria de Turismo e Cultura, Julia Sobreira, destacou que &#8220;esses eventos s\u00e3o um reflexo do compromisso da Prefeitura de S\u00e3o Gon\u00e7alo em democratizar o acesso \u00e0 cultura e promover a valoriza\u00e7\u00e3o da identidade local. As iniciativas realizadas ao longo do ano n\u00e3o apenas enriqueceram a vida cultural da cidade, mas tamb\u00e9m impulsionaram a economia criativa local, criando oportunidades para artes\u00e3os, artistas e empreendedores&#8221;.<\/p>\n\n\n\n<p><em>Fotos: Ascom<\/em><\/p>\n\n\n\n<p><strong><em>#sgvaimudar<\/em><\/strong><\/p>\n\n\n\n<figure class=\"wp-block-image size-large\"><img decoding=\"async\" width=\"1024\" height=\"321\" src=\"https:\/\/sgvaimudar.com.br\/wp-content\/uploads\/2023\/08\/Logo-Provisoria-2-1024x321.png\" alt=\"\" class=\"wp-image-2777\" srcset=\"https:\/\/sgvaimudar.com.br\/wp-content\/uploads\/2023\/08\/Logo-Provisoria-2-1024x321.png 1024w, https:\/\/sgvaimudar.com.br\/wp-content\/uploads\/2023\/08\/Logo-Provisoria-2-300x94.png 300w, https:\/\/sgvaimudar.com.br\/wp-content\/uploads\/2023\/08\/Logo-Provisoria-2-768x241.png 768w, https:\/\/sgvaimudar.com.br\/wp-content\/uploads\/2023\/08\/Logo-Provisoria-2-1536x482.png 1536w, https:\/\/sgvaimudar.com.br\/wp-content\/uploads\/2023\/08\/Logo-Provisoria-2-2048x642.png 2048w\" sizes=\"(max-width: 1024px) 100vw, 1024px\" \/><\/figure>\n","protected":false},"excerpt":{"rendered":"<p>Eventos promovem inclus\u00e3o e valoriza\u00e7\u00e3o da diversidade A cidade de S\u00e3o Gon\u00e7alo, em 2024, se consolidou com a diversidade cultural,&hellip;<\/p>\n","protected":false},"author":5,"featured_media":18155,"comment_status":"open","ping_status":"open","sticky":false,"template":"","format":"standard","meta":{"fifu_image_url":"","fifu_image_alt":"","footnotes":""},"categories":[6],"tags":[],"class_list":["post-18153","post","type-post","status-publish","format-standard","has-post-thumbnail","hentry","category-entretenimento"],"_links":{"self":[{"href":"https:\/\/sgvaimudar.com.br\/index.php\/wp-json\/wp\/v2\/posts\/18153","targetHints":{"allow":["GET"]}}],"collection":[{"href":"https:\/\/sgvaimudar.com.br\/index.php\/wp-json\/wp\/v2\/posts"}],"about":[{"href":"https:\/\/sgvaimudar.com.br\/index.php\/wp-json\/wp\/v2\/types\/post"}],"author":[{"embeddable":true,"href":"https:\/\/sgvaimudar.com.br\/index.php\/wp-json\/wp\/v2\/users\/5"}],"replies":[{"embeddable":true,"href":"https:\/\/sgvaimudar.com.br\/index.php\/wp-json\/wp\/v2\/comments?post=18153"}],"version-history":[{"count":1,"href":"https:\/\/sgvaimudar.com.br\/index.php\/wp-json\/wp\/v2\/posts\/18153\/revisions"}],"predecessor-version":[{"id":18157,"href":"https:\/\/sgvaimudar.com.br\/index.php\/wp-json\/wp\/v2\/posts\/18153\/revisions\/18157"}],"wp:featuredmedia":[{"embeddable":true,"href":"https:\/\/sgvaimudar.com.br\/index.php\/wp-json\/wp\/v2\/media\/18155"}],"wp:attachment":[{"href":"https:\/\/sgvaimudar.com.br\/index.php\/wp-json\/wp\/v2\/media?parent=18153"}],"wp:term":[{"taxonomy":"category","embeddable":true,"href":"https:\/\/sgvaimudar.com.br\/index.php\/wp-json\/wp\/v2\/categories?post=18153"},{"taxonomy":"post_tag","embeddable":true,"href":"https:\/\/sgvaimudar.com.br\/index.php\/wp-json\/wp\/v2\/tags?post=18153"}],"curies":[{"name":"wp","href":"https:\/\/api.w.org\/{rel}","templated":true}]}}