{"id":18104,"date":"2025-01-04T15:00:00","date_gmt":"2025-01-04T18:00:00","guid":{"rendered":"https:\/\/sgvaimudar.com.br\/?p=18104"},"modified":"2025-01-04T07:47:16","modified_gmt":"2025-01-04T10:47:16","slug":"retrospectiva-2024-conquistas-e-transformacoes-que-marcaram-a-historia-de-itaborai","status":"publish","type":"post","link":"https:\/\/sgvaimudar.com.br\/index.php\/2025\/01\/04\/retrospectiva-2024-conquistas-e-transformacoes-que-marcaram-a-historia-de-itaborai\/","title":{"rendered":"Retrospectiva 2024: conquistas e transforma\u00e7\u00f5es que marcaram a hist\u00f3ria de Itabora\u00ed"},"content":{"rendered":"\n<p><em>Por isso Delaroli foi reeleito para mais um mandato \u00e0 frente do Executivo municipal, com uma vota\u00e7\u00e3o expressiva<\/em><\/p>\n\n\n\n<p>O encerramento deste ciclo de quatro anos \u00e9 um momento de reflex\u00e3o e gratid\u00e3o. Ao longo deste per\u00edodo, Itabora\u00ed deu passos importantes rumo a um futuro mais pr\u00f3spero, com melhorias que impactaram diretamente a vida da popula\u00e7\u00e3o.<\/p>\n\n\n\n<figure class=\"wp-block-image size-large\"><img fetchpriority=\"high\" decoding=\"async\" width=\"1013\" height=\"1024\" src=\"https:\/\/sgvaimudar.com.br\/wp-content\/uploads\/2025\/01\/Retrospectiva-2024-conquistas-e-transformacoes-que-marcaram-a-historia-de-Itaborai-1013x1024.jpeg\" alt=\"\" class=\"wp-image-18105\" srcset=\"https:\/\/sgvaimudar.com.br\/wp-content\/uploads\/2025\/01\/Retrospectiva-2024-conquistas-e-transformacoes-que-marcaram-a-historia-de-Itaborai-1013x1024.jpeg 1013w, https:\/\/sgvaimudar.com.br\/wp-content\/uploads\/2025\/01\/Retrospectiva-2024-conquistas-e-transformacoes-que-marcaram-a-historia-de-Itaborai-297x300.jpeg 297w, https:\/\/sgvaimudar.com.br\/wp-content\/uploads\/2025\/01\/Retrospectiva-2024-conquistas-e-transformacoes-que-marcaram-a-historia-de-Itaborai-768x777.jpeg 768w, https:\/\/sgvaimudar.com.br\/wp-content\/uploads\/2025\/01\/Retrospectiva-2024-conquistas-e-transformacoes-que-marcaram-a-historia-de-Itaborai.jpeg 1066w\" sizes=\"(max-width: 1013px) 100vw, 1013px\" \/><\/figure>\n\n\n\n<p>O prefeito de Itabora\u00ed, Marcelo Delaroli, falou sobre o progresso da cidade e compartilhou sua vis\u00e3o sobre o futuro do munic\u00edpio, destacando as conquistas da atual gest\u00e3o e o compromisso com um desenvolvimento cont\u00ednuo. Vale destacar que Delaroli foi reeleito para mais um mandato \u00e0 frente do Executivo municipal, com uma vota\u00e7\u00e3o expressiva.<\/p>\n\n\n\n<p>&#8220;Olhando para tr\u00e1s, d\u00e1 para ver o quanto Itabora\u00ed cresceu. E, ao olharmos para o futuro, podemos enxergar uma cidade cada vez mais preparada para alcan\u00e7ar novos patamares de desenvolvimento. Que este novo ciclo que se inicia seja de ainda mais progresso, uni\u00e3o e realiza\u00e7\u00f5es, n\u00f3s estamos trabalhando para isso. Seguimos firmes nesta trajet\u00f3ria de transforma\u00e7\u00e3o, com o compromisso de continuar construindo um munic\u00edpio melhor para todos&#8221;, expressou Marcelo Delaroli.<\/p>\n\n\n\n<p>Este balan\u00e7o positivo \u00e9 resultado de um esfor\u00e7o coletivo, envolvendo servidores dedicados, parceiros comprometidos e, principalmente, a confian\u00e7a e participa\u00e7\u00e3o ativa da popula\u00e7\u00e3o.<\/p>\n\n\n\n<p><strong>Retrospectiva 2024<\/strong><\/p>\n\n\n\n<p><strong>Secretaria Municipal de Sa\u00fade<\/strong><br>&#8211; Mais de 250 mil pessoas atendidas no hospital<br>&#8211; Mais de 2.640 acolhimentos realizados pelo Servi\u00e7o de Atendimento M\u00f3vel de Urg\u00eancia (SAMU)<br>&#8211; Mais de 1,3 milh\u00f5es de atendimentos nas Unidades de Aten\u00e7\u00e3o Prim\u00e1ria \u00e0 Sa\u00fade<br>&#8211; Aproximadamente 300 mil atendimentos e procedimentos de Sa\u00fade Especializada<br>&#8211; Pr\u00eamio Band Cidades Excelentes: 2\u00b0 lugar na categoria Sa\u00fade e Bem-Estar<br>&#8211; Inaugura\u00e7\u00e3o do primeiro Centro de Abastecimento de Insumos de Sa\u00fade (CABIS) da regi\u00e3o<br>&#8211; Inaugura\u00e7\u00e3o das Unidades de Sa\u00fade de Agro Brasil, Sambaetiba e Granjas Cabu\u00e7u, ap\u00f3s 10 anos de obras paradas<br>&#8211; Moderniza\u00e7\u00e3o da Sala Semi-Intensiva do Hospital Municipal Desembargador Leal Junior<br>&#8211; Certifica\u00e7\u00e3o da Elimina\u00e7\u00e3o da Transmiss\u00e3o Vertical do HIV<br>&#8211; Novembro Azul (Sa\u00fade do homem) com a\u00e7\u00f5es voltadas \u00e0 sa\u00fade masculina<br>&#8211; A\u00e7\u00e3o de Bloqueio com Carro Fumac\u00ea e Motofog, com cobertura de mais de 20.000 km de janeiro a outubro para combate a casos notificados de arboviroses<br>&#8211; Projeto Dia D Vacina\u00e7\u00e3o na Escola, abrangendo 69 unidades e vacinando 2.955 pessoas com 4.963 doses aplicadas.<br>&#8211; IV Semin\u00e1rio de Promo\u00e7\u00e3o da Sa\u00fade da Popula\u00e7\u00e3o Negra<br>&#8211; Outubro Rosa com diversas a\u00e7\u00f5es, incluindo roda de conversa, caminhada e palestras para mulheres das secretarias municipais.<\/p>\n\n\n\n<p><strong>Secretaria Municipal de Educa\u00e7\u00e3o<\/strong><br>&#8211; Inaugura\u00e7\u00e3o da Escola Municipal Manoel Ribeiro Gomes da Silva, no Bairro Esperan\u00e7a, com capacidade para quase mil alunos<br>&#8211; Revitaliza\u00e7\u00e3o da Escola Municipal Jornalista Alberto Torres, no Apolo<br>&#8211; Revitaliza\u00e7\u00e3o do CEMEI de Tempo Integral Prof\u00aa Maria Cec\u00edlia Coutinho Barros, em Planalto Marambaia<br>&#8211; Revitaliza\u00e7\u00e3o da Escola Municipal Dr. Adhem\u00e1rio Rodrigues de Oliveira, no bairro S\u00e3o Joaquim<br>&#8211; Revitaliza\u00e7\u00e3o da &nbsp;Escola Municipal Professora Cec\u00edlia Augusta dos Santos, em Outeiro das Pedras<br>&#8211; Revitaliza\u00e7\u00e3o da Escola Municipal Promotor Luiz Carlos Caffaro, em Amplia\u00e7\u00e3o<br>&#8211; Revitaliza\u00e7\u00e3o da Escola Municipalizada Odilon Bernardes (CIEP 478), em Marambaia<br>&#8211; Revitaliza\u00e7\u00e3o da Escola Municipal Luzia Gomes de Oliveira, em Itambi<br>&#8211; Revitaliza\u00e7\u00e3o da Escola Municipal Roberta Maria Sodr\u00e9 de Macedo, no Apolo<br>&#8211; Revitaliza\u00e7\u00e3o da Escola Municipal Professora Marly Cid Almeida de Abreu, em Nancil\u00e2ndia<br>&#8211; Revitaliza\u00e7\u00e3o da Escola Municipal Ant\u00f4nio Santos da Silva, em Venda das Pedras<br>&#8211; Revitaliza\u00e7\u00e3o da Escola Municipal Auto Rodrigues de Freitas, em Manilha<br>&#8211; Conquista do Selo Nacional Compromisso com a Alfabetiza\u00e7\u00e3o na categoria Ouro<br>&#8211; Abertura de concurso p\u00fablico para a Educa\u00e7\u00e3o<\/p>\n\n\n\n<p><strong>Secretaria Municipal de Servi\u00e7os P\u00fablicos e Obras<\/strong><br>&#8211; Instala\u00e7\u00e3o de mais de 18 mil l\u00e2mpadas de LED em v\u00e1rios bairros<br>&#8211; Revitaliza\u00e7\u00e3o da Pra\u00e7a Tadeu da Silva, em Joaquim de Oliveira<br>&#8211; Revitaliza\u00e7\u00e3o da Pra\u00e7a Jo\u00e3o Leonardo Fernandes, no Apolo<br>&#8211; Revitaliza\u00e7\u00e3o da Pra\u00e7a Antonio Claro da Costa, em Amplia\u00e7\u00e3o<br>&#8211; Revitaliza\u00e7\u00e3o das pra\u00e7as de Porto das Caixas, Pacheco e Retiro S\u00e3o Joaquim<br>&#8211; Avan\u00e7o nas obras de revitaliza\u00e7\u00e3o da Avenida 22 de Maio<\/p>\n\n\n\n<p><strong>Secretaria Municipal de Desenvolvimento Social<\/strong><br>&#8211; 523 atendimentos no Centro Especializado de Atendimento \u00e0 Mulher (CEAM)<br>&#8211; Mais de 5 mil atendimentos realizados no Centro POP, respons\u00e1vel pelo acolhimento e atendimento de pessoas em situa\u00e7\u00e3o de rua<br>&#8211; Qualifica\u00e7\u00e3o de 484 pessoas nas oficinas profissionalizantes<\/p>\n\n\n\n<p><strong>Secretaria Municipal de Turismo e Eventos<\/strong><br>&#8211; Realiza\u00e7\u00e3o de shows de anivers\u00e1rio de 191 anos da cidade, com diversas atra\u00e7\u00f5es como Alok, Simone Mendes, Xande de Pilares, Alexandre Pires e artistas locais<br>&#8211; Realiza\u00e7\u00e3o do Ita Folia (carnaval), com as atra\u00e7\u00f5es Monobloco, Cord\u00e3o do Bola Preta, Carrossel de Emo\u00e7\u00f5es, Simpatia \u00e9 quase amor e cantores locais<br>&#8211; Realiza\u00e7\u00e3o do Samba do Trabalhador, com artistas locais<br>&#8211; Apoio a eventos religiosos na cidade, como Festa de S\u00e3o Jo\u00e3o, S\u00e3o Pedro e Corpus Christi<br>&#8211; Realiza\u00e7\u00e3o do Dia das Crian\u00e7as nas pra\u00e7as de Itabora\u00ed (Centro), Manilha, Itambi e S\u00e3o Jos\u00e9<br>&#8211; Realiza\u00e7\u00e3o do Ita Fogo Fest, na final da Ta\u00e7a Libertadores<br>&#8211; Inaugura\u00e7\u00e3o do Natal Ita Luz, na Pra\u00e7a Marechal Floriano Peixoto, no Centro e ainda nas pra\u00e7as de Manilha e Itambi<\/p>\n\n\n\n<p><strong>Secretaria Municipal de Agricultura<\/strong><br>&#8211; Foram concedidos mais de R$ 1,5 milh\u00e3o em cr\u00e9dito rural para mais de 6 produtores rurais, fortalecendo a agricultura local;<br>&#8211; 280 toneladas de alimentos da agricultura familiar foram destinadas \u00e0 merenda escolar da rede municipal;<br>&#8211; 1.197 c\u00e3es e gatos de pequeno porte foram castrados;<br>&#8211; 87% dos animais do munic\u00edpio foram vacinados contra febre aftosa e raiva, alcan\u00e7ando o novo recorde de cobertura vacinal.<br>&#8211; Erradica\u00e7\u00e3o da febre aftosa no munic\u00edpio, se consolidando como refer\u00eancia na \u00e1rea;<br>&#8211; Coleta de 351.338 kg de res\u00edduos s\u00f3lidos no mangue de Itambi, em parceria com o projeto \u00c1guas da Guanabara;<br>&#8211; Aquisi\u00e7\u00e3o de tr\u00eas tratores, quatro implementos agr\u00edcolas e novos ve\u00edculos, incluindo uma ambul\u00e2ncia, refor\u00e7ando o atendimento \u00e0 popula\u00e7\u00e3o;<\/p>\n\n\n\n<p><strong>Secretaria Municipal de Cultura<\/strong><br>&#8211; Abertura dos editais da Lei Paulo Gustavo, que contemplou os fazedores de cultura da cidade com mais de 2 milh\u00f5es de reais<br>&#8211; 5 mil alunos da rede p\u00fablica participaram da visita guiada no centro hist\u00f3rico e no Alzir\u00e3o<br>&#8211; Abertura dos editais da Lei Aldir Blanc 2, contemplando 146 fazedores de cultura com 1,5 milh\u00f5es de reais<br>&#8211; Chamamento p\u00fablico para o Espa\u00e7o do Artes\u00e3o, beneficiando 80 fam\u00edlias<br>&#8211; Renova\u00e7\u00e3o de parte do acervo da Biblioteca Municipal Joaquim Manoel de Macedo<br>&#8211; Licita\u00e7\u00e3o e in\u00edcio das obras do Teatro Municipal Jo\u00e3o Caetano<\/p>\n\n\n\n<p><strong>Secretaria Municipal de Esporte e Lazer<\/strong><br>&#8211; Inaugura\u00e7\u00e3o do centro de lutas<br>&#8211; Amplia\u00e7\u00e3o do Projeto Transformar, com 22 n\u00facleos, incluindo aulas de taekwondo, futebol ,futsal, jiu-jitsu e gin\u00e1stica para terceira idade, atendendo quase 1,5 mil pessoas.<br>&#8211; Caminhadas Outubro Rosa e Onda Verde<br>&#8211; Lan\u00e7amento do Programa Idade Ativa<br>&#8211; Pedais de anivers\u00e1rio da cidade, Novembro Azul e Ita Luz<br>&#8211; Renova\u00e7\u00e3o do Projeto Viva V\u00f4lei<br>&#8211; Campeonato municipal de categoria de base<br>&#8211; Primeiro Training Camping de Taekwondo<\/p>\n\n\n\n<p><strong>Secretaria Municipal de Habita\u00e7\u00e3o e Servi\u00e7os Sociais<\/strong><br>&#8211; Assinatura de 600 contratos das unidades habitacionais e entrega das chaves pelo Programa Minha Casa Minha Vida<br>&#8211; Regulariza\u00e7\u00e3o Fundi\u00e1ria Urbana (REURB) com avan\u00e7o na atualiza\u00e7\u00e3o dos cadastros nos bairros Reta Velha, Reta Nova, Col\u00f4nia e Venda das Pedras, realizada em agosto de 2024.<br>&#8211; Realiza\u00e7\u00e3o do recadastramento socioecon\u00f4mico das fam\u00edlias beneficiadas,<\/p>\n\n\n\n<p><strong>Secretaria Municipal de Meio Ambiente e Urbanismo<\/strong><br>&#8211; Atividades realizadas no setor de fiscaliza\u00e7\u00e3o ambiental incluem a aplica\u00e7\u00e3o de san\u00e7\u00f5es e a emiss\u00e3o de documentos t\u00e9cnicos, totalizando 696 An\u00e1lises<br>&#8211; No setor de fiscaliza\u00e7\u00e3o de urbanismo, as a\u00e7\u00f5es envolveram a vistoria de obras e a aplica\u00e7\u00e3o de medidas corretivas e san\u00e7\u00f5es, totalizando 507 Vistorias realizadas<\/p>\n\n\n\n<p><strong>Secretaria Municipal de Transporte<\/strong><br>&#8211; Retorno do \u00f4nibus tarifa zero (Laranjinha)<br>&#8211; A\u00e7\u00e3o educativa com conscientiza\u00e7\u00e3o e servi\u00e7os gratuitos para a popula\u00e7\u00e3o,<\/p>\n\n\n\n<p><strong>Secretaria Municipal de Seguran\u00e7a<\/strong><br>&#8211; Entrega de tr\u00eas novas viaturas para a Guarda Municipal e Patrulha Maria da Penha em parceria com o Governo Federal.<\/p>\n\n\n\n<p><strong><em>#SGVAIMUDAR<\/em><\/strong><\/p>\n\n\n\n<figure class=\"wp-block-image size-large\"><img decoding=\"async\" width=\"1024\" height=\"357\" src=\"https:\/\/sgvaimudar.com.br\/wp-content\/uploads\/2023\/08\/Logo-Provisoria-2-1-1024x357.png\" alt=\"\" class=\"wp-image-2779\" srcset=\"https:\/\/sgvaimudar.com.br\/wp-content\/uploads\/2023\/08\/Logo-Provisoria-2-1-1024x357.png 1024w, https:\/\/sgvaimudar.com.br\/wp-content\/uploads\/2023\/08\/Logo-Provisoria-2-1-300x105.png 300w, https:\/\/sgvaimudar.com.br\/wp-content\/uploads\/2023\/08\/Logo-Provisoria-2-1-768x268.png 768w, https:\/\/sgvaimudar.com.br\/wp-content\/uploads\/2023\/08\/Logo-Provisoria-2-1.png 1470w\" sizes=\"(max-width: 1024px) 100vw, 1024px\" \/><\/figure>\n","protected":false},"excerpt":{"rendered":"<p>Por isso Delaroli foi reeleito para mais um mandato \u00e0 frente do Executivo municipal, com uma vota\u00e7\u00e3o expressiva O encerramento&hellip;<\/p>\n","protected":false},"author":5,"featured_media":18106,"comment_status":"open","ping_status":"open","sticky":false,"template":"","format":"standard","meta":{"fifu_image_url":"","fifu_image_alt":"","footnotes":""},"categories":[3],"tags":[],"class_list":["post-18104","post","type-post","status-publish","format-standard","has-post-thumbnail","hentry","category-sao-goncalo"],"_links":{"self":[{"href":"https:\/\/sgvaimudar.com.br\/index.php\/wp-json\/wp\/v2\/posts\/18104","targetHints":{"allow":["GET"]}}],"collection":[{"href":"https:\/\/sgvaimudar.com.br\/index.php\/wp-json\/wp\/v2\/posts"}],"about":[{"href":"https:\/\/sgvaimudar.com.br\/index.php\/wp-json\/wp\/v2\/types\/post"}],"author":[{"embeddable":true,"href":"https:\/\/sgvaimudar.com.br\/index.php\/wp-json\/wp\/v2\/users\/5"}],"replies":[{"embeddable":true,"href":"https:\/\/sgvaimudar.com.br\/index.php\/wp-json\/wp\/v2\/comments?post=18104"}],"version-history":[{"count":1,"href":"https:\/\/sgvaimudar.com.br\/index.php\/wp-json\/wp\/v2\/posts\/18104\/revisions"}],"predecessor-version":[{"id":18107,"href":"https:\/\/sgvaimudar.com.br\/index.php\/wp-json\/wp\/v2\/posts\/18104\/revisions\/18107"}],"wp:featuredmedia":[{"embeddable":true,"href":"https:\/\/sgvaimudar.com.br\/index.php\/wp-json\/wp\/v2\/media\/18106"}],"wp:attachment":[{"href":"https:\/\/sgvaimudar.com.br\/index.php\/wp-json\/wp\/v2\/media?parent=18104"}],"wp:term":[{"taxonomy":"category","embeddable":true,"href":"https:\/\/sgvaimudar.com.br\/index.php\/wp-json\/wp\/v2\/categories?post=18104"},{"taxonomy":"post_tag","embeddable":true,"href":"https:\/\/sgvaimudar.com.br\/index.php\/wp-json\/wp\/v2\/tags?post=18104"}],"curies":[{"name":"wp","href":"https:\/\/api.w.org\/{rel}","templated":true}]}}