{"id":18074,"date":"2025-01-04T08:00:00","date_gmt":"2025-01-04T11:00:00","guid":{"rendered":"https:\/\/sgvaimudar.com.br\/?p=18074"},"modified":"2025-01-04T06:49:10","modified_gmt":"2025-01-04T09:49:10","slug":"apos-recusar-oferta-flamengo-e-procurado-por-mais-dois-times-europeus-interessados-em-wesley","status":"publish","type":"post","link":"https:\/\/sgvaimudar.com.br\/index.php\/2025\/01\/04\/apos-recusar-oferta-flamengo-e-procurado-por-mais-dois-times-europeus-interessados-em-wesley\/","title":{"rendered":"Ap\u00f3s recusar oferta, Flamengo \u00e9 procurado por mais dois times europeus interessados em Wesley"},"content":{"rendered":"\n<p><em>Lateral est\u00e1 valorizado no mercado ap\u00f3s boa temporada, mas Rubro-Negro faz jogo duro<\/em><\/p>\n\n\n\n<p>O lateral-direito Wesley segue atraindo olhares da Europa. Ap\u00f3s o Flamengo\u00a0recusar uma proposta pelo jogador de quase R$ 100 milh\u00f5es feita pelo Aston Villa (Inglaterra),\u00a0Milan (It\u00e1lia) e Everton (Inglaterra) tamb\u00e9m entraram em contato com o time carioca para sinalizar interesse no atleta. <\/p>\n\n\n\n<p>O Milan, inclusive, chegou a acenar com uma oferta.\u00a0Os italianos se mostraram dispostos a pagar\u00a020 milh\u00f5es de euros (R$ 126,6 milh\u00f5es) pelo jogador, valor semelhante ao que foi oferecido pela Atalanta-ITA em agosto do ano passado. O Everton tamb\u00e9m pretende chegar nesse valor.<\/p>\n\n\n\n<p>O entendimento do Flamengo \u00e9 que, desde a recusa \u00e0 proposta do Atalanta, o cen\u00e1rio mudou. Wesley\u00a0cresceu de produ\u00e7\u00e3o e se valorizou ainda mais no mercado. Por isso, o Rubro-Negro entende que os 20 milh\u00f5es de euros pelo camisa 43 est\u00e3o abaixo do esperado neste momento.<\/p>\n\n\n\n<p>Ap\u00f3s a escolha de Wesley como melhor lateral do Brasileir\u00e3o,\u00a0a ideia do Flamengo \u00e9 negoci\u00e1-lo por, no m\u00ednimo,\u00a030 milh\u00f5es de euros (cerca de R$ 190 milh\u00f5es). Por\u00e9m, a venda s\u00f3 deve acontecer no segundo semestre, ap\u00f3s o Mundial de Clubes.<\/p>\n\n\n\n<p>Wesley foi um dos principais destaques do Flamengo na reta final da temporada. O lateral cresceu de produ\u00e7\u00e3o ap\u00f3s Filipe Lu\u00eds assumir a equipe no ano passado e se consolidou como titular absoluto da posi\u00e7\u00e3o.<\/p>\n\n\n\n<p><em>Fonte: gE<\/em><\/p>\n\n\n\n<figure class=\"wp-block-image size-large\"><img fetchpriority=\"high\" decoding=\"async\" width=\"1024\" height=\"357\" src=\"https:\/\/sgvaimudar.com.br\/wp-content\/uploads\/2023\/08\/Logo-Provisoria-2-1-1024x357.png\" alt=\"\" class=\"wp-image-2779\" srcset=\"https:\/\/sgvaimudar.com.br\/wp-content\/uploads\/2023\/08\/Logo-Provisoria-2-1-1024x357.png 1024w, https:\/\/sgvaimudar.com.br\/wp-content\/uploads\/2023\/08\/Logo-Provisoria-2-1-300x105.png 300w, https:\/\/sgvaimudar.com.br\/wp-content\/uploads\/2023\/08\/Logo-Provisoria-2-1-768x268.png 768w, https:\/\/sgvaimudar.com.br\/wp-content\/uploads\/2023\/08\/Logo-Provisoria-2-1.png 1470w\" sizes=\"(max-width: 1024px) 100vw, 1024px\" \/><\/figure>\n","protected":false},"excerpt":{"rendered":"<p>Lateral est\u00e1 valorizado no mercado ap\u00f3s boa temporada, mas Rubro-Negro faz jogo duro O lateral-direito Wesley segue atraindo olhares da&hellip;<\/p>\n","protected":false},"author":5,"featured_media":18075,"comment_status":"open","ping_status":"open","sticky":false,"template":"","format":"standard","meta":{"fifu_image_url":"","fifu_image_alt":"","footnotes":""},"categories":[5],"tags":[],"class_list":["post-18074","post","type-post","status-publish","format-standard","has-post-thumbnail","hentry","category-esportes"],"_links":{"self":[{"href":"https:\/\/sgvaimudar.com.br\/index.php\/wp-json\/wp\/v2\/posts\/18074","targetHints":{"allow":["GET"]}}],"collection":[{"href":"https:\/\/sgvaimudar.com.br\/index.php\/wp-json\/wp\/v2\/posts"}],"about":[{"href":"https:\/\/sgvaimudar.com.br\/index.php\/wp-json\/wp\/v2\/types\/post"}],"author":[{"embeddable":true,"href":"https:\/\/sgvaimudar.com.br\/index.php\/wp-json\/wp\/v2\/users\/5"}],"replies":[{"embeddable":true,"href":"https:\/\/sgvaimudar.com.br\/index.php\/wp-json\/wp\/v2\/comments?post=18074"}],"version-history":[{"count":1,"href":"https:\/\/sgvaimudar.com.br\/index.php\/wp-json\/wp\/v2\/posts\/18074\/revisions"}],"predecessor-version":[{"id":18076,"href":"https:\/\/sgvaimudar.com.br\/index.php\/wp-json\/wp\/v2\/posts\/18074\/revisions\/18076"}],"wp:featuredmedia":[{"embeddable":true,"href":"https:\/\/sgvaimudar.com.br\/index.php\/wp-json\/wp\/v2\/media\/18075"}],"wp:attachment":[{"href":"https:\/\/sgvaimudar.com.br\/index.php\/wp-json\/wp\/v2\/media?parent=18074"}],"wp:term":[{"taxonomy":"category","embeddable":true,"href":"https:\/\/sgvaimudar.com.br\/index.php\/wp-json\/wp\/v2\/categories?post=18074"},{"taxonomy":"post_tag","embeddable":true,"href":"https:\/\/sgvaimudar.com.br\/index.php\/wp-json\/wp\/v2\/tags?post=18074"}],"curies":[{"name":"wp","href":"https:\/\/api.w.org\/{rel}","templated":true}]}}