{"id":18049,"date":"2025-01-03T14:00:00","date_gmt":"2025-01-03T17:00:00","guid":{"rendered":"https:\/\/sgvaimudar.com.br\/?p=18049"},"modified":"2025-01-03T10:29:27","modified_gmt":"2025-01-03T13:29:27","slug":"governador-do-rio-anuncia-antonio-jose-campos-moreira-como-novo-procurador-geral-de-justica","status":"publish","type":"post","link":"https:\/\/sgvaimudar.com.br\/index.php\/2025\/01\/03\/governador-do-rio-anuncia-antonio-jose-campos-moreira-como-novo-procurador-geral-de-justica\/","title":{"rendered":"Governador do Rio anuncia Antonio Jos\u00e9 Campos Moreira como\u00a0novo procurador-geral de Justi\u00e7a"},"content":{"rendered":"\n<p><em>Escolha de Cl\u00e1udio Castro foi feita ap\u00f3s\u00a0an\u00e1lise da lista apresentada pelo Minist\u00e9rio P\u00fablico<\/em><\/p>\n\n\n\n<p>O governador Cl\u00e1udio Castro anunciou, nesta quinta-feira (02\/01),\u00a0Antonio Jos\u00e9 Campos Moreira como\u00a0novo procurador-geral de Justi\u00e7a. A escolha foi feita ap\u00f3s\u00a0an\u00e1lise da lista apresentada pelo Minist\u00e9rio P\u00fablico do Estado do Rio de Janeiro.\u00a0Antonio Jos\u00e9\u00a0assume o mandato por um per\u00edodo de dois anos, para o bi\u00eanio 2025\/2027.\u00a0A nomea\u00e7\u00e3o foi publicada no Di\u00e1rio Oficial Extra.<\/p>\n\n\n\n<figure class=\"wp-block-image size-large\"><img fetchpriority=\"high\" decoding=\"async\" width=\"1024\" height=\"683\" src=\"https:\/\/sgvaimudar.com.br\/wp-content\/uploads\/2025\/01\/P_L_7687-1024x683.jpg\" alt=\"\" class=\"wp-image-18050\" srcset=\"https:\/\/sgvaimudar.com.br\/wp-content\/uploads\/2025\/01\/P_L_7687-1024x683.jpg 1024w, https:\/\/sgvaimudar.com.br\/wp-content\/uploads\/2025\/01\/P_L_7687-300x200.jpg 300w, https:\/\/sgvaimudar.com.br\/wp-content\/uploads\/2025\/01\/P_L_7687-768x512.jpg 768w, https:\/\/sgvaimudar.com.br\/wp-content\/uploads\/2025\/01\/P_L_7687-1536x1024.jpg 1536w, https:\/\/sgvaimudar.com.br\/wp-content\/uploads\/2025\/01\/P_L_7687-2048x1365.jpg 2048w\" sizes=\"(max-width: 1024px) 100vw, 1024px\" \/><\/figure>\n\n\n\n<p>&#8220;O Minist\u00e9rio P\u00fablico \u00e9 fundamental para o Estado, atuando\u00a0na defesa do regime jur\u00eddico e preservando a Constitui\u00e7\u00e3o Federal e os interesses da sociedade. Nomear o procurador\u00a0Antonio Jos\u00e9 Campos Moreira, que\u00a0tem muita credibilidade e quase 40 anos de experi\u00eancia no MP,\u00a0garante a continuidade do regime democr\u00e1tico de direito&#8221;, destacou o governador.<\/p>\n\n\n\n<p>A lista \u00e9 o resultado de uma elei\u00e7\u00e3o interna realizada pelo Minist\u00e9rio P\u00fablico, que sugere tr\u00eas nomes para que o governador possa escolher o pr\u00f3ximo membro do MP. No ano passado, o procurador Antonio Jos\u00e9 Campos Moreira foi o mais votado, com 583 votos, contra 346 de Leila Costa, sua \u00fanica concorrente.<\/p>\n\n\n\n<p><strong>Perfil<\/strong><\/p>\n\n\n\n<p>O novo procurador-geral iniciou&nbsp;a sua carreira no MP em 1987.&nbsp;Antonio Jos\u00e9 \u00e9 titular da 1\u00aa Procuradoria de Justi\u00e7a, junto \u00e0 2\u00aa C\u00e2mara Criminal do Tribunal de Justi\u00e7a do Estado do Rio (TJ-RJ). Tamb\u00e9m est\u00e1 vinculado ao 1\u00ba Grupo de C\u00e2maras Criminais.&nbsp;<\/p>\n\n\n\n<p>Professor em\u00e9rito da Funda\u00e7\u00e3o Escola Superior do Minist\u00e9rio P\u00fablico e da Escola de Magistratura do Rio de Janeiro,&nbsp;Antonio j\u00e1 ocupou os cargos de procurador-geral de Justi\u00e7a em exerc\u00edcio e subprocurador-geral de Justi\u00e7a, e foi assessor-chefe da Assessoria de Assuntos Institucionais e da Assessoria de Atribui\u00e7\u00e3o Origin\u00e1ria Criminal.<\/p>\n\n\n\n<p><em>Fotos: Philippe Lima<\/em><\/p>\n\n\n\n<p><strong><em><sup>#SGVAIMUDAR<\/sup><\/em><\/strong><\/p>\n\n\n\n<figure class=\"wp-block-image size-large\"><img decoding=\"async\" width=\"1024\" height=\"357\" src=\"https:\/\/sgvaimudar.com.br\/wp-content\/uploads\/2023\/08\/Logo-Provisoria-2-1-1024x357.png\" alt=\"\" class=\"wp-image-2779\" srcset=\"https:\/\/sgvaimudar.com.br\/wp-content\/uploads\/2023\/08\/Logo-Provisoria-2-1-1024x357.png 1024w, https:\/\/sgvaimudar.com.br\/wp-content\/uploads\/2023\/08\/Logo-Provisoria-2-1-300x105.png 300w, https:\/\/sgvaimudar.com.br\/wp-content\/uploads\/2023\/08\/Logo-Provisoria-2-1-768x268.png 768w, https:\/\/sgvaimudar.com.br\/wp-content\/uploads\/2023\/08\/Logo-Provisoria-2-1.png 1470w\" sizes=\"(max-width: 1024px) 100vw, 1024px\" \/><\/figure>\n","protected":false},"excerpt":{"rendered":"<p>Escolha de Cl\u00e1udio Castro foi feita ap\u00f3s\u00a0an\u00e1lise da lista apresentada pelo Minist\u00e9rio P\u00fablico O governador Cl\u00e1udio Castro anunciou, nesta quinta-feira&hellip;<\/p>\n","protected":false},"author":5,"featured_media":18051,"comment_status":"open","ping_status":"open","sticky":false,"template":"","format":"standard","meta":{"fifu_image_url":"","fifu_image_alt":"","footnotes":""},"categories":[4],"tags":[],"class_list":["post-18049","post","type-post","status-publish","format-standard","has-post-thumbnail","hentry","category-brasil"],"_links":{"self":[{"href":"https:\/\/sgvaimudar.com.br\/index.php\/wp-json\/wp\/v2\/posts\/18049","targetHints":{"allow":["GET"]}}],"collection":[{"href":"https:\/\/sgvaimudar.com.br\/index.php\/wp-json\/wp\/v2\/posts"}],"about":[{"href":"https:\/\/sgvaimudar.com.br\/index.php\/wp-json\/wp\/v2\/types\/post"}],"author":[{"embeddable":true,"href":"https:\/\/sgvaimudar.com.br\/index.php\/wp-json\/wp\/v2\/users\/5"}],"replies":[{"embeddable":true,"href":"https:\/\/sgvaimudar.com.br\/index.php\/wp-json\/wp\/v2\/comments?post=18049"}],"version-history":[{"count":1,"href":"https:\/\/sgvaimudar.com.br\/index.php\/wp-json\/wp\/v2\/posts\/18049\/revisions"}],"predecessor-version":[{"id":18052,"href":"https:\/\/sgvaimudar.com.br\/index.php\/wp-json\/wp\/v2\/posts\/18049\/revisions\/18052"}],"wp:featuredmedia":[{"embeddable":true,"href":"https:\/\/sgvaimudar.com.br\/index.php\/wp-json\/wp\/v2\/media\/18051"}],"wp:attachment":[{"href":"https:\/\/sgvaimudar.com.br\/index.php\/wp-json\/wp\/v2\/media?parent=18049"}],"wp:term":[{"taxonomy":"category","embeddable":true,"href":"https:\/\/sgvaimudar.com.br\/index.php\/wp-json\/wp\/v2\/categories?post=18049"},{"taxonomy":"post_tag","embeddable":true,"href":"https:\/\/sgvaimudar.com.br\/index.php\/wp-json\/wp\/v2\/tags?post=18049"}],"curies":[{"name":"wp","href":"https:\/\/api.w.org\/{rel}","templated":true}]}}