{"id":17999,"date":"2025-01-02T14:00:00","date_gmt":"2025-01-02T17:00:00","guid":{"rendered":"https:\/\/sgvaimudar.com.br\/?p=17999"},"modified":"2025-01-02T11:44:22","modified_gmt":"2025-01-02T14:44:22","slug":"marcelo-delaroli-toma-posse-para-segundo-mandato-como-prefeito-de-itaborai","status":"publish","type":"post","link":"https:\/\/sgvaimudar.com.br\/index.php\/2025\/01\/02\/marcelo-delaroli-toma-posse-para-segundo-mandato-como-prefeito-de-itaborai\/","title":{"rendered":"Marcelo Delaroli toma posse para segundo mandato como prefeito de Itabora\u00ed"},"content":{"rendered":"\n<p><em>A solenidade aconteceu na quadra do Clube Vera Gol, no bairro Outeiro das Pedras<\/em><\/p>\n\n\n\n<p>Na noite da \u00faltima quarta-feira, 1\u00ba de janeiro de 2025, <\/p>\n\n\n\n<p>O prefeito reeleito de Itabora\u00ed, Marcelo Delaroli (PL), e o vice-prefeito Elber Corr\u00eaa (PP), tomaram posse, na noite da \u00faltima quarta-feira, (1\/2), para o segundo mandato, que se estender\u00e1 de 2025 a 2028. A solenidade contou com grande emo\u00e7\u00e3o e participa\u00e7\u00e3o popular.<\/p>\n\n\n\n<figure class=\"wp-block-image size-large\"><img fetchpriority=\"high\" decoding=\"async\" width=\"1024\" height=\"683\" src=\"https:\/\/sgvaimudar.com.br\/wp-content\/uploads\/2025\/01\/Marcelo-Delaroli-toma-posse-para-segundo-mandato-como-prefeito-de-Itaborai-3-1024x683.jpeg\" alt=\"\" class=\"wp-image-18000\" srcset=\"https:\/\/sgvaimudar.com.br\/wp-content\/uploads\/2025\/01\/Marcelo-Delaroli-toma-posse-para-segundo-mandato-como-prefeito-de-Itaborai-3-1024x683.jpeg 1024w, https:\/\/sgvaimudar.com.br\/wp-content\/uploads\/2025\/01\/Marcelo-Delaroli-toma-posse-para-segundo-mandato-como-prefeito-de-Itaborai-3-300x200.jpeg 300w, https:\/\/sgvaimudar.com.br\/wp-content\/uploads\/2025\/01\/Marcelo-Delaroli-toma-posse-para-segundo-mandato-como-prefeito-de-Itaborai-3-768x512.jpeg 768w, https:\/\/sgvaimudar.com.br\/wp-content\/uploads\/2025\/01\/Marcelo-Delaroli-toma-posse-para-segundo-mandato-como-prefeito-de-Itaborai-3-1536x1024.jpeg 1536w, https:\/\/sgvaimudar.com.br\/wp-content\/uploads\/2025\/01\/Marcelo-Delaroli-toma-posse-para-segundo-mandato-como-prefeito-de-Itaborai-3.jpeg 1600w\" sizes=\"(max-width: 1024px) 100vw, 1024px\" \/><\/figure>\n\n\n\n<p>Al\u00e9m do prefeito e vice, os 11 vereadores eleitos tamb\u00e9m tomaram posse, assim como os secret\u00e1rios municipais, marcando o in\u00edcio de um novo ciclo de gest\u00e3o na cidade. A cerim\u00f4nia foi presidida pelo vereador Jo\u00e3o Delaroli, que tamb\u00e9m foi eleito, em chapa \u00fanica, como Presidente da C\u00e2mara de Vereadores de Itabora\u00ed, no bi\u00eanio 25\/26, que deu boas-vindas aos presentes e anunciou as autoridades empossadas.<\/p>\n\n\n\n<p>O evento contou com a presen\u00e7a do deputado estadual Guilherme Delaroli, dos pais do prefeito, Ieda e Jos\u00e9 Delaroli e de diversas lideran\u00e7as locais. Marcelo Delaroli foi recebido com aplausos, alegria e emo\u00e7\u00e3o por uma multid\u00e3o que lotou o Clube Vera Gol.<\/p>\n\n\n\n<p>Em seu discurso, Marcelo Delaroli iniciou agradecendo a Deus e \u00e0 sua fam\u00edlia pelo apoio incondicional durante o primeiro mandato. Delaroli tamb\u00e9m destacou os avan\u00e7os alcan\u00e7ados, como o asfaltamento de ruas e a implementa\u00e7\u00e3o de ilumina\u00e7\u00e3o p\u00fablica de LED em grande parte da cidade, e refor\u00e7ou seu compromisso em melhorar ainda mais a qualidade de vida dos cidad\u00e3os de Itabora\u00ed.<\/p>\n\n\n\n<p>\u201cSe n\u00e3o fosse Deus no controle da minha vida, eu n\u00e3o estaria aqui hoje. Agrade\u00e7o a todos que acreditaram no nosso trabalho, ao meu irm\u00e3o Guilherme, aos vereadores e ao meu vice Elber, que sempre esteve ao meu lado com parceria e fidelidade. N\u00f3s vamos trabalhar ainda mais em \u00e1reas essenciais como sa\u00fade, educa\u00e7\u00e3o e infraestrutura. A nossa meta \u00e9 que todos tenham acesso ao transporte gratuito e a cidade que merecem, com mais asfaltamento e ilumina\u00e7\u00e3o. N\u00e3o vamos descansar enquanto todo munic\u00edpio n\u00e3o estiver atendido\u201d, afirmou o prefeito.<\/p>\n\n\n\n<p>Ap\u00f3s o discurso, o prefeito, o vice e os vereadores assinaram o compromisso solene de posse, reafirmando o compromisso com os cargos assumidos e com o povo de Itabora\u00ed. Jo\u00e3o Delaroli, presidente da C\u00e2mara, tamb\u00e9m se pronunciou e ressaltou a responsabilidade de trabalhar em prol do munic\u00edpio.<\/p>\n\n\n\n<p>\u201cAssumo a presid\u00eancia da C\u00e2mara com o compromisso de atender a todos os cidad\u00e3os, buscando sempre o melhor para nossa comunidade\u201d, disse Jo\u00e3o Delaroli.<\/p>\n\n\n\n<p>Os vereadores empossados foram: Paulo C\u00e9sar, Marquinho Orelha, Orlando Pit, Rafael Vitorino, Marcos Ara\u00fajo, Alexandre do Coqueiro, Jo\u00e3o Delaroli, Bruno de Elber, Paulo Ney, Fab\u00e3o e Rog\u00e9rio Filgueiras.<\/p>\n\n\n\n<p>O prefeito Marcelo Delaroli anunciou, em seguida, a composi\u00e7\u00e3o de seu novo secretariado, destacando a cria\u00e7\u00e3o de novas secretarias e subsecretarias para fortalecer a transforma\u00e7\u00e3o do munic\u00edpio.<\/p>\n\n\n\n<p>O deputado estadual Guilherme Delaroli tamb\u00e9m se pronunciou, expressando gratid\u00e3o ao povo de Itabora\u00ed pela confian\u00e7a em seu irm\u00e3o e nos vereadores eleitos.<\/p>\n\n\n\n<p>\u201cHoje celebramos a vit\u00f3ria do meu irm\u00e3o, a vit\u00f3ria de todos os vereadores que foram eleitos com 70% da C\u00e2mara, e a nossa miss\u00e3o \u00e9 transformar a vida do povo de Itabora\u00ed. Agrade\u00e7o aos mais de 114 mil votos que recebi em 2022, e junto com o prefeito e os vereadores, continuarei lutando por essa cidade que tanto amo\u201d, finalizou o deputado.<\/p>\n\n\n\n<p><strong><em>#sgvaimudar<\/em><\/strong><\/p>\n\n\n\n<figure class=\"wp-block-image size-large\"><img decoding=\"async\" width=\"1024\" height=\"357\" src=\"https:\/\/sgvaimudar.com.br\/wp-content\/uploads\/2023\/08\/Logo-Provisoria-2-1-1024x357.png\" alt=\"\" class=\"wp-image-2779\" srcset=\"https:\/\/sgvaimudar.com.br\/wp-content\/uploads\/2023\/08\/Logo-Provisoria-2-1-1024x357.png 1024w, https:\/\/sgvaimudar.com.br\/wp-content\/uploads\/2023\/08\/Logo-Provisoria-2-1-300x105.png 300w, https:\/\/sgvaimudar.com.br\/wp-content\/uploads\/2023\/08\/Logo-Provisoria-2-1-768x268.png 768w, https:\/\/sgvaimudar.com.br\/wp-content\/uploads\/2023\/08\/Logo-Provisoria-2-1.png 1470w\" sizes=\"(max-width: 1024px) 100vw, 1024px\" \/><\/figure>\n","protected":false},"excerpt":{"rendered":"<p>A solenidade aconteceu na quadra do Clube Vera Gol, no bairro Outeiro das Pedras Na noite da \u00faltima quarta-feira, 1\u00ba&hellip;<\/p>\n","protected":false},"author":5,"featured_media":18001,"comment_status":"open","ping_status":"open","sticky":false,"template":"","format":"standard","meta":{"fifu_image_url":"","fifu_image_alt":"","footnotes":""},"categories":[3],"tags":[],"class_list":["post-17999","post","type-post","status-publish","format-standard","has-post-thumbnail","hentry","category-sao-goncalo"],"_links":{"self":[{"href":"https:\/\/sgvaimudar.com.br\/index.php\/wp-json\/wp\/v2\/posts\/17999","targetHints":{"allow":["GET"]}}],"collection":[{"href":"https:\/\/sgvaimudar.com.br\/index.php\/wp-json\/wp\/v2\/posts"}],"about":[{"href":"https:\/\/sgvaimudar.com.br\/index.php\/wp-json\/wp\/v2\/types\/post"}],"author":[{"embeddable":true,"href":"https:\/\/sgvaimudar.com.br\/index.php\/wp-json\/wp\/v2\/users\/5"}],"replies":[{"embeddable":true,"href":"https:\/\/sgvaimudar.com.br\/index.php\/wp-json\/wp\/v2\/comments?post=17999"}],"version-history":[{"count":1,"href":"https:\/\/sgvaimudar.com.br\/index.php\/wp-json\/wp\/v2\/posts\/17999\/revisions"}],"predecessor-version":[{"id":18002,"href":"https:\/\/sgvaimudar.com.br\/index.php\/wp-json\/wp\/v2\/posts\/17999\/revisions\/18002"}],"wp:featuredmedia":[{"embeddable":true,"href":"https:\/\/sgvaimudar.com.br\/index.php\/wp-json\/wp\/v2\/media\/18001"}],"wp:attachment":[{"href":"https:\/\/sgvaimudar.com.br\/index.php\/wp-json\/wp\/v2\/media?parent=17999"}],"wp:term":[{"taxonomy":"category","embeddable":true,"href":"https:\/\/sgvaimudar.com.br\/index.php\/wp-json\/wp\/v2\/categories?post=17999"},{"taxonomy":"post_tag","embeddable":true,"href":"https:\/\/sgvaimudar.com.br\/index.php\/wp-json\/wp\/v2\/tags?post=17999"}],"curies":[{"name":"wp","href":"https:\/\/api.w.org\/{rel}","templated":true}]}}