{"id":17971,"date":"2025-01-02T08:24:13","date_gmt":"2025-01-02T11:24:13","guid":{"rendered":"https:\/\/sgvaimudar.com.br\/?p=17971"},"modified":"2025-01-02T08:24:14","modified_gmt":"2025-01-02T11:24:14","slug":"flamengo-anuncia-retorno-do-executivo-paulo-dutra-novo-diretor-geral","status":"publish","type":"post","link":"https:\/\/sgvaimudar.com.br\/index.php\/2025\/01\/02\/flamengo-anuncia-retorno-do-executivo-paulo-dutra-novo-diretor-geral\/","title":{"rendered":"Flamengo anuncia retorno do executivo Paulo Dutra, novo diretor-geral"},"content":{"rendered":"\n<p><em>Profissional liderou reestrutura\u00e7\u00e3o financeira do clube<\/em><\/p>\n\n\n\n<p>O Flamengo anunciou nesta quarta-feira, 1 de janeiro, Paulo Dutra como novo diretor-geral. Ele foi o diretor financeiro na reestrutura\u00e7\u00e3o do clube de 2013 a 2017. E substituiu o atual CEO, Reinaldo Belotti.<\/p>\n\n\n\n<p>Essa foi a primeira medida administrativa da gest\u00e3o do presidente Luiz Eduardo Baptista, o Bap, que j\u00e1 havia confirmado Jos\u00e9 Boto como diretor t\u00e9cnico do futebol profissional.<\/p>\n\n\n\n<p>&#8220;O retorno de Paulo refor\u00e7a o compromisso da nova gest\u00e3o com a profissionaliza\u00e7\u00e3o, efici\u00eancia e fortalecimento institucional do Flamengo&#8221;, diz nota do Flamengo.<\/p>\n\n\n\n<p>Confira o comunicado do clube:<\/p>\n\n\n\n<p>Paulo Dutra \u00e9 o novo Diretor-Geral do Flamengo.Executivo retorna ao clube com o compromisso de fortalecer a gest\u00e3o e impulsionar os objetivos estrat\u00e9gicos da equipe liderada por Bap.<\/p>\n\n\n\n<p>Paulo Dutra, de 58 anos, \u00e9 um executivo com mais de 25 anos de experi\u00eancia em cargos de lideran\u00e7a em grandes empresas. Especialista em finan\u00e7as, auditoria, contabilidade e controladoria, Paulo ocupou recentemente a Diretoria Financeira da SPIC Brasil, uma das maiores empresas globais do setor de energia, al\u00e9m de ter atuado como Vice-Presidente Corporativo da Concremat Engenharia e Tecnologia.<\/p>\n\n\n\n<p>Entre 2013 e 2017, Paulo foi Diretor Administrativo e Financeiro do Flamengo, per\u00edodo em que liderou importantes transforma\u00e7\u00f5es no clube. Foi respons\u00e1vel pela reestrutura\u00e7\u00e3o da \u00e1rea financeira, renegocia\u00e7\u00e3o do endividamento, implementa\u00e7\u00e3o de sistemas de controle e or\u00e7amento, e pela constru\u00e7\u00e3o do Centro de Treinamento (CT), que se tornou refer\u00eancia no esporte.<\/p>\n\n\n\n<p>Agora, Paulo assume a posi\u00e7\u00e3o de Diretor-Geral, sucedendo Reinaldo Belotti Vargas, a quem o Flamengo agradece pelos seis anos de dedica\u00e7\u00e3o e servi\u00e7os prestados ao clube. O retorno de Paulo refor\u00e7a o compromisso da nova gest\u00e3o com a profissionaliza\u00e7\u00e3o, efici\u00eancia e fortalecimento institucional do Flamengo.<\/p>\n\n\n\n<p>Com sua vasta experi\u00eancia, Paulo Dutra chega com a miss\u00e3o de consolidar o clube como modelo de gest\u00e3o no esporte, alinhando tradi\u00e7\u00e3o e modernidade para os desafios do futuro.<\/p>\n\n\n\n<p><strong><em>#sgvaimudar<\/em><\/strong><\/p>\n\n\n\n<figure class=\"wp-block-image size-large\"><img fetchpriority=\"high\" decoding=\"async\" width=\"1024\" height=\"357\" src=\"https:\/\/sgvaimudar.com.br\/wp-content\/uploads\/2023\/08\/Logo-Provisoria-2-1-1024x357.png\" alt=\"\" class=\"wp-image-2779\" srcset=\"https:\/\/sgvaimudar.com.br\/wp-content\/uploads\/2023\/08\/Logo-Provisoria-2-1-1024x357.png 1024w, https:\/\/sgvaimudar.com.br\/wp-content\/uploads\/2023\/08\/Logo-Provisoria-2-1-300x105.png 300w, https:\/\/sgvaimudar.com.br\/wp-content\/uploads\/2023\/08\/Logo-Provisoria-2-1-768x268.png 768w, https:\/\/sgvaimudar.com.br\/wp-content\/uploads\/2023\/08\/Logo-Provisoria-2-1.png 1470w\" sizes=\"(max-width: 1024px) 100vw, 1024px\" \/><\/figure>\n\n\n\n<p><\/p>\n","protected":false},"excerpt":{"rendered":"<p>Profissional liderou reestrutura\u00e7\u00e3o financeira do clube O Flamengo anunciou nesta quarta-feira, 1 de janeiro, Paulo Dutra como novo diretor-geral. Ele&hellip;<\/p>\n","protected":false},"author":5,"featured_media":17972,"comment_status":"open","ping_status":"open","sticky":false,"template":"","format":"standard","meta":{"fifu_image_url":"","fifu_image_alt":"","footnotes":""},"categories":[5],"tags":[],"class_list":["post-17971","post","type-post","status-publish","format-standard","has-post-thumbnail","hentry","category-esportes"],"_links":{"self":[{"href":"https:\/\/sgvaimudar.com.br\/index.php\/wp-json\/wp\/v2\/posts\/17971","targetHints":{"allow":["GET"]}}],"collection":[{"href":"https:\/\/sgvaimudar.com.br\/index.php\/wp-json\/wp\/v2\/posts"}],"about":[{"href":"https:\/\/sgvaimudar.com.br\/index.php\/wp-json\/wp\/v2\/types\/post"}],"author":[{"embeddable":true,"href":"https:\/\/sgvaimudar.com.br\/index.php\/wp-json\/wp\/v2\/users\/5"}],"replies":[{"embeddable":true,"href":"https:\/\/sgvaimudar.com.br\/index.php\/wp-json\/wp\/v2\/comments?post=17971"}],"version-history":[{"count":1,"href":"https:\/\/sgvaimudar.com.br\/index.php\/wp-json\/wp\/v2\/posts\/17971\/revisions"}],"predecessor-version":[{"id":17973,"href":"https:\/\/sgvaimudar.com.br\/index.php\/wp-json\/wp\/v2\/posts\/17971\/revisions\/17973"}],"wp:featuredmedia":[{"embeddable":true,"href":"https:\/\/sgvaimudar.com.br\/index.php\/wp-json\/wp\/v2\/media\/17972"}],"wp:attachment":[{"href":"https:\/\/sgvaimudar.com.br\/index.php\/wp-json\/wp\/v2\/media?parent=17971"}],"wp:term":[{"taxonomy":"category","embeddable":true,"href":"https:\/\/sgvaimudar.com.br\/index.php\/wp-json\/wp\/v2\/categories?post=17971"},{"taxonomy":"post_tag","embeddable":true,"href":"https:\/\/sgvaimudar.com.br\/index.php\/wp-json\/wp\/v2\/tags?post=17971"}],"curies":[{"name":"wp","href":"https:\/\/api.w.org\/{rel}","templated":true}]}}