{"id":17946,"date":"2025-01-01T11:00:00","date_gmt":"2025-01-01T14:00:00","guid":{"rendered":"https:\/\/sgvaimudar.com.br\/?p=17946"},"modified":"2025-01-01T09:43:21","modified_gmt":"2025-01-01T12:43:21","slug":"restaurante-do-povo-fornece-almoco-especial-de-fim-de-ano","status":"publish","type":"post","link":"https:\/\/sgvaimudar.com.br\/index.php\/2025\/01\/01\/restaurante-do-povo-fornece-almoco-especial-de-fim-de-ano\/","title":{"rendered":"Restaurante do Povo fornece almo\u00e7o especial de fim de ano\u00a0"},"content":{"rendered":"\n<p><em>Desde sua inaugura\u00e7\u00e3o, o equipamento j\u00e1 forneceu 1.341.270 refei\u00e7\u00f5es<\/em><\/p>\n\n\n\n<p>O Restaurante do Povo, no Alc\u00e2ntara, encerrou o ano com &#8220;chave de ouro&#8221; nesta ter\u00e7a-feira (31). No local, foi preparado um card\u00e1pio especial de fim de ano, que incluiu um almo\u00e7o com lombinho assado (prato principal), frango assado (como op\u00e7\u00e3o), farofa festiva, arroz, feij\u00e3o, salada de beterraba, pudim de chocolate como sobremesa e suco de uva, al\u00e9m de uma decora\u00e7\u00e3o inspirada na virada de ano. <\/p>\n\n\n\n<figure class=\"wp-block-image size-full\"><img fetchpriority=\"high\" decoding=\"async\" width=\"1024\" height=\"683\" src=\"https:\/\/sgvaimudar.com.br\/wp-content\/uploads\/2025\/01\/unnamed-10.jpg\" alt=\"\" class=\"wp-image-17947\" srcset=\"https:\/\/sgvaimudar.com.br\/wp-content\/uploads\/2025\/01\/unnamed-10.jpg 1024w, https:\/\/sgvaimudar.com.br\/wp-content\/uploads\/2025\/01\/unnamed-10-300x200.jpg 300w, https:\/\/sgvaimudar.com.br\/wp-content\/uploads\/2025\/01\/unnamed-10-768x512.jpg 768w\" sizes=\"(max-width: 1024px) 100vw, 1024px\" \/><\/figure>\n\n\n\n<p>O local \u00e9 conhecido no munic\u00edpio por proporcionar uma refei\u00e7\u00e3o gostosa e com qualidade para os gon\u00e7alenses.<\/p>\n\n\n\n<p>Quem acompanhou a \u00faltima refei\u00e7\u00e3o do ano foi o prefeito Capit\u00e3o Nelson. &#8220;O Restaurante do Povo \u00e9 uma parceria de sucesso entre a Prefeitura de S\u00e3o Gon\u00e7alo e o Governo do Estado e eu agrade\u00e7o ao governador Cl\u00e1udio Castro por isso. Nossas refei\u00e7\u00f5es s\u00e3o preparadas por nutricionistas especializados, com o objetivo de fornecer um alimenta\u00e7\u00e3o nutritiva para os gon\u00e7alenses, e isso n\u00e3o poderia ser diferente neste \u00faltimo dia do ano. Fizemos um card\u00e1pio especial para que todos os gon\u00e7alenses que v\u00eam ao restaurante possam se sentir satisfeitos e bem cuidados. Em 2025, vamos continuar com o nosso trabalho pela cidade, incluindo o nosso restaurante&#8221;, disse.<\/p>\n\n\n\n<figure class=\"wp-block-image size-full\"><img decoding=\"async\" width=\"1024\" height=\"683\" src=\"https:\/\/sgvaimudar.com.br\/wp-content\/uploads\/2025\/01\/unnamed-11.jpg\" alt=\"\" class=\"wp-image-17949\" srcset=\"https:\/\/sgvaimudar.com.br\/wp-content\/uploads\/2025\/01\/unnamed-11.jpg 1024w, https:\/\/sgvaimudar.com.br\/wp-content\/uploads\/2025\/01\/unnamed-11-300x200.jpg 300w, https:\/\/sgvaimudar.com.br\/wp-content\/uploads\/2025\/01\/unnamed-11-768x512.jpg 768w\" sizes=\"(max-width: 1024px) 100vw, 1024px\" \/><\/figure>\n\n\n\n<p>O Restaurante do Povo funciona durante todo o ano, sempre de segunda a sexta-feira, a pre\u00e7os simb\u00f3licos, sendo R$ 0,50 o caf\u00e9 da manh\u00e3 e R$ 1 o almo\u00e7o. O equipamento, que completou dois anos neste in\u00edcio de dezembro, j\u00e1 forneceu 1.341.270 refei\u00e7\u00f5es (incluindo almo\u00e7o e caf\u00e9 da manh\u00e3).<\/p>\n\n\n\n<p>Quem sempre almo\u00e7a no local \u00e9 Solange Pereira, de 59 anos. A aposentada afirma que a comida do local \u00e9 nutritiva e saborosa e ela n\u00e3o poderia deixar de estar no local neste \u00faltimo dia do ano. &#8220;Sempre como aqui porque, al\u00e9m de ser mais f\u00e1cil para mim do que cozinhar todos os dias, eu gosto do sabor da comida. Adorei essa refei\u00e7\u00e3o de final de ano, est\u00e1 tudo muito saboroso&#8221;, afirmou a moradora do Coluband\u00ea.<\/p>\n\n\n\n<p>A\u00e9cio Freitas, de 75 anos, tamb\u00e9m consome as refei\u00e7\u00f5es do Restaurante do Povo. &#8220;Tenho vindo todos os dias. A comida \u00e9 boa e o atendimento tamb\u00e9m \u00e9 incr\u00edvel, al\u00e9m do pre\u00e7o, que cabe no bolso. Eu venho sempre aqui porque a comida \u00e9 balanceada, o que \u00e9 \u00f3timo para mim, que sou idoso&#8221;, disse o morador de Marambaia.<\/p>\n\n\n\n<p>Lu\u00edza Helena Silva, de 65 anos, \u00e9 moradora de Ita\u00fana e come no Restaurante do Povo sempre que passa pelo Alc\u00e2ntara. &#8220;Eu vi na internet o card\u00e1pio de hoje e vim logo. Est\u00e1 uma del\u00edcia! Eu adoro a comida daqui, sempre que posso como aqui, al\u00e9m de barato, \u00e9 uma comida de qualidade&#8221;, afirmou.<\/p>\n\n\n\n<p>O equipamento \u00e9 fruto de uma parceria entre a Prefeitura de S\u00e3o Gon\u00e7alo \u2013 que elaborou o projeto de implanta\u00e7\u00e3o do Restaurante do Povo atrav\u00e9s da Secretaria de Gest\u00e3o Integrada e Projetos Especiais (Semgipe) \u2013 com a Secretaria de Desenvolvimento Social e Direitos Humanos do Governo do Estado do Rio de Janeiro. Ao todo, o equipamento tem capacidade para servir 3 mil refei\u00e7\u00f5es por dia.<\/p>\n\n\n\n<p>A escolha do local onde fica o Restaurante do Povo, feita pela Secretaria Municipal de Gest\u00e3o Integrada e Projetos Especiais (Semgipe), revitalizou n\u00e3o apenas a regi\u00e3o, mas garantiu a ocupa\u00e7\u00e3o de uma \u00e1rea que era considerada um verdadeiro \u201celefante branco\u201d. O restaurante funciona num pr\u00e9dio cuja constru\u00e7\u00e3o estava abandonada e deteriorada, mas foi totalmente remodelada para atender \u00e0s necessidades do novo empreendimento.<\/p>\n\n\n\n<p><strong>Restaurante voltar\u00e1 a funcionar na quinta-feira (2)<\/strong><\/p>\n\n\n\n<p>Vale destacar que o Restaurante do Povo n\u00e3o funcionar\u00e1 nesta quarta-feira (1\u00b0), por causa do feriado. O equipamento voltar\u00e1 a funcionar em seu hor\u00e1rio normal na quinta-feira (2). Neste dia, o card\u00e1pio incluir\u00e1.carne mo\u00edda, ovo cozido, espaguete, arroz, feij\u00e3o, mix de folhas \u00e0 campanha, pa\u00e7oca, laranja e suco de acerola.<\/p>\n\n\n\n<p>O restaurante fica na Rua S\u00e3o Pedro de Alc\u00e2ntara s\/n (atr\u00e1s do P\u00e1tio Alc\u00e2ntara, na rua da Igreja S\u00e3o Pedro). O caf\u00e9 da manh\u00e3 \u00e9 servido de 7h \u00e0s 9h e o almo\u00e7o das 11h \u00e0s 15h.<\/p>\n\n\n\n<p><em>Fotos: Fabio Guimar\u00e3es<\/em><\/p>\n\n\n\n<p><strong><em><sup>#SGVAIMUDAR<\/sup><\/em><\/strong><\/p>\n\n\n\n<figure class=\"wp-block-image size-full\"><img decoding=\"async\" width=\"250\" height=\"87\" src=\"https:\/\/sgvaimudar.com.br\/wp-content\/uploads\/2023\/08\/cropped-Logo.png\" alt=\"\" class=\"wp-image-2739\" \/><\/figure>\n","protected":false},"excerpt":{"rendered":"<p>Desde sua inaugura\u00e7\u00e3o, o equipamento j\u00e1 forneceu 1.341.270 refei\u00e7\u00f5es O Restaurante do Povo, no Alc\u00e2ntara, encerrou o ano com &#8220;chave&hellip;<\/p>\n","protected":false},"author":5,"featured_media":17948,"comment_status":"open","ping_status":"open","sticky":false,"template":"","format":"standard","meta":{"fifu_image_url":"","fifu_image_alt":"","footnotes":""},"categories":[3],"tags":[],"class_list":["post-17946","post","type-post","status-publish","format-standard","has-post-thumbnail","hentry","category-sao-goncalo"],"_links":{"self":[{"href":"https:\/\/sgvaimudar.com.br\/index.php\/wp-json\/wp\/v2\/posts\/17946","targetHints":{"allow":["GET"]}}],"collection":[{"href":"https:\/\/sgvaimudar.com.br\/index.php\/wp-json\/wp\/v2\/posts"}],"about":[{"href":"https:\/\/sgvaimudar.com.br\/index.php\/wp-json\/wp\/v2\/types\/post"}],"author":[{"embeddable":true,"href":"https:\/\/sgvaimudar.com.br\/index.php\/wp-json\/wp\/v2\/users\/5"}],"replies":[{"embeddable":true,"href":"https:\/\/sgvaimudar.com.br\/index.php\/wp-json\/wp\/v2\/comments?post=17946"}],"version-history":[{"count":1,"href":"https:\/\/sgvaimudar.com.br\/index.php\/wp-json\/wp\/v2\/posts\/17946\/revisions"}],"predecessor-version":[{"id":17950,"href":"https:\/\/sgvaimudar.com.br\/index.php\/wp-json\/wp\/v2\/posts\/17946\/revisions\/17950"}],"wp:featuredmedia":[{"embeddable":true,"href":"https:\/\/sgvaimudar.com.br\/index.php\/wp-json\/wp\/v2\/media\/17948"}],"wp:attachment":[{"href":"https:\/\/sgvaimudar.com.br\/index.php\/wp-json\/wp\/v2\/media?parent=17946"}],"wp:term":[{"taxonomy":"category","embeddable":true,"href":"https:\/\/sgvaimudar.com.br\/index.php\/wp-json\/wp\/v2\/categories?post=17946"},{"taxonomy":"post_tag","embeddable":true,"href":"https:\/\/sgvaimudar.com.br\/index.php\/wp-json\/wp\/v2\/tags?post=17946"}],"curies":[{"name":"wp","href":"https:\/\/api.w.org\/{rel}","templated":true}]}}