{"id":17927,"date":"2024-12-31T16:00:00","date_gmt":"2024-12-31T19:00:00","guid":{"rendered":"https:\/\/sgvaimudar.com.br\/?p=17927"},"modified":"2024-12-31T11:05:41","modified_gmt":"2024-12-31T14:05:41","slug":"praia-da-gloria-e-nova-opcao-para-celebrar-a-virada-do-ano-no-rj","status":"publish","type":"post","link":"https:\/\/sgvaimudar.com.br\/index.php\/2024\/12\/31\/praia-da-gloria-e-nova-opcao-para-celebrar-a-virada-do-ano-no-rj\/","title":{"rendered":"Praia da Gl\u00f3ria \u00e9 nova op\u00e7\u00e3o para celebrar a virada do ano no Rio de Janeiro"},"content":{"rendered":"\n<p><em>Reconhecido pelo Governo do Estado em outubro, local se tornou novo ponto de lazer de fluminenses e turistas, gra\u00e7as \u00e0 balneabilidade resgatada ap\u00f3s a concess\u00e3o do saneamento<\/em><\/p>\n\n\n\n<p>Quem estiver no Rio de Janeiro durante o R\u00e9veillon ter\u00e1 mais uma praia como op\u00e7\u00e3o para a virada do ano: a Praia da Gl\u00f3ria. O local, que foi reconhecido pelo Governo do Estado em outubro, tem colecionado resultados positivos nos boletim de balneabilidade do Instituto Estadual do Ambiente (Inea) e se tornou um o mais novo point para os turistas e moradores da do RJ. <\/p>\n\n\n\n<figure class=\"wp-block-image size-large\"><img fetchpriority=\"high\" decoding=\"async\" width=\"1024\" height=\"684\" src=\"https:\/\/sgvaimudar.com.br\/wp-content\/uploads\/2024\/12\/P_L_0717-1024x684.jpg\" alt=\"\" class=\"wp-image-17928\" srcset=\"https:\/\/sgvaimudar.com.br\/wp-content\/uploads\/2024\/12\/P_L_0717-1024x684.jpg 1024w, https:\/\/sgvaimudar.com.br\/wp-content\/uploads\/2024\/12\/P_L_0717-300x200.jpg 300w, https:\/\/sgvaimudar.com.br\/wp-content\/uploads\/2024\/12\/P_L_0717-768x513.jpg 768w, https:\/\/sgvaimudar.com.br\/wp-content\/uploads\/2024\/12\/P_L_0717-1536x1026.jpg 1536w, https:\/\/sgvaimudar.com.br\/wp-content\/uploads\/2024\/12\/P_L_0717-2048x1368.jpg 2048w\" sizes=\"(max-width: 1024px) 100vw, 1024px\" \/><\/figure>\n\n\n\n<p>De acordo com o \u00faltimo boletim do \u00f3rg\u00e3o ambiental, o local estar\u00e1 pr\u00f3prio para banho entre os dias 31\/12 e 1\/1.<\/p>\n\n\n\n<p>&#8220;Saber que a gente j\u00e1 consegue colher esse resultado t\u00e3o positivo, que \u00e9 fruto da concess\u00e3o do saneamento que fizemos, \u00e9 motivo de muito orgulho. A Ba\u00eda de Guanabara limpa \u00e9 um sonho poss\u00edvel e esses sinais est\u00e3o nas praias pr\u00f3prias e na vida marinha que volta a ocupar essas \u00e1guas, como tartarugas e cavalos marinhos&#8221;, comemorou o governador Cl\u00e1udio Castro.<\/p>\n\n\n\n<p>Pela proximidade com a Praia do Flamengo, que contar\u00e1 com esquema especial de queima de fogos e apresenta\u00e7\u00f5es musicais, as expectativas para a celebra\u00e7\u00e3o da chegada de 2025 na nova praia s\u00e3o altas.<\/p>\n\n\n\n<p>&#8220;O Rio de Janeiro j\u00e1 \u00e9, tradicionalmente, uma grande pot\u00eancia no turismo, sendo as belezas naturais nossos principais atrativos. O fato de termos reconhecido oficialmente uma nova praia significa um aumento no fluxo de pessoas e na gera\u00e7\u00e3o de renda para o com\u00e9rcio local, al\u00e9m de mais uma op\u00e7\u00e3o de lazer para quem mora ou visita a capital&#8221;, destacou o secret\u00e1rio de Estado do Ambiente e Sustentabilidade, Bernardo Rossi.<\/p>\n\n\n\n<p>Desde a concess\u00e3o dos servi\u00e7os de saneamento, em 2021, as \u00e1guas da Ba\u00eda de Guanabara ganharam destaque em diversas ocasi\u00f5es, como a volta da balneabilidade em praias como Flamengo e Botafogo, o reaparecimento de esp\u00e9cies marinhas, e at\u00e9 mesmo a redu\u00e7\u00e3o de mais de 90% da polui\u00e7\u00e3o na Praia do Flamengo.<\/p>\n\n\n\n<p>&#8220;Trabalho vendendo gelo aqui h\u00e1 10 anos e, desde que come\u00e7aram a fazer essas melhorias, d\u00e1 pra perceber que mais gente tem frequentado, o que ajuda a aumentar nossa renda. Nessas \u00faltimas semanas tenho visto muitos turistas, at\u00e9 de fora do pa\u00eds. Em outra \u00e9poca, n\u00e3o teria esse movimento&#8221;, comemorou o ambulante Jos\u00e9 Ricardo.<\/p>\n\n\n\n<p>Algumas obras foram essenciais para que esses resultados se tornassem realidade. Entre elas, o desvio do Rio Carioca, que escoava para a Praia do Flamengo e que foi desviado para o interceptor oce\u00e2nico, fez com que fosse evitado o despejo de 20 milh\u00f5es de litros de \u00e1gua contaminada diretamente na praia. Al\u00e9m disso, o Inea em conjunto com a concession\u00e1ria, trabalha para identificar os lan\u00e7amentos irregulares de esgoto nas galerias pluviais e ao longo do Rio Carioca.<\/p>\n\n\n\n<p>&#8220;A \u00e1gua aqui \u00e9 mais tranquila e o movimento tamb\u00e9m \u00e9 menor nesse per\u00edodo do que em outras praias, como Copacabana. Daqui tamb\u00e9m d\u00e1 para ver os fogos do Flamengo, o que faz com que seja uma boa op\u00e7\u00e3o para a virada&#8221;, afirmou Reginaldo da Silva, frequentador recorrente das praias da regi\u00e3o.<\/p>\n\n\n\n<p>&#8220;Desde que fizeram essas obras para o desvio de esgoto, a gente consegue ver de perto as mudan\u00e7as na praia. Trabalho aqui h\u00e1 mais de 20 anos e acompanho diariamente esse movimento&#8221;, completou o baiano Adenilson Santos, dono de uma barraca j\u00e1 conhecida pelos visitantes da praia pelas duas d\u00e9cadas na regi\u00e3o.<\/p>\n\n\n\n<p>Fotos: Philippe Lima<\/p>\n\n\n\n<p>#sgvaimudar<\/p>\n\n\n\n<figure class=\"wp-block-image size-large\"><img decoding=\"async\" width=\"1024\" height=\"357\" src=\"https:\/\/sgvaimudar.com.br\/wp-content\/uploads\/2023\/08\/Logo-Provisoria-2-1-1024x357.png\" alt=\"\" class=\"wp-image-2779\" srcset=\"https:\/\/sgvaimudar.com.br\/wp-content\/uploads\/2023\/08\/Logo-Provisoria-2-1-1024x357.png 1024w, https:\/\/sgvaimudar.com.br\/wp-content\/uploads\/2023\/08\/Logo-Provisoria-2-1-300x105.png 300w, https:\/\/sgvaimudar.com.br\/wp-content\/uploads\/2023\/08\/Logo-Provisoria-2-1-768x268.png 768w, https:\/\/sgvaimudar.com.br\/wp-content\/uploads\/2023\/08\/Logo-Provisoria-2-1.png 1470w\" sizes=\"(max-width: 1024px) 100vw, 1024px\" \/><\/figure>\n","protected":false},"excerpt":{"rendered":"<p>Reconhecido pelo Governo do Estado em outubro, local se tornou novo ponto de lazer de fluminenses e turistas, gra\u00e7as \u00e0&hellip;<\/p>\n","protected":false},"author":5,"featured_media":17929,"comment_status":"open","ping_status":"open","sticky":false,"template":"","format":"standard","meta":{"fifu_image_url":"","fifu_image_alt":"","footnotes":""},"categories":[36,4],"tags":[],"class_list":["post-17927","post","type-post","status-publish","format-standard","has-post-thumbnail","hentry","category-bem-estar","category-brasil"],"_links":{"self":[{"href":"https:\/\/sgvaimudar.com.br\/index.php\/wp-json\/wp\/v2\/posts\/17927","targetHints":{"allow":["GET"]}}],"collection":[{"href":"https:\/\/sgvaimudar.com.br\/index.php\/wp-json\/wp\/v2\/posts"}],"about":[{"href":"https:\/\/sgvaimudar.com.br\/index.php\/wp-json\/wp\/v2\/types\/post"}],"author":[{"embeddable":true,"href":"https:\/\/sgvaimudar.com.br\/index.php\/wp-json\/wp\/v2\/users\/5"}],"replies":[{"embeddable":true,"href":"https:\/\/sgvaimudar.com.br\/index.php\/wp-json\/wp\/v2\/comments?post=17927"}],"version-history":[{"count":2,"href":"https:\/\/sgvaimudar.com.br\/index.php\/wp-json\/wp\/v2\/posts\/17927\/revisions"}],"predecessor-version":[{"id":17932,"href":"https:\/\/sgvaimudar.com.br\/index.php\/wp-json\/wp\/v2\/posts\/17927\/revisions\/17932"}],"wp:featuredmedia":[{"embeddable":true,"href":"https:\/\/sgvaimudar.com.br\/index.php\/wp-json\/wp\/v2\/media\/17929"}],"wp:attachment":[{"href":"https:\/\/sgvaimudar.com.br\/index.php\/wp-json\/wp\/v2\/media?parent=17927"}],"wp:term":[{"taxonomy":"category","embeddable":true,"href":"https:\/\/sgvaimudar.com.br\/index.php\/wp-json\/wp\/v2\/categories?post=17927"},{"taxonomy":"post_tag","embeddable":true,"href":"https:\/\/sgvaimudar.com.br\/index.php\/wp-json\/wp\/v2\/tags?post=17927"}],"curies":[{"name":"wp","href":"https:\/\/api.w.org\/{rel}","templated":true}]}}