{"id":17917,"date":"2024-12-31T15:00:00","date_gmt":"2024-12-31T18:00:00","guid":{"rendered":"https:\/\/sgvaimudar.com.br\/?p=17917"},"modified":"2024-12-31T10:41:59","modified_gmt":"2024-12-31T13:41:59","slug":"ecopontos-ja-reciclaram-mais-de-367-mil-quilos-de-materiais","status":"publish","type":"post","link":"https:\/\/sgvaimudar.com.br\/index.php\/2024\/12\/31\/ecopontos-ja-reciclaram-mais-de-367-mil-quilos-de-materiais\/","title":{"rendered":"Ecopontos j\u00e1 reciclaram mais de 367 mil quilos de materiais\u00a0"},"content":{"rendered":"\n<p><em>Projeto estimula coleta seletiva e reciclagem e movimenta economia na cidade<\/em><\/p>\n\n\n\n<p>O munic\u00edpio de S\u00e3o Gon\u00e7alo j\u00e1 reciclou mais de 367 mil quilos de materiais nos Ecopontos. \u00c9 l\u00e1 que os gon\u00e7alenses podem trocar res\u00edduos e materiais recicl\u00e1veis por dinheiro digital, creditado em um cart\u00e3o que pode ser utilizado em estabelecimentos comerciais da cidade. Atualmente, est\u00e3o em funcionamento dois Ecopontos no munic\u00edpio: um localizado em Santa Luzia e outro no Barro Vermelho.<\/p>\n\n\n\n<figure class=\"wp-block-image size-large\"><img fetchpriority=\"high\" decoding=\"async\" width=\"1024\" height=\"684\" src=\"https:\/\/sgvaimudar.com.br\/wp-content\/uploads\/2024\/12\/unnamed-6-13-1024x684.jpg\" alt=\"\" class=\"wp-image-17918\" srcset=\"https:\/\/sgvaimudar.com.br\/wp-content\/uploads\/2024\/12\/unnamed-6-13-1024x684.jpg 1024w, https:\/\/sgvaimudar.com.br\/wp-content\/uploads\/2024\/12\/unnamed-6-13-300x200.jpg 300w, https:\/\/sgvaimudar.com.br\/wp-content\/uploads\/2024\/12\/unnamed-6-13-768x513.jpg 768w, https:\/\/sgvaimudar.com.br\/wp-content\/uploads\/2024\/12\/unnamed-6-13-1536x1027.jpg 1536w, https:\/\/sgvaimudar.com.br\/wp-content\/uploads\/2024\/12\/unnamed-6-13.jpg 1616w\" sizes=\"(max-width: 1024px) 100vw, 1024px\" \/><\/figure>\n\n\n\n<p>O primeiro Ecoponto do munic\u00edpio, localizado na Rua L\u00facio Tom\u00e9 Feteira, no Barro Vermelho, foi inaugurado em junho de 2023. Essa primeira iniciativa deu t\u00e3o certo que a Prefeitura resolveu investir em um segundo Ecoponto, que fica na Rua Visconde Seabra, em Santa Luzia, e foi aberto em fevereiro de 2024. O projeto \u00e9 uma iniciativa da campanha \u201cLimpa S\u00e3o Gon\u00e7alo\u201d e foi desenvolvido pela Secretaria de Conserva\u00e7\u00e3o da Prefeitura de S\u00e3o Gon\u00e7alo, com o apoio da Eccos Sustent\u00e1vel.<\/p>\n\n\n\n<p>Os Ecopontos, desde o in\u00edcio de seus funcionamentos, surpreendem nos n\u00fameros. Juntos, as duas unidades j\u00e1 foram respons\u00e1veis pela reciclagem de mais de 51 mil quilos de papel\/papel\u00e3o, mais de 30 mil quilos de metais, mais de 31 mil quilos de pl\u00e1sticos, mais de 242 mil quilos de vidros e mais de 7 mil quilos de eletr\u00f4nicos. Ao todo, foram reciclados mais de 367 mil quilos de materiais.<\/p>\n\n\n\n<p>Para se ter uma ideia s\u00f3 com as atividades dos Ecopontos, evitou-se o descarte de mais de 2 milh\u00f5es de m\u00b3 de res\u00edduos em aterros sanit\u00e1rios, foram economizados mais de 4 bilh\u00f5es de litros de \u00e1gua e evitou-se a emiss\u00e3o de mais de 285 mil toneladas de di\u00f3xido de carbono. Ao todo, foram depositados mais de R$ 77 mil no cart\u00e3o da moeda social para os cadastrados.<\/p>\n\n\n\n<p>O prefeito Capit\u00e3o Nelson celebrou os resultados obtidos com essa iniciativa. &#8220;O Ecoponto incentiva a reciclagem e a coleta seletiva do lixo e movimenta a economia local. \u00c9 um orgulho para n\u00f3s termos alcan\u00e7ados tantos n\u00fameros, mostrando o poder da reciclagem e da preserva\u00e7\u00e3o do meio ambiente. Que, no pr\u00f3ximo ano, consigamos continuar revitalizando nossa cidade, transformando o meio ambiente e incentivando mais ainda a participa\u00e7\u00e3o dos gon\u00e7alenses em iniciativas como essa&#8221;, afirmou o chefe do Executivo gon\u00e7alense.<\/p>\n\n\n\n<p>O Ecoponto surgiu a partir da Meta 18 do Plano Estrat\u00e9gico Novos Rumos, desenvolvido pela Secretaria de Gest\u00e3o Integrada e Projetos Especiais (Semgipe), que prev\u00ea a implanta\u00e7\u00e3o da coleta seletiva de lixo no munic\u00edpio. O projeto conta com o apoio da Secretaria de Assist\u00eancia Social, que emite a documenta\u00e7\u00e3o necess\u00e1ria para o catador que n\u00e3o tiver documentos. Assim, ele poder\u00e1 ser cadastrado e sua conta digital ser\u00e1 aberta.<\/p>\n\n\n\n<p>O secret\u00e1rio de Conserva\u00e7\u00e3o, Edson Leal, tamb\u00e9m celebrou o sucesso da iniciativa. &#8220;\u00c9 motivo de orgulho ver essa transforma\u00e7\u00e3o no nosso munic\u00edpio e na vida das pessoas. A gente recebe muitos relatos de pessoas falando que trazem esses res\u00edduos e recebem o valor que depositamos nos cart\u00f5es e esse dinheiro digital ajuda nas contas de final de m\u00eas e na alimenta\u00e7\u00e3o de uma fam\u00edlia. Esse \u00e9 um dos nossos objetivos e que possamos continuar incentivando a popula\u00e7\u00e3o na preserva\u00e7\u00e3o do meio ambiente&#8221;, afirmou o secret\u00e1rio.<\/p>\n\n\n\n<p>Nos Ecopontos, s\u00e3o aceitos materiais recicl\u00e1veis de pl\u00e1sticos (garrafas Pet, potes, embalagens de pl\u00e1stico em geral), pap\u00e9is (jornais, revistas, folhetos, caixas de papel\u00e3o, embalagens de papel), vidros (potes de alimentos, garrafas, copos, cacos de vidro), metais (latas de alum\u00ednio, latas de a\u00e7o, pregos, tampas, panelas de alum\u00ednio, cobre, ferro), eletros (aparelhos de televis\u00e3o, computadores, celulares, eletrodom\u00e9sticos, r\u00e1dios, geladeira, microondas) e \u00f3leo de cozinha vegetal usado.<\/p>\n\n\n\n<p>Edson Freitas, consultor ambiental que atua nos Ecopontos, tamb\u00e9m falou sobre a import\u00e2ncia do projeto. \u201cNosso trabalho est\u00e1 transformando vidas, s\u00e3o toneladas de materiais recicl\u00e1veis, sempre ajudando e conscientizando a popula\u00e7\u00e3o. \u00c9 apenas o primeiro ano desse sucesso e que venham muitos mais\u201d, disse.<\/p>\n\n\n\n<p>Vale destacar que o Ecoponto venceu a etapa estadual do XII Pr\u00eamio Sebrae Prefeitura Empreendedora (PSPE), que ocorreu em mar\u00e7o de 2024, na categoria Sustentabilidade e Meio Ambiente.<\/p>\n\n\n\n<p><strong><em><sup>#SGVAIMUDAR<\/sup><\/em><\/strong><\/p>\n\n\n\n<figure class=\"wp-block-image size-large\"><img decoding=\"async\" width=\"1024\" height=\"321\" src=\"https:\/\/sgvaimudar.com.br\/wp-content\/uploads\/2023\/08\/Logo-Provisoria-2-1024x321.png\" alt=\"\" class=\"wp-image-2777\" srcset=\"https:\/\/sgvaimudar.com.br\/wp-content\/uploads\/2023\/08\/Logo-Provisoria-2-1024x321.png 1024w, https:\/\/sgvaimudar.com.br\/wp-content\/uploads\/2023\/08\/Logo-Provisoria-2-300x94.png 300w, https:\/\/sgvaimudar.com.br\/wp-content\/uploads\/2023\/08\/Logo-Provisoria-2-768x241.png 768w, https:\/\/sgvaimudar.com.br\/wp-content\/uploads\/2023\/08\/Logo-Provisoria-2-1536x482.png 1536w, https:\/\/sgvaimudar.com.br\/wp-content\/uploads\/2023\/08\/Logo-Provisoria-2-2048x642.png 2048w\" sizes=\"(max-width: 1024px) 100vw, 1024px\" \/><\/figure>\n","protected":false},"excerpt":{"rendered":"<p>Projeto estimula coleta seletiva e reciclagem e movimenta economia na cidade O munic\u00edpio de S\u00e3o Gon\u00e7alo j\u00e1 reciclou mais de&hellip;<\/p>\n","protected":false},"author":5,"featured_media":17919,"comment_status":"open","ping_status":"open","sticky":false,"template":"","format":"standard","meta":{"fifu_image_url":"","fifu_image_alt":"","footnotes":""},"categories":[3],"tags":[],"class_list":["post-17917","post","type-post","status-publish","format-standard","has-post-thumbnail","hentry","category-sao-goncalo"],"_links":{"self":[{"href":"https:\/\/sgvaimudar.com.br\/index.php\/wp-json\/wp\/v2\/posts\/17917","targetHints":{"allow":["GET"]}}],"collection":[{"href":"https:\/\/sgvaimudar.com.br\/index.php\/wp-json\/wp\/v2\/posts"}],"about":[{"href":"https:\/\/sgvaimudar.com.br\/index.php\/wp-json\/wp\/v2\/types\/post"}],"author":[{"embeddable":true,"href":"https:\/\/sgvaimudar.com.br\/index.php\/wp-json\/wp\/v2\/users\/5"}],"replies":[{"embeddable":true,"href":"https:\/\/sgvaimudar.com.br\/index.php\/wp-json\/wp\/v2\/comments?post=17917"}],"version-history":[{"count":1,"href":"https:\/\/sgvaimudar.com.br\/index.php\/wp-json\/wp\/v2\/posts\/17917\/revisions"}],"predecessor-version":[{"id":17920,"href":"https:\/\/sgvaimudar.com.br\/index.php\/wp-json\/wp\/v2\/posts\/17917\/revisions\/17920"}],"wp:featuredmedia":[{"embeddable":true,"href":"https:\/\/sgvaimudar.com.br\/index.php\/wp-json\/wp\/v2\/media\/17919"}],"wp:attachment":[{"href":"https:\/\/sgvaimudar.com.br\/index.php\/wp-json\/wp\/v2\/media?parent=17917"}],"wp:term":[{"taxonomy":"category","embeddable":true,"href":"https:\/\/sgvaimudar.com.br\/index.php\/wp-json\/wp\/v2\/categories?post=17917"},{"taxonomy":"post_tag","embeddable":true,"href":"https:\/\/sgvaimudar.com.br\/index.php\/wp-json\/wp\/v2\/tags?post=17917"}],"curies":[{"name":"wp","href":"https:\/\/api.w.org\/{rel}","templated":true}]}}