{"id":17910,"date":"2024-12-31T13:00:00","date_gmt":"2024-12-31T16:00:00","guid":{"rendered":"https:\/\/sgvaimudar.com.br\/?p=17910"},"modified":"2024-12-31T10:26:41","modified_gmt":"2024-12-31T13:26:41","slug":"criacao-de-mais-empregos-prefeitura-anuncia-que-tera-novo-espaco-para-capacitacao-de-profissionais","status":"publish","type":"post","link":"https:\/\/sgvaimudar.com.br\/index.php\/2024\/12\/31\/criacao-de-mais-empregos-prefeitura-anuncia-que-tera-novo-espaco-para-capacitacao-de-profissionais\/","title":{"rendered":"Cria\u00e7\u00e3o de mais empregos: Prefeitura anuncia que ter\u00e1 novo espa\u00e7o para capacita\u00e7\u00e3o de profissionais"},"content":{"rendered":"\n<p><em>Centro de Qualifica\u00e7\u00e3o do Trabalhador e Empreendedor vai funcionar no Centro<\/em><\/p>\n\n\n\n<p>A Secretaria de Desenvolvimento Econ\u00f4mico da Prefeitura de S\u00e3o Gon\u00e7alo, ao visar dar mais qualidade para qualifica\u00e7\u00e3o dos profissionais gon\u00e7alenses, vai criar um Centro de Qualifica\u00e7\u00e3o do Trabalhador e Empreendedor, no Centro do munic\u00edpio. <\/p>\n\n\n\n<p>O pr\u00e9dio, onde funcionava anteriormente o Tribunal Regional Eleitoral do Rio (TRE), est\u00e1 sem funcionamento. As obras no local est\u00e3o em processo de licita\u00e7\u00e3o.<\/p>\n\n\n\n<p>Segundo o secret\u00e1rio de Desenvolvimento Econ\u00f4mico, Eug\u00eanio Abreu, no novo Centro de Qualifica\u00e7\u00e3o, ser\u00e3o ministradas as aulas dos cursos profissionalizantes que o munic\u00edpio j\u00e1 oferece em parceria com a Firjan, Sebrae, Sest\/Senat e CIEE.<\/p>\n\n\n\n<p>&#8220;Conseguimos, junto ao Governo Federal, a autoriza\u00e7\u00e3o para criar esse centro. \u00c9 um \u00f3timo pr\u00e9dio! Vamos fazer obras de adequa\u00e7\u00e3o e ficar\u00e1 melhor ainda, com uma \u00e1rea de administra\u00e7\u00e3o e oito salas amplas para podermos abrigar os mais diversos empreendedores do munic\u00edpio&#8221;, disse Abreu.<\/p>\n\n\n\n<p>Segundo ele, em dois dias, foi tirado seis caminh\u00f5es com entulhos que ficavam no local. &#8220;Nosso objetivo \u00e9 oferecer um espa\u00e7o espec\u00edfico para que consigamos qualificar ainda mais a m\u00e3o de obra do munic\u00edpio em 2025&#8221;, afirmou o secret\u00e1rio.<\/p>\n\n\n\n<p>O Centro de Qualifica\u00e7\u00e3o do Trabalhador e Empreendedor ficar\u00e1 localizado na Rua Doutor Feliciano Sodr\u00e9, no n\u00famero 153, no Centro de S\u00e3o Gon\u00e7alo.&nbsp;<\/p>\n\n\n\n<p><strong><em><sup>#SGVAIMUDAR<\/sup><\/em><\/strong><\/p>\n\n\n\n<figure class=\"wp-block-image size-large\"><img fetchpriority=\"high\" decoding=\"async\" width=\"1024\" height=\"357\" src=\"https:\/\/sgvaimudar.com.br\/wp-content\/uploads\/2023\/08\/Logo-Provisoria-2-1-1024x357.png\" alt=\"\" class=\"wp-image-2779\" srcset=\"https:\/\/sgvaimudar.com.br\/wp-content\/uploads\/2023\/08\/Logo-Provisoria-2-1-1024x357.png 1024w, https:\/\/sgvaimudar.com.br\/wp-content\/uploads\/2023\/08\/Logo-Provisoria-2-1-300x105.png 300w, https:\/\/sgvaimudar.com.br\/wp-content\/uploads\/2023\/08\/Logo-Provisoria-2-1-768x268.png 768w, https:\/\/sgvaimudar.com.br\/wp-content\/uploads\/2023\/08\/Logo-Provisoria-2-1.png 1470w\" sizes=\"(max-width: 1024px) 100vw, 1024px\" \/><\/figure>\n","protected":false},"excerpt":{"rendered":"<p>Centro de Qualifica\u00e7\u00e3o do Trabalhador e Empreendedor vai funcionar no Centro A Secretaria de Desenvolvimento Econ\u00f4mico da Prefeitura de S\u00e3o&hellip;<\/p>\n","protected":false},"author":5,"featured_media":17911,"comment_status":"open","ping_status":"open","sticky":false,"template":"","format":"standard","meta":{"fifu_image_url":"","fifu_image_alt":"","footnotes":""},"categories":[3],"tags":[],"class_list":["post-17910","post","type-post","status-publish","format-standard","has-post-thumbnail","hentry","category-sao-goncalo"],"_links":{"self":[{"href":"https:\/\/sgvaimudar.com.br\/index.php\/wp-json\/wp\/v2\/posts\/17910","targetHints":{"allow":["GET"]}}],"collection":[{"href":"https:\/\/sgvaimudar.com.br\/index.php\/wp-json\/wp\/v2\/posts"}],"about":[{"href":"https:\/\/sgvaimudar.com.br\/index.php\/wp-json\/wp\/v2\/types\/post"}],"author":[{"embeddable":true,"href":"https:\/\/sgvaimudar.com.br\/index.php\/wp-json\/wp\/v2\/users\/5"}],"replies":[{"embeddable":true,"href":"https:\/\/sgvaimudar.com.br\/index.php\/wp-json\/wp\/v2\/comments?post=17910"}],"version-history":[{"count":2,"href":"https:\/\/sgvaimudar.com.br\/index.php\/wp-json\/wp\/v2\/posts\/17910\/revisions"}],"predecessor-version":[{"id":17913,"href":"https:\/\/sgvaimudar.com.br\/index.php\/wp-json\/wp\/v2\/posts\/17910\/revisions\/17913"}],"wp:featuredmedia":[{"embeddable":true,"href":"https:\/\/sgvaimudar.com.br\/index.php\/wp-json\/wp\/v2\/media\/17911"}],"wp:attachment":[{"href":"https:\/\/sgvaimudar.com.br\/index.php\/wp-json\/wp\/v2\/media?parent=17910"}],"wp:term":[{"taxonomy":"category","embeddable":true,"href":"https:\/\/sgvaimudar.com.br\/index.php\/wp-json\/wp\/v2\/categories?post=17910"},{"taxonomy":"post_tag","embeddable":true,"href":"https:\/\/sgvaimudar.com.br\/index.php\/wp-json\/wp\/v2\/tags?post=17910"}],"curies":[{"name":"wp","href":"https:\/\/api.w.org\/{rel}","templated":true}]}}