{"id":17870,"date":"2024-12-30T19:00:00","date_gmt":"2024-12-30T22:00:00","guid":{"rendered":"https:\/\/sgvaimudar.com.br\/?p=17870"},"modified":"2024-12-30T09:42:47","modified_gmt":"2024-12-30T12:42:47","slug":"mulher-morre-apos-carro-por-aplicativo-entrar-por-engano-em-comunidade-no-rio","status":"publish","type":"post","link":"https:\/\/sgvaimudar.com.br\/index.php\/2024\/12\/30\/mulher-morre-apos-carro-por-aplicativo-entrar-por-engano-em-comunidade-no-rio\/","title":{"rendered":"Mulher morre ap\u00f3s carro por aplicativo entrar por engano em comunidade no Rio"},"content":{"rendered":"\n<p>Caso aconteceu em Vargem Pequena, na zona oeste carioca; motorista tamb\u00e9m foi baleado<\/p>\n\n\n\n<p>Mais um tr\u00e1gico incidente ocorreu em Vargem Pequena, Zona Oeste do Rio de Janeiro, na noite de s\u00e1bado (28) envolvendo um\u00a0ve\u00edculo de aplicativo\u00a0que foi alvo de tiros ao entrar por engano na\u00a0Favela do Fontela, resultando na morte de uma passageira e no ferimento do motorista.<\/p>\n\n\n\n<p>A v\u00edtima, identificada como Diely da Silva, de 34 anos, estava no banco de tr\u00e1s do carro. O motorista, Anderson Sales Pinheiro, de 34 anos tamb\u00e9m, relatou \u00e0 pol\u00edcia que entrou na comunidade por engano enquanto dirigia pela Estrada Benvindo de Novaes. Criminosos abriram fogo contra o ve\u00edculo, atingindo Diely fatalmente.<\/p>\n\n\n\n<p>Anderson tamb\u00e9m foi baleado e encaminhado ao Hospital Municipal Louren\u00e7o Jorge, na Barra da Tijuca. Ap\u00f3s receber atendimento m\u00e9dico, ele prestou depoimento \u00e0 Delegacia de Homic\u00eddios, que investiga o caso.<\/p>\n\n\n\n<p>O local foi preservado e a per\u00edcia foi acionada. As autoridades est\u00e3o trabalhando para identificar as circunst\u00e2ncias do crime e localizar os respons\u00e1veis pelos disparos.<\/p>\n\n\n\n<p><strong><em>#sgvaimudar<\/em><\/strong><\/p>\n\n\n\n<figure class=\"wp-block-image size-full\"><img decoding=\"async\" width=\"317\" height=\"111\" src=\"https:\/\/sgvaimudar.com.br\/wp-content\/uploads\/2023\/08\/Logo-Provisoria-2-2.png\" alt=\"\" class=\"wp-image-2781\" srcset=\"https:\/\/sgvaimudar.com.br\/wp-content\/uploads\/2023\/08\/Logo-Provisoria-2-2.png 317w, https:\/\/sgvaimudar.com.br\/wp-content\/uploads\/2023\/08\/Logo-Provisoria-2-2-300x105.png 300w\" sizes=\"(max-width: 317px) 100vw, 317px\" \/><\/figure>\n","protected":false},"excerpt":{"rendered":"<p>Caso aconteceu em Vargem Pequena, na zona oeste carioca; motorista tamb\u00e9m foi baleado Mais um tr\u00e1gico incidente ocorreu em Vargem&hellip;<\/p>\n","protected":false},"author":5,"featured_media":17871,"comment_status":"open","ping_status":"open","sticky":false,"template":"","format":"standard","meta":{"fifu_image_url":"","fifu_image_alt":"","footnotes":""},"categories":[32],"tags":[],"class_list":["post-17870","post","type-post","status-publish","format-standard","has-post-thumbnail","hentry","category-casos-de-policia"],"_links":{"self":[{"href":"https:\/\/sgvaimudar.com.br\/index.php\/wp-json\/wp\/v2\/posts\/17870","targetHints":{"allow":["GET"]}}],"collection":[{"href":"https:\/\/sgvaimudar.com.br\/index.php\/wp-json\/wp\/v2\/posts"}],"about":[{"href":"https:\/\/sgvaimudar.com.br\/index.php\/wp-json\/wp\/v2\/types\/post"}],"author":[{"embeddable":true,"href":"https:\/\/sgvaimudar.com.br\/index.php\/wp-json\/wp\/v2\/users\/5"}],"replies":[{"embeddable":true,"href":"https:\/\/sgvaimudar.com.br\/index.php\/wp-json\/wp\/v2\/comments?post=17870"}],"version-history":[{"count":1,"href":"https:\/\/sgvaimudar.com.br\/index.php\/wp-json\/wp\/v2\/posts\/17870\/revisions"}],"predecessor-version":[{"id":17872,"href":"https:\/\/sgvaimudar.com.br\/index.php\/wp-json\/wp\/v2\/posts\/17870\/revisions\/17872"}],"wp:featuredmedia":[{"embeddable":true,"href":"https:\/\/sgvaimudar.com.br\/index.php\/wp-json\/wp\/v2\/media\/17871"}],"wp:attachment":[{"href":"https:\/\/sgvaimudar.com.br\/index.php\/wp-json\/wp\/v2\/media?parent=17870"}],"wp:term":[{"taxonomy":"category","embeddable":true,"href":"https:\/\/sgvaimudar.com.br\/index.php\/wp-json\/wp\/v2\/categories?post=17870"},{"taxonomy":"post_tag","embeddable":true,"href":"https:\/\/sgvaimudar.com.br\/index.php\/wp-json\/wp\/v2\/tags?post=17870"}],"curies":[{"name":"wp","href":"https:\/\/api.w.org\/{rel}","templated":true}]}}