{"id":17867,"date":"2024-12-30T17:00:00","date_gmt":"2024-12-30T20:00:00","guid":{"rendered":"https:\/\/sgvaimudar.com.br\/?p=17867"},"modified":"2024-12-30T09:34:56","modified_gmt":"2024-12-30T12:34:56","slug":"sg-e-niteroi-ifrj-abre-inscricoes-para-eja-e-com-vagas-para-cuidador-de-idoso-e-assistente-administrativo","status":"publish","type":"post","link":"https:\/\/sgvaimudar.com.br\/index.php\/2024\/12\/30\/sg-e-niteroi-ifrj-abre-inscricoes-para-eja-e-com-vagas-para-cuidador-de-idoso-e-assistente-administrativo\/","title":{"rendered":"SG e Niter\u00f3i: IFRJ abre inscri\u00e7\u00f5es para EJA e com vagas para Cuidador de Idoso e Assistente Administrativo"},"content":{"rendered":"\n<p><em>Com 227 vagas distribu\u00eddas em seis campi, incluindo S\u00e3o Gon\u00e7alo e Niter\u00f3i, o IFRJ proporciona aos estudantes a chance de construir um futuro mais promissor<\/em><\/p>\n\n\n\n<p>O Instituto Federal do Rio de Janeiro (IFRJ) est\u00e1 com as inscri\u00e7\u00f5es abertas para os cursos de Educa\u00e7\u00e3o de Jovens e Adultos (EJA) em 2025. A iniciativa oferece uma oportunidade \u00fanica para aqueles que desejam concluir o ensino m\u00e9dio e adquirir uma qualifica\u00e7\u00e3o profissional de alta qualidade. <\/p>\n\n\n\n<p>Os cursos, com dura\u00e7\u00e3o de um ano, s\u00e3o integrados e oferecem forma\u00e7\u00e3o t\u00e9cnica em \u00e1reas com grande demanda no mercado de trabalho, como Cuidador de Idoso e Assistente Administrativo. As aulas ser\u00e3o realizadas no per\u00edodo noturno, facilitando a concilia\u00e7\u00e3o com outras atividades.<\/p>\n\n\n\n<p><em>Reportagem: Mauro J\u00fanior<\/em><\/p>\n\n\n\n<figure class=\"wp-block-image size-full\"><img decoding=\"async\" width=\"250\" height=\"87\" src=\"https:\/\/sgvaimudar.com.br\/wp-content\/uploads\/2023\/08\/cropped-Logo.png\" alt=\"\" class=\"wp-image-2739\" \/><\/figure>\n","protected":false},"excerpt":{"rendered":"<p>Com 227 vagas distribu\u00eddas em seis campi, incluindo S\u00e3o Gon\u00e7alo e Niter\u00f3i, o IFRJ proporciona aos estudantes a chance de&hellip;<\/p>\n","protected":false},"author":5,"featured_media":17868,"comment_status":"open","ping_status":"open","sticky":false,"template":"","format":"standard","meta":{"fifu_image_url":"","fifu_image_alt":"","footnotes":""},"categories":[3],"tags":[],"class_list":["post-17867","post","type-post","status-publish","format-standard","has-post-thumbnail","hentry","category-sao-goncalo"],"_links":{"self":[{"href":"https:\/\/sgvaimudar.com.br\/index.php\/wp-json\/wp\/v2\/posts\/17867","targetHints":{"allow":["GET"]}}],"collection":[{"href":"https:\/\/sgvaimudar.com.br\/index.php\/wp-json\/wp\/v2\/posts"}],"about":[{"href":"https:\/\/sgvaimudar.com.br\/index.php\/wp-json\/wp\/v2\/types\/post"}],"author":[{"embeddable":true,"href":"https:\/\/sgvaimudar.com.br\/index.php\/wp-json\/wp\/v2\/users\/5"}],"replies":[{"embeddable":true,"href":"https:\/\/sgvaimudar.com.br\/index.php\/wp-json\/wp\/v2\/comments?post=17867"}],"version-history":[{"count":1,"href":"https:\/\/sgvaimudar.com.br\/index.php\/wp-json\/wp\/v2\/posts\/17867\/revisions"}],"predecessor-version":[{"id":17869,"href":"https:\/\/sgvaimudar.com.br\/index.php\/wp-json\/wp\/v2\/posts\/17867\/revisions\/17869"}],"wp:featuredmedia":[{"embeddable":true,"href":"https:\/\/sgvaimudar.com.br\/index.php\/wp-json\/wp\/v2\/media\/17868"}],"wp:attachment":[{"href":"https:\/\/sgvaimudar.com.br\/index.php\/wp-json\/wp\/v2\/media?parent=17867"}],"wp:term":[{"taxonomy":"category","embeddable":true,"href":"https:\/\/sgvaimudar.com.br\/index.php\/wp-json\/wp\/v2\/categories?post=17867"},{"taxonomy":"post_tag","embeddable":true,"href":"https:\/\/sgvaimudar.com.br\/index.php\/wp-json\/wp\/v2\/tags?post=17867"}],"curies":[{"name":"wp","href":"https:\/\/api.w.org\/{rel}","templated":true}]}}