{"id":17864,"date":"2024-12-30T15:00:00","date_gmt":"2024-12-30T18:00:00","guid":{"rendered":"https:\/\/sgvaimudar.com.br\/?p=17864"},"modified":"2024-12-30T09:22:12","modified_gmt":"2024-12-30T12:22:12","slug":"defesa-civil-realiza-capacitacao-preventiva-no-bairro-visconde-em-itaborai","status":"publish","type":"post","link":"https:\/\/sgvaimudar.com.br\/index.php\/2024\/12\/30\/defesa-civil-realiza-capacitacao-preventiva-no-bairro-visconde-em-itaborai\/","title":{"rendered":"Defesa Civil realiza capacita\u00e7\u00e3o preventiva no bairro Visconde, em Itabora\u00ed"},"content":{"rendered":"\n<p>A Defesa Civil Municipal de Itabora\u00ed, em parceria com a Associa\u00e7\u00e3o de Moradores e Amigos de Visconde de Itabora\u00ed (AMAVIS), realizou neste s\u00e1bado (28\/12) uma capacita\u00e7\u00e3o voltada \u00e0 comunidade do bairro Visconde. O curso, que aconteceu na sede da AMAVIS, teve como objetivo preparar os participantes para agir em situa\u00e7\u00f5es de emerg\u00eancia, prevenindo riscos e fortalecendo a seguran\u00e7a coletiva e individual.<\/p>\n\n\n\n<p>Com o tema \u201cTreinamento NUPDEC \u2013 N\u00facleo de Volunt\u00e1rios em Defesa Civil\u201d, a programa\u00e7\u00e3o incluiu explana\u00e7\u00f5es sobre introdu\u00e7\u00e3o aos primeiros socorros, no\u00e7\u00f5es de anatomia e a import\u00e2ncia do trabalho volunt\u00e1rio.<\/p>\n\n\n\n<p>O coordenador da Defesa Civil, Rog\u00e9rio Jos\u00e9 da Silva, destacou a relev\u00e2ncia do treinamento e a import\u00e2ncia do engajamento da comunidade.<\/p>\n\n\n\n<p>\u201cVamos trabalhar em conjunto baseado em cinco pilares: preven\u00e7\u00e3o, mitiga\u00e7\u00e3o, prepara\u00e7\u00e3o, reconstru\u00e7\u00e3o e resposta. Ent\u00e3o, a prepara\u00e7\u00e3o \u00e9 o trabalho que n\u00f3s estamos fazendo aqui com voc\u00eas, \u00e9 o trabalho de capacita\u00e7\u00e3o. Como o nome j\u00e1 diz, a preven\u00e7\u00e3o \u00e9 o trabalho preparat\u00f3rio para o caso de precisarem ajudar algu\u00e9m\u201d, afirmou o coordenador.<\/p>\n\n\n\n<p>O evento, que aconteceu das 9h \u00e0s 12h, contou com a presen\u00e7a de agentes da Defesa Civil, representantes da AMAVIS e moradores da regi\u00e3o, que engajaram na iniciativa. Ao final do curso, os participantes receberam certificados de conclus\u00e3o.<\/p>\n\n\n\n<p>A capacita\u00e7\u00e3o gratuita \u00e9 uma das a\u00e7\u00f5es promovidas pela Defesa Civil em Itabora\u00ed para aproximar o \u00f3rg\u00e3o da popula\u00e7\u00e3o, fortalecendo a atua\u00e7\u00e3o dos N\u00facleos de Volunt\u00e1rios em Defesa Civil (NUPDEC) no munic\u00edpio.<\/p>\n\n\n\n<p><strong><em><sup>#sgvaimudar<\/sup><\/em><\/strong><\/p>\n\n\n\n<figure class=\"wp-block-image size-full\"><img decoding=\"async\" width=\"251\" height=\"88\" src=\"https:\/\/sgvaimudar.com.br\/wp-content\/uploads\/2023\/08\/Logo.png\" alt=\"\" class=\"wp-image-2738\" \/><\/figure>\n","protected":false},"excerpt":{"rendered":"<p>A Defesa Civil Municipal de Itabora\u00ed, em parceria com a Associa\u00e7\u00e3o de Moradores e Amigos de Visconde de Itabora\u00ed (AMAVIS),&hellip;<\/p>\n","protected":false},"author":5,"featured_media":17865,"comment_status":"open","ping_status":"open","sticky":false,"template":"","format":"standard","meta":{"fifu_image_url":"","fifu_image_alt":"","footnotes":""},"categories":[3],"tags":[],"class_list":["post-17864","post","type-post","status-publish","format-standard","has-post-thumbnail","hentry","category-sao-goncalo"],"_links":{"self":[{"href":"https:\/\/sgvaimudar.com.br\/index.php\/wp-json\/wp\/v2\/posts\/17864","targetHints":{"allow":["GET"]}}],"collection":[{"href":"https:\/\/sgvaimudar.com.br\/index.php\/wp-json\/wp\/v2\/posts"}],"about":[{"href":"https:\/\/sgvaimudar.com.br\/index.php\/wp-json\/wp\/v2\/types\/post"}],"author":[{"embeddable":true,"href":"https:\/\/sgvaimudar.com.br\/index.php\/wp-json\/wp\/v2\/users\/5"}],"replies":[{"embeddable":true,"href":"https:\/\/sgvaimudar.com.br\/index.php\/wp-json\/wp\/v2\/comments?post=17864"}],"version-history":[{"count":1,"href":"https:\/\/sgvaimudar.com.br\/index.php\/wp-json\/wp\/v2\/posts\/17864\/revisions"}],"predecessor-version":[{"id":17866,"href":"https:\/\/sgvaimudar.com.br\/index.php\/wp-json\/wp\/v2\/posts\/17864\/revisions\/17866"}],"wp:featuredmedia":[{"embeddable":true,"href":"https:\/\/sgvaimudar.com.br\/index.php\/wp-json\/wp\/v2\/media\/17865"}],"wp:attachment":[{"href":"https:\/\/sgvaimudar.com.br\/index.php\/wp-json\/wp\/v2\/media?parent=17864"}],"wp:term":[{"taxonomy":"category","embeddable":true,"href":"https:\/\/sgvaimudar.com.br\/index.php\/wp-json\/wp\/v2\/categories?post=17864"},{"taxonomy":"post_tag","embeddable":true,"href":"https:\/\/sgvaimudar.com.br\/index.php\/wp-json\/wp\/v2\/tags?post=17864"}],"curies":[{"name":"wp","href":"https:\/\/api.w.org\/{rel}","templated":true}]}}