{"id":17844,"date":"2024-12-30T08:32:59","date_gmt":"2024-12-30T11:32:59","guid":{"rendered":"https:\/\/sgvaimudar.com.br\/?p=17844"},"modified":"2024-12-30T08:32:59","modified_gmt":"2024-12-30T11:32:59","slug":"saude-sao-goncalo-alerta-para-importancia-das-vacinas","status":"publish","type":"post","link":"https:\/\/sgvaimudar.com.br\/index.php\/2024\/12\/30\/saude-sao-goncalo-alerta-para-importancia-das-vacinas\/","title":{"rendered":"Sa\u00fade S\u00e3o Gon\u00e7alo alerta para import\u00e2ncia das vacinas"},"content":{"rendered":"\n<p><em>Secretaria oferece dezenas de salas de vacina\u00e7\u00e3o na cidade<\/em><\/p>\n\n\n\n<p>As coberturas vacinais em S\u00e3o Gon\u00e7alo est\u00e3o abaixo do preconizado pelo Minist\u00e9rio da Sa\u00fade, que \u00e9 acima de 90%. O problema n\u00e3o \u00e9 exclusivo da cidade, j\u00e1 que este movimento de baixa imuniza\u00e7\u00e3o \u00e9 observado em todo mundo. No entanto, a Secretaria de Sa\u00fade da Prefeitura de S\u00e3o Gon\u00e7alo defende a vacina\u00e7\u00e3o em massa para que as doen\u00e7as j\u00e1 erradicadas continuem sob controle e chama a popula\u00e7\u00e3o para tomar todos os imunizantes de rotina dispon\u00edveis para a sua faixa et\u00e1ria.&nbsp;<\/p>\n\n\n\n<p>A Secretaria oferece nas salas de vacina\u00e7\u00e3o dos postos de sa\u00fade, polos sanit\u00e1rios e cl\u00ednicas gon\u00e7alenses, 20 vacinas de rotina para os beb\u00eas, crian\u00e7as e adolescentes. Para os adultos s\u00e3o seis vacinas (confira as vacinas e idades abaixo). As unidades de sa\u00fade funcionam de segunda a sexta, das 8h \u00e0s 17h. <\/p>\n\n\n\n<p>E, nas duas cl\u00ednicas municipais Gon\u00e7alense do Mutondo e da Fam\u00edlia Dr. Zerbini, no Arsenal, que atendem, durante a semana, das 8h \u00e0s 21h; e aos s\u00e1bados, das 8h \u00e0s 12h (exceto feriados e pontos facultativos). O gon\u00e7alense deve chegar meia hora antes do fim do expediente para garantir que a imuniza\u00e7\u00e3o seja realizada.<\/p>\n\n\n\n<p>Segundo a secret\u00e1ria de Sa\u00fade da Prefeitura de S\u00e3o Gon\u00e7alo, Dra. Bianca Serour, a atualiza\u00e7\u00e3o da caderneta de vacina\u00e7\u00e3o pode ser feita em qualquer sala de vacina\u00e7\u00e3o. &#8220;As cadernetas s\u00e3o avaliadas pela equipe, assim como a condi\u00e7\u00e3o cl\u00ednica do paciente para a aplica\u00e7\u00e3o das mesmas. Ap\u00f3s a avalia\u00e7\u00e3o, os gon\u00e7alenses podem tomar mais de uma vacina no mesmo dia&#8221;, disse a pasta na nota. <\/p>\n\n\n\n<p>S\u00f3 o imunizante da febre amarela que n\u00e3o pode ser realizado, simultaneamente, com a vacina tr\u00edplice viral ou tetra viral para crian\u00e7as com menos de dois anos de idade. Nesse caso, deve-se respeitar o intervalo de 30 dias entre as doses. O adiamento da aplica\u00e7\u00e3o dos imunizantes acontece apenas nos casos de vig\u00eancia de febre.<\/p>\n\n\n\n<p>\u201c\u00c9 importante a popula\u00e7\u00e3o saber que todas as vacinas s\u00e3o seguras e que s\u00f3 trazem benef\u00edcios para a pessoa vacinada e para a popula\u00e7\u00e3o em geral. Algumas doen\u00e7as que eram consideradas raras voltaram a aparecer e est\u00e3o em crescimento, como a coqueluche, que pode ser prevenida com a vacina DTPa. Por isso, \u00e9 muito importante que os pais, principalmente, levem os seus filhos para esse ato de amor\u201d, disse a secret\u00e1ria.<\/p>\n\n\n\n<p><strong>As vacinas dispon\u00edveis para crian\u00e7as at\u00e9 5 anos, s\u00e3o:<\/strong><\/p>\n\n\n\n<p>BCG (formas graves de tuberculose) &#8211; ao nascer<\/p>\n\n\n\n<p>Hepatite B &#8211; ao nascer<\/p>\n\n\n\n<p>Rotav\u00edrus humano oral (diarreia por Rotav\u00edrus) &#8211; 2 e 4 meses<\/p>\n\n\n\n<p>Pentavalente (difteria, t\u00e9tano, coqueluche, hepatite B e Haemophilus influenzae b) &#8211; 2, 4 e 6 meses<\/p>\n\n\n\n<p>VIP (poliomielite injet\u00e1vel) &#8211; 2, 4 e 6 meses<\/p>\n\n\n\n<p>Pneumoc\u00f3cica 10-valente (pneumonia, meningite e otite) &#8211; 2 e 4 meses e um refor\u00e7o aos 12 meses<\/p>\n\n\n\n<p>Meningoc\u00f3cica C (meningite meningoc\u00f3cica sorogrupos C) &#8211; 3 e 5 meses e um refor\u00e7o aos 12 meses<\/p>\n\n\n\n<p>Covid-19 &#8211; 6, 7 e 9 meses<\/p>\n\n\n\n<p>Influenza &#8211; uma dose anual a partir dos seis meses e at\u00e9 5 anos, 11 meses e 29 dias<\/p>\n\n\n\n<p>Febre Amarela &#8211; 9 meses e 4 anos<\/p>\n\n\n\n<p>Tr\u00edplice Viral (sarampo, caxumba e rub\u00e9ola) &#8211; 12 meses<\/p>\n\n\n\n<p>VOPb (poliomielite oral &#8211; gotinha) &#8211; 15 meses e 4 anos<\/p>\n\n\n\n<p>Tetra viral (tr\u00edplice viral e varicela &#8211; sarampo, caxumba, rub\u00e9ola e catapora) &#8211; 15 meses<\/p>\n\n\n\n<p>Hepatite A &#8211; 15 meses<\/p>\n\n\n\n<p>DTP (difteria, t\u00e9tano e coqueluche) &#8211; 15 meses e 4 anos<\/p>\n\n\n\n<p>Varicela (catapora) &#8211; 4 anos<\/p>\n\n\n\n<p><strong>Vacinas dispon\u00edveis para crian\u00e7as com mais de 7 anos e adolescentes<\/strong><\/p>\n\n\n\n<p>Hepatite B &#8211; A partir de 7 anos de idade<\/p>\n\n\n\n<p>Dupla Adulto \u2013 dT (difteria, t\u00e9tano) \u2013 1 dose a cada 10 anos a partir de 7 anos considerando doses anteriores de Pentavalente e DTP. Em caso de ferimentos graves, o refor\u00e7o \u00e9 antecipado para o intervalo de 5 anos<\/p>\n\n\n\n<p>Febre Amarela \u2013 refor\u00e7o caso a pessoa tenha recebido uma dose antes de completar 5 anos e dose \u00fanica para pessoas que nunca foram vacinadas ou sem comprova\u00e7\u00e3o de vacina\u00e7\u00e3o<\/p>\n\n\n\n<p>Tr\u00edplice Viral (sarampo, caxumba e rub\u00e9ola) &#8211; iniciar ou completar duas doses de acordo com situa\u00e7\u00e3o vacinal<\/p>\n\n\n\n<p>HPV quadrivalente &#8211; de 9 a 14 anos e resgate de adolescentes at\u00e9 19 anos, 11 meses e 29 dias<\/p>\n\n\n\n<p>dTpa (difteria, t\u00e9tano e coqueluche acelular) &#8211; a partir da 20\u00aa semana de gesta\u00e7\u00e3o<\/p>\n\n\n\n<p>Meningoc\u00f3cica ACWY conjugada (meningite meningoc\u00f3cica sorogrupos A, C, W, Y) &#8211; uma dose de 11 a 14 anos<\/p>\n\n\n\n<p><strong>Vacinas dispon\u00edveis para adultos<\/strong><\/p>\n\n\n\n<p>Dupla Adulto \u2013 dT (difteria, t\u00e9tano) \u2013 1 dose a cada 10 anos. Em caso de ferimentos graves, o refor\u00e7o \u00e9 antecipado para o intervalo de 5 anos<\/p>\n\n\n\n<p>Febre Amarela &#8211; dose \u00fanica para pessoas que nunca foram vacinadas ou sem comprova\u00e7\u00e3o de vacina\u00e7\u00e3o at\u00e9 59 anos<\/p>\n\n\n\n<p>Hepatite B &#8211; Sem comprova\u00e7\u00e3o vacinal: 3 doses<\/p>\n\n\n\n<p>Tr\u00edplice Viral (sarampo, caxumba e rub\u00e9ola) &#8211; 2 doses at\u00e9 29 anos e profissionais de sa\u00fade. E 1 dose de 30 a 59 anos<\/p>\n\n\n\n<p>dTpa (difteria, t\u00e9tano e coqueluche acelular) &#8211; a partir da 20\u00aa semana de gesta\u00e7\u00e3o<\/p>\n\n\n\n<p>Covid-19 &#8211; Idosos com mais de 60 anos e gestantes.<\/p>\n\n\n\n<p><strong><em><sup>S\u00e3o Gon\u00e7alo Vai Mudar. O Maior Portal da Cidade<\/sup><\/em><\/strong><\/p>\n\n\n\n<figure class=\"wp-block-image size-full\"><img decoding=\"async\" width=\"250\" height=\"87\" src=\"https:\/\/sgvaimudar.com.br\/wp-content\/uploads\/2023\/08\/cropped-Logo.png\" alt=\"\" class=\"wp-image-2739\" \/><\/figure>\n","protected":false},"excerpt":{"rendered":"<p>Secretaria oferece dezenas de salas de vacina\u00e7\u00e3o na cidade As coberturas vacinais em S\u00e3o Gon\u00e7alo est\u00e3o abaixo do preconizado pelo&hellip;<\/p>\n","protected":false},"author":5,"featured_media":17845,"comment_status":"open","ping_status":"open","sticky":false,"template":"","format":"standard","meta":{"fifu_image_url":"","fifu_image_alt":"","footnotes":""},"categories":[7],"tags":[],"class_list":["post-17844","post","type-post","status-publish","format-standard","has-post-thumbnail","hentry","category-saude"],"_links":{"self":[{"href":"https:\/\/sgvaimudar.com.br\/index.php\/wp-json\/wp\/v2\/posts\/17844","targetHints":{"allow":["GET"]}}],"collection":[{"href":"https:\/\/sgvaimudar.com.br\/index.php\/wp-json\/wp\/v2\/posts"}],"about":[{"href":"https:\/\/sgvaimudar.com.br\/index.php\/wp-json\/wp\/v2\/types\/post"}],"author":[{"embeddable":true,"href":"https:\/\/sgvaimudar.com.br\/index.php\/wp-json\/wp\/v2\/users\/5"}],"replies":[{"embeddable":true,"href":"https:\/\/sgvaimudar.com.br\/index.php\/wp-json\/wp\/v2\/comments?post=17844"}],"version-history":[{"count":1,"href":"https:\/\/sgvaimudar.com.br\/index.php\/wp-json\/wp\/v2\/posts\/17844\/revisions"}],"predecessor-version":[{"id":17846,"href":"https:\/\/sgvaimudar.com.br\/index.php\/wp-json\/wp\/v2\/posts\/17844\/revisions\/17846"}],"wp:featuredmedia":[{"embeddable":true,"href":"https:\/\/sgvaimudar.com.br\/index.php\/wp-json\/wp\/v2\/media\/17845"}],"wp:attachment":[{"href":"https:\/\/sgvaimudar.com.br\/index.php\/wp-json\/wp\/v2\/media?parent=17844"}],"wp:term":[{"taxonomy":"category","embeddable":true,"href":"https:\/\/sgvaimudar.com.br\/index.php\/wp-json\/wp\/v2\/categories?post=17844"},{"taxonomy":"post_tag","embeddable":true,"href":"https:\/\/sgvaimudar.com.br\/index.php\/wp-json\/wp\/v2\/tags?post=17844"}],"curies":[{"name":"wp","href":"https:\/\/api.w.org\/{rel}","templated":true}]}}