{"id":17815,"date":"2024-12-29T09:30:56","date_gmt":"2024-12-29T12:30:56","guid":{"rendered":"https:\/\/sgvaimudar.com.br\/?p=17815"},"modified":"2024-12-29T09:31:30","modified_gmt":"2024-12-29T12:31:30","slug":"mae-da-menina-que-foi-baleada-na-cabeca-pela-prf-pede-a-pm-as-imagens-das-cameras-de-seguranca-corporais","status":"publish","type":"post","link":"https:\/\/sgvaimudar.com.br\/index.php\/2024\/12\/29\/mae-da-menina-que-foi-baleada-na-cabeca-pela-prf-pede-a-pm-as-imagens-das-cameras-de-seguranca-corporais\/","title":{"rendered":"M\u00e3e da menina que foi baleada na cabe\u00e7a pela PRF pede a PM as imagens das c\u00e2meras de seguran\u00e7a corporais"},"content":{"rendered":"\n<p><em>O objetivo \u00e9 comprovar que os policiais rodovi\u00e1rios federais, respons\u00e1veis pelos disparos, n\u00e3o prestaram socorro<\/em><\/p>\n\n\n\n<p>Juliana Rangel, de 26 anos, que foi baleada na cabe\u00e7a pela PRF na BR-040 na v\u00e9spera de Natal, continua internada em estado grav\u00edssimo. O tiro que atingiu a jovem atravessou a cabe\u00e7a.<\/p>\n\n\n\n<p>A m\u00e3e da v\u00edtima disse que vai pedir para a Pol\u00edcia Militar as imagens das c\u00e2meras de seguran\u00e7a corporais dos PMs que ajudaram a socorrer a filha. <\/p>\n\n\n\n<p>O objetivo \u00e9 comprovar que os policiais rodovi\u00e1rios federais, respons\u00e1veis pelos disparos, n\u00e3o prestaram socorro. Ainda segundo a m\u00e3e, nenhuma autoridade federal ofereceu at\u00e9 agora qualquer tipo de apoio \u00e0 fam\u00edlia.<\/p>\n\n\n\n<p><strong><em>#sgvaimudar<\/em><\/strong><\/p>\n\n\n\n<figure class=\"wp-block-image size-full\"><img decoding=\"async\" width=\"317\" height=\"110\" src=\"https:\/\/sgvaimudar.com.br\/wp-content\/uploads\/2023\/08\/cropped-Logo-Provisoria-2-2.png\" alt=\"\" class=\"wp-image-2782\" srcset=\"https:\/\/sgvaimudar.com.br\/wp-content\/uploads\/2023\/08\/cropped-Logo-Provisoria-2-2.png 317w, https:\/\/sgvaimudar.com.br\/wp-content\/uploads\/2023\/08\/cropped-Logo-Provisoria-2-2-300x104.png 300w\" sizes=\"(max-width: 317px) 100vw, 317px\" \/><\/figure>\n","protected":false},"excerpt":{"rendered":"<p>O objetivo \u00e9 comprovar que os policiais rodovi\u00e1rios federais, respons\u00e1veis pelos disparos, n\u00e3o prestaram socorro Juliana Rangel, de 26 anos,&hellip;<\/p>\n","protected":false},"author":5,"featured_media":17816,"comment_status":"open","ping_status":"open","sticky":false,"template":"","format":"standard","meta":{"fifu_image_url":"","fifu_image_alt":"","footnotes":""},"categories":[32],"tags":[],"class_list":["post-17815","post","type-post","status-publish","format-standard","has-post-thumbnail","hentry","category-casos-de-policia"],"_links":{"self":[{"href":"https:\/\/sgvaimudar.com.br\/index.php\/wp-json\/wp\/v2\/posts\/17815","targetHints":{"allow":["GET"]}}],"collection":[{"href":"https:\/\/sgvaimudar.com.br\/index.php\/wp-json\/wp\/v2\/posts"}],"about":[{"href":"https:\/\/sgvaimudar.com.br\/index.php\/wp-json\/wp\/v2\/types\/post"}],"author":[{"embeddable":true,"href":"https:\/\/sgvaimudar.com.br\/index.php\/wp-json\/wp\/v2\/users\/5"}],"replies":[{"embeddable":true,"href":"https:\/\/sgvaimudar.com.br\/index.php\/wp-json\/wp\/v2\/comments?post=17815"}],"version-history":[{"count":2,"href":"https:\/\/sgvaimudar.com.br\/index.php\/wp-json\/wp\/v2\/posts\/17815\/revisions"}],"predecessor-version":[{"id":17818,"href":"https:\/\/sgvaimudar.com.br\/index.php\/wp-json\/wp\/v2\/posts\/17815\/revisions\/17818"}],"wp:featuredmedia":[{"embeddable":true,"href":"https:\/\/sgvaimudar.com.br\/index.php\/wp-json\/wp\/v2\/media\/17816"}],"wp:attachment":[{"href":"https:\/\/sgvaimudar.com.br\/index.php\/wp-json\/wp\/v2\/media?parent=17815"}],"wp:term":[{"taxonomy":"category","embeddable":true,"href":"https:\/\/sgvaimudar.com.br\/index.php\/wp-json\/wp\/v2\/categories?post=17815"},{"taxonomy":"post_tag","embeddable":true,"href":"https:\/\/sgvaimudar.com.br\/index.php\/wp-json\/wp\/v2\/tags?post=17815"}],"curies":[{"name":"wp","href":"https:\/\/api.w.org\/{rel}","templated":true}]}}