{"id":17772,"date":"2024-12-27T21:00:00","date_gmt":"2024-12-28T00:00:00","guid":{"rendered":"https:\/\/sgvaimudar.com.br\/?p=17772"},"modified":"2024-12-27T13:09:36","modified_gmt":"2024-12-27T16:09:36","slug":"prefeitura-de-itaborai-e-premiada-no-programa-calcada-acessivel-pela-firjan","status":"publish","type":"post","link":"https:\/\/sgvaimudar.com.br\/index.php\/2024\/12\/27\/prefeitura-de-itaborai-e-premiada-no-programa-calcada-acessivel-pela-firjan\/","title":{"rendered":"Prefeitura de Itabora\u00ed \u00e9 premiada no Programa Cal\u00e7ada Acess\u00edvel pela Firjan"},"content":{"rendered":"\n<p><em>Pr\u00eamio foi devido ao comprometimento na implementa\u00e7\u00e3o de a\u00e7\u00f5es voltadas \u00e0 mobilidade urbana e acessibilidade<\/em><\/p>\n\n\n\n<p>A Prefeitura Municipal de Itabora\u00ed, por meio da Secretaria Municipal de Meio Ambiente e Urbanismo (Semau), foi reconhecida no Semin\u00e1rio Programa Cal\u00e7ada Acess\u00edvel, organizado pela Firjan, pelo comprometimento na implementa\u00e7\u00e3o de a\u00e7\u00f5es voltadas \u00e0 mobilidade urbana e acessibilidade. <\/p>\n\n\n\n<p>O evento, realizado no \u00faltimo dia 11 de dezembro no Centro de Refer\u00eancia da Firjan Senai Sesi Tijuca, premiou 11 munic\u00edpios do estado do Rio de Janeiro por seus avan\u00e7os no programa.<\/p>\n\n\n\n<p>A participa\u00e7\u00e3o de Itabora\u00ed foi marcada pela apresenta\u00e7\u00e3o do Manual T\u00e9cnico das Cal\u00e7adas Acess\u00edveis, elaborado pelos t\u00e9cnicos do Departamento de Planejamento Urbano e oficializado pelo prefeito Marcelo Delaroli atrav\u00e9s de decreto municipal publicado em novembro. O manual integra um programa de conscientiza\u00e7\u00e3o sobre a import\u00e2ncia da acessibilidade nos espa\u00e7os p\u00fablicos e busca transformar a cidade em um ambiente mais sustent\u00e1vel e humanizado.<\/p>\n\n\n\n<p>A secret\u00e1ria de Meio Ambiente e Urbanismo de Itabora\u00ed, Alyne Saldanha, ressaltou a relev\u00e2ncia do manual para o desenvolvimento da cidade.<\/p>\n\n\n\n<p>\u201cEstamos dando um passo importante para transformar nossa cidade em um espa\u00e7o mais acolhedor e funcional para todos os cidad\u00e3os, independentemente de suas condi\u00e7\u00f5es de mobilidade\u201d, afirmou a secret\u00e1ria.<\/p>\n\n\n\n<p>Durante o evento, Marcelo Kaiuca, vice-presidente da Firjan, destacou a import\u00e2ncia do programa para os munic\u00edpios.<\/p>\n\n\n\n<p>\u201cO programa traz uma mudan\u00e7a de paradigma sobre a acessibilidade urbana, garantindo o direito de ir e vir de todos os cidad\u00e3os. Com essa iniciativa, estamos tornando os ambientes urbanos mais acess\u00edveis e atrativos para a gera\u00e7\u00e3o de novos neg\u00f3cios\u201d, ressaltou Marcelo.<\/p>\n\n\n\n<p>O Manual T\u00e9cnico das Cal\u00e7adas Acess\u00edveis de Itabora\u00ed, intitulado \u201cCal\u00e7ada que Passo, Caminho que Fa\u00e7o\u201d, estabelece orienta\u00e7\u00f5es para padronizar e garantir qualidade nos logradouros p\u00fablicos da cidade, assegurando a acessibilidade para todos. O decreto determina que reformas ou novas obras em cal\u00e7adas atendam \u00e0s diretrizes do manual, promovendo um espa\u00e7o p\u00fablico inclusivo e seguro.<\/p>\n\n\n\n<p>Com a conquista do reconhecimento no Programa Cal\u00e7ada Acess\u00edvel e a apresenta\u00e7\u00e3o do Manual T\u00e9cnico das Cal\u00e7adas Acess\u00edveis, Itabora\u00ed d\u00e1 um importante passo na melhoria da mobilidade urbana e na cria\u00e7\u00e3o de espa\u00e7os mais acess\u00edveis para a popula\u00e7\u00e3o.<\/p>\n\n\n\n<p><strong><em><sup>#sgvaimudar<\/sup><\/em><\/strong><\/p>\n\n\n\n<figure class=\"wp-block-image size-large\"><img fetchpriority=\"high\" decoding=\"async\" width=\"1024\" height=\"357\" src=\"https:\/\/sgvaimudar.com.br\/wp-content\/uploads\/2023\/08\/Logo-Provisoria-2-1-1024x357.png\" alt=\"\" class=\"wp-image-2779\" srcset=\"https:\/\/sgvaimudar.com.br\/wp-content\/uploads\/2023\/08\/Logo-Provisoria-2-1-1024x357.png 1024w, https:\/\/sgvaimudar.com.br\/wp-content\/uploads\/2023\/08\/Logo-Provisoria-2-1-300x105.png 300w, https:\/\/sgvaimudar.com.br\/wp-content\/uploads\/2023\/08\/Logo-Provisoria-2-1-768x268.png 768w, https:\/\/sgvaimudar.com.br\/wp-content\/uploads\/2023\/08\/Logo-Provisoria-2-1.png 1470w\" sizes=\"(max-width: 1024px) 100vw, 1024px\" \/><\/figure>\n","protected":false},"excerpt":{"rendered":"<p>Pr\u00eamio foi devido ao comprometimento na implementa\u00e7\u00e3o de a\u00e7\u00f5es voltadas \u00e0 mobilidade urbana e acessibilidade A Prefeitura Municipal de Itabora\u00ed,&hellip;<\/p>\n","protected":false},"author":5,"featured_media":17773,"comment_status":"open","ping_status":"open","sticky":false,"template":"","format":"standard","meta":{"fifu_image_url":"","fifu_image_alt":"","footnotes":""},"categories":[36],"tags":[],"class_list":["post-17772","post","type-post","status-publish","format-standard","has-post-thumbnail","hentry","category-bem-estar"],"_links":{"self":[{"href":"https:\/\/sgvaimudar.com.br\/index.php\/wp-json\/wp\/v2\/posts\/17772","targetHints":{"allow":["GET"]}}],"collection":[{"href":"https:\/\/sgvaimudar.com.br\/index.php\/wp-json\/wp\/v2\/posts"}],"about":[{"href":"https:\/\/sgvaimudar.com.br\/index.php\/wp-json\/wp\/v2\/types\/post"}],"author":[{"embeddable":true,"href":"https:\/\/sgvaimudar.com.br\/index.php\/wp-json\/wp\/v2\/users\/5"}],"replies":[{"embeddable":true,"href":"https:\/\/sgvaimudar.com.br\/index.php\/wp-json\/wp\/v2\/comments?post=17772"}],"version-history":[{"count":1,"href":"https:\/\/sgvaimudar.com.br\/index.php\/wp-json\/wp\/v2\/posts\/17772\/revisions"}],"predecessor-version":[{"id":17774,"href":"https:\/\/sgvaimudar.com.br\/index.php\/wp-json\/wp\/v2\/posts\/17772\/revisions\/17774"}],"wp:featuredmedia":[{"embeddable":true,"href":"https:\/\/sgvaimudar.com.br\/index.php\/wp-json\/wp\/v2\/media\/17773"}],"wp:attachment":[{"href":"https:\/\/sgvaimudar.com.br\/index.php\/wp-json\/wp\/v2\/media?parent=17772"}],"wp:term":[{"taxonomy":"category","embeddable":true,"href":"https:\/\/sgvaimudar.com.br\/index.php\/wp-json\/wp\/v2\/categories?post=17772"},{"taxonomy":"post_tag","embeddable":true,"href":"https:\/\/sgvaimudar.com.br\/index.php\/wp-json\/wp\/v2\/tags?post=17772"}],"curies":[{"name":"wp","href":"https:\/\/api.w.org\/{rel}","templated":true}]}}