{"id":17768,"date":"2024-12-27T19:00:00","date_gmt":"2024-12-27T22:00:00","guid":{"rendered":"https:\/\/sgvaimudar.com.br\/?p=17768"},"modified":"2024-12-27T13:04:16","modified_gmt":"2024-12-27T16:04:16","slug":"moradores-ganham-novos-espacos-de-convivencia-e-lazer-entregues-pela-prefeitura","status":"publish","type":"post","link":"https:\/\/sgvaimudar.com.br\/index.php\/2024\/12\/27\/moradores-ganham-novos-espacos-de-convivencia-e-lazer-entregues-pela-prefeitura\/","title":{"rendered":"Moradores ganham novos espa\u00e7os de conviv\u00eancia e lazer entregues pela Prefeitura"},"content":{"rendered":"\n<p>Segundo o Executivo, n<em>este ano, foram entregues seis \u00e1reas revitalizadas<\/em><\/p>\n\n\n\n<p>A Prefeitura de S\u00e3o Gon\u00e7alo entregou seis espa\u00e7os de lazer e conviv\u00eancia totalmente revitalizados este ano, dentro do projeto Pra\u00e7a Renovada. O destaque ficou com a Pra\u00e7a Governador Leonel Brizola, conhecida como Pra\u00e7a do Coluband\u00ea, que tamb\u00e9m passou por requalifica\u00e7\u00e3o vi\u00e1ria em seu entorno, com melhorias significativas para o tr\u00e2nsito na regi\u00e3o.<\/p>\n\n\n\n<figure class=\"wp-block-image size-large\"><img fetchpriority=\"high\" decoding=\"async\" width=\"1024\" height=\"684\" src=\"https:\/\/sgvaimudar.com.br\/wp-content\/uploads\/2024\/12\/unnamed-10-8-1024x684.jpg\" alt=\"\" class=\"wp-image-17769\" srcset=\"https:\/\/sgvaimudar.com.br\/wp-content\/uploads\/2024\/12\/unnamed-10-8-1024x684.jpg 1024w, https:\/\/sgvaimudar.com.br\/wp-content\/uploads\/2024\/12\/unnamed-10-8-300x200.jpg 300w, https:\/\/sgvaimudar.com.br\/wp-content\/uploads\/2024\/12\/unnamed-10-8-768x513.jpg 768w, https:\/\/sgvaimudar.com.br\/wp-content\/uploads\/2024\/12\/unnamed-10-8-1536x1027.jpg 1536w, https:\/\/sgvaimudar.com.br\/wp-content\/uploads\/2024\/12\/unnamed-10-8.jpg 1616w\" sizes=\"(max-width: 1024px) 100vw, 1024px\" \/><\/figure>\n\n\n\n<p>No total, o Pra\u00e7a Renovada j\u00e1 recuperou 16 \u00e1reas de lazer na cidade, com a participa\u00e7\u00e3o de outros projetos, como o Cidade Ilustrada, que garantiu a cria\u00e7\u00e3o de murais e pain\u00e9is altamente representativos das culturas e hist\u00f3rias de cada regi\u00e3o beneficiada.<\/p>\n\n\n\n<p>Neste 2024, a entrega da Pra\u00e7a do Rocha tamb\u00e9m foi marcante, com a cria\u00e7\u00e3o de uma pista de skate e a nomea\u00e7\u00e3o do espa\u00e7o de \u201cFarlane Vinicius Skate Parque\u201d, numa homenagem ao jovem gon\u00e7alense morto que oferecia aulas do esporte no local.<\/p>\n\n\n\n<p>Tamb\u00e9m foram entregues as pra\u00e7as Pra\u00e7a Vereador Josias dos Santos Muniz, na Lagoinha; a Arena Zaga Silva, localizada no Porto Velho; a Pra\u00e7a Expedicion\u00e1rio Ant\u00f4nio Vieira, mais conhecida como Pra\u00e7a do Mineirinho; e Pra\u00e7a Thiago Evangelista de Vasconcellos, popularmente conhecida como Pra\u00e7a do Bairro Almerinda.<\/p>\n\n\n\n<p>A maioria dos projetos executados revitaliza completamente as pra\u00e7as, com novos equipamentos de gin\u00e1stica, brinquedos para as crian\u00e7as,ilumina\u00e7\u00e3o p\u00fablica de LED, instala\u00e7\u00e3o de canteiros, bancos e mesas de concreto, dentre outras mudan\u00e7as. Mas cada espa\u00e7o possui suas especificidades e caracter\u00edsticas pr\u00f3prias, que s\u00e3o levadas em conta.<\/p>\n\n\n\n<p>No Rocha, foi feita a pista de skate e brinquedos para crian\u00e7as com defici\u00eancia. No Coluband\u00ea, foi instalado o primeiro Parc\u00e3o do munic\u00edpio, al\u00e9m do reordenamento no tr\u00e2nsito do bairro. J\u00e1 na Arena Zaga Silva (nome em homenagem a Luiz Gonzaga Madeira da Silva, jogador de futebol e morador do bairro), foi feito um novo campo de futebol, com arquibancada. No Almerinda, um outro campo de futebol foi revitalizado, com a constru\u00e7\u00e3o de parquinho e \u00e1rea de conviv\u00eancia no local.<\/p>\n\n\n\n<p>O prefeito Capit\u00e3o Nelson celebra tudo o que o projeto concretizou no munic\u00edpio. &#8220;O Pra\u00e7a Renovada surgiu com o objetivo de revitalizar as \u00e1reas de lazer de S\u00e3o Gon\u00e7alo, muitas, inclusive, estavam com brinquedos quebrados quando assumimos. Eu n\u00e3o tenho d\u00favida de que a gente tem conseguido atingir esse objetivo e \u00e9 muito gratificante poder ver a popula\u00e7\u00e3o aproveitando esses novos ambientes&#8221;, afirmou o prefeito.\u00a0<\/p>\n\n\n\n<p>Foto: Renan Otto<\/p>\n\n\n\n<p><strong><em>#SGVAIMUDAR<\/em><\/strong><\/p>\n\n\n\n<figure class=\"wp-block-image size-large\"><img decoding=\"async\" width=\"1024\" height=\"357\" src=\"https:\/\/sgvaimudar.com.br\/wp-content\/uploads\/2023\/08\/Logo-Provisoria-2-1-1024x357.png\" alt=\"\" class=\"wp-image-2779\" srcset=\"https:\/\/sgvaimudar.com.br\/wp-content\/uploads\/2023\/08\/Logo-Provisoria-2-1-1024x357.png 1024w, https:\/\/sgvaimudar.com.br\/wp-content\/uploads\/2023\/08\/Logo-Provisoria-2-1-300x105.png 300w, https:\/\/sgvaimudar.com.br\/wp-content\/uploads\/2023\/08\/Logo-Provisoria-2-1-768x268.png 768w, https:\/\/sgvaimudar.com.br\/wp-content\/uploads\/2023\/08\/Logo-Provisoria-2-1.png 1470w\" sizes=\"(max-width: 1024px) 100vw, 1024px\" \/><\/figure>\n","protected":false},"excerpt":{"rendered":"<p>Segundo o Executivo, neste ano, foram entregues seis \u00e1reas revitalizadas A Prefeitura de S\u00e3o Gon\u00e7alo entregou seis espa\u00e7os de lazer&hellip;<\/p>\n","protected":false},"author":5,"featured_media":17770,"comment_status":"open","ping_status":"open","sticky":false,"template":"","format":"standard","meta":{"fifu_image_url":"","fifu_image_alt":"","footnotes":""},"categories":[3],"tags":[],"class_list":["post-17768","post","type-post","status-publish","format-standard","has-post-thumbnail","hentry","category-sao-goncalo"],"_links":{"self":[{"href":"https:\/\/sgvaimudar.com.br\/index.php\/wp-json\/wp\/v2\/posts\/17768","targetHints":{"allow":["GET"]}}],"collection":[{"href":"https:\/\/sgvaimudar.com.br\/index.php\/wp-json\/wp\/v2\/posts"}],"about":[{"href":"https:\/\/sgvaimudar.com.br\/index.php\/wp-json\/wp\/v2\/types\/post"}],"author":[{"embeddable":true,"href":"https:\/\/sgvaimudar.com.br\/index.php\/wp-json\/wp\/v2\/users\/5"}],"replies":[{"embeddable":true,"href":"https:\/\/sgvaimudar.com.br\/index.php\/wp-json\/wp\/v2\/comments?post=17768"}],"version-history":[{"count":1,"href":"https:\/\/sgvaimudar.com.br\/index.php\/wp-json\/wp\/v2\/posts\/17768\/revisions"}],"predecessor-version":[{"id":17771,"href":"https:\/\/sgvaimudar.com.br\/index.php\/wp-json\/wp\/v2\/posts\/17768\/revisions\/17771"}],"wp:featuredmedia":[{"embeddable":true,"href":"https:\/\/sgvaimudar.com.br\/index.php\/wp-json\/wp\/v2\/media\/17770"}],"wp:attachment":[{"href":"https:\/\/sgvaimudar.com.br\/index.php\/wp-json\/wp\/v2\/media?parent=17768"}],"wp:term":[{"taxonomy":"category","embeddable":true,"href":"https:\/\/sgvaimudar.com.br\/index.php\/wp-json\/wp\/v2\/categories?post=17768"},{"taxonomy":"post_tag","embeddable":true,"href":"https:\/\/sgvaimudar.com.br\/index.php\/wp-json\/wp\/v2\/tags?post=17768"}],"curies":[{"name":"wp","href":"https:\/\/api.w.org\/{rel}","templated":true}]}}