{"id":17761,"date":"2024-12-27T17:00:00","date_gmt":"2024-12-27T20:00:00","guid":{"rendered":"https:\/\/sgvaimudar.com.br\/?p=17761"},"modified":"2024-12-27T12:52:07","modified_gmt":"2024-12-27T15:52:07","slug":"secretaria-de-desenvolvimento-encaminha-para-mais-de-160-vagas-de-emprego-no-comercio","status":"publish","type":"post","link":"https:\/\/sgvaimudar.com.br\/index.php\/2024\/12\/27\/secretaria-de-desenvolvimento-encaminha-para-mais-de-160-vagas-de-emprego-no-comercio\/","title":{"rendered":"Secretaria de Desenvolvimento encaminha para mais de 160 vagas de emprego no com\u00e9rcio"},"content":{"rendered":"\n<p><em>Interessados poder\u00e3o comparecer aos locais designados a partir desta sexta-feira (27)<\/em><\/p>\n\n\n\n<p>A Secretaria de Desenvolvimento Econ\u00f4mico da Prefeitura de S\u00e3o Gon\u00e7alo oferece mais de 160 vagas de emprego em diversos cargos no setor de com\u00e9rcio para os gon\u00e7alenses, com ou sem experi\u00eancia. <\/p>\n\n\n\n<p>Os interessados dever\u00e3o comparecer, a partir desta sexta-feira (27), das 10h \u00e0s 16h, \u00e0 unidade do Sine Alc\u00e2ntara ou \u00e0 Sala do Empreendedor, no primeiro piso do Partage Shopping, no Centro, para serem encaminhados para as vagas.<\/p>\n\n\n\n<p><strong>Confira as vagas oferecidas a seguir:<\/strong><\/p>\n\n\n\n<p>&#8211; 32 vagas para Operador de Loja;<\/p>\n\n\n\n<p>&#8211; 25 vagas para Operador de caixa;<\/p>\n\n\n\n<p>&#8211; 18 vagas para Auxiliares de Perec\u00edveis;<\/p>\n\n\n\n<p>&#8211; 15 vagas para Fiscal de Loja;<\/p>\n\n\n\n<p>&#8211; 9 vagas para Operador de Empilhadeira;<\/p>\n\n\n\n<p>&#8211; 8 vagas para Fiscal de Caixa;<\/p>\n\n\n\n<p>&#8211; 8 vagas para A\u00e7ougueiro;<\/p>\n\n\n\n<p>&#8211; 4 vagas para Auxiliar de Hortifruti;<\/p>\n\n\n\n<p>&#8211; 4 vagas para Auxiliar de Dep\u00f3sito;<\/p>\n\n\n\n<p>&#8211; 4 vagas para Auxiliar de Cozinha;<\/p>\n\n\n\n<p>&#8211; 3 vagas para Conferente de Invent\u00e1rio;<\/p>\n\n\n\n<p>&#8211; 3 vagas para Conferente de Recebimento;<\/p>\n\n\n\n<p>&#8211; 3 vagas para Operador de Loja (BALAN\u00c7A FLV);<\/p>\n\n\n\n<p>&#8211; 3 vagas para Auxiliar de Monitoramento;<\/p>\n\n\n\n<p>&#8211; 3 vagas para Auxiliar de Estacionamento;<\/p>\n\n\n\n<p>&#8211; 2 vagas para Encarregado de Perec\u00edveis;<\/p>\n\n\n\n<p>&#8211; 2 vagas para Cozinheiro;<\/p>\n\n\n\n<p>&#8211; 2 vagas para Atendente de SAC;<\/p>\n\n\n\n<p>&#8211; 2 vagas para Vendedor Externo<\/p>\n\n\n\n<p>&#8211; 2 vagas para Separador de Vendas;<\/p>\n\n\n\n<p>&#8211; 2 vagas para Auxiliar de Padaria;<\/p>\n\n\n\n<p>&#8211; 2 vagas para Encarregado de Mercearia;<\/p>\n\n\n\n<p>&#8211; 1 vaga para Encarregado de Hortifruti;<\/p>\n\n\n\n<p>&#8211; 1 vaga para L\u00edder de Hortifruti;<\/p>\n\n\n\n<p>&#8211; 1 vaga para Encarregado de Preven\u00e7\u00e3o de perdas;<\/p>\n\n\n\n<p>&#8211; 1 vaga para Conferente de Avaria;<\/p>\n\n\n\n<p>&#8211; 1 vaga para L\u00edder de A\u00e7ougue;<\/p>\n\n\n\n<p>&#8211; 1 vaga para Auxiliar de A\u00e7ougue;<\/p>\n\n\n\n<p>&#8211; 1 vaga para Locutor;<\/p>\n\n\n\n<p>&#8211; 1 vaga para T\u00e9cnico de manuten\u00e7\u00e3o.<\/p>\n\n\n\n<p><strong>Servi\u00e7o:<\/strong><\/p>\n\n\n\n<p>O Sine Alc\u00e2ntara fica na Rua Doutor Alfredo Backer, n\u00famero 500 (lojas 11 e 12), Alc\u00e2ntara, S\u00e3o Gon\u00e7alo. J\u00e1 a Sala do Empreendedor (lojas 177 e 178) fica no Partage Shopping, que est\u00e1 localizado na Avenida Presidente Kennedy, 425, no Centro.<\/p>\n\n\n\n<p><strong><em><sup>#SGVAIMUDAR<\/sup><\/em><\/strong><\/p>\n\n\n\n<figure class=\"wp-block-image size-large\"><img fetchpriority=\"high\" decoding=\"async\" width=\"1024\" height=\"357\" src=\"https:\/\/sgvaimudar.com.br\/wp-content\/uploads\/2023\/08\/Logo-Provisoria-2-1-1024x357.png\" alt=\"\" class=\"wp-image-2779\" srcset=\"https:\/\/sgvaimudar.com.br\/wp-content\/uploads\/2023\/08\/Logo-Provisoria-2-1-1024x357.png 1024w, https:\/\/sgvaimudar.com.br\/wp-content\/uploads\/2023\/08\/Logo-Provisoria-2-1-300x105.png 300w, https:\/\/sgvaimudar.com.br\/wp-content\/uploads\/2023\/08\/Logo-Provisoria-2-1-768x268.png 768w, https:\/\/sgvaimudar.com.br\/wp-content\/uploads\/2023\/08\/Logo-Provisoria-2-1.png 1470w\" sizes=\"(max-width: 1024px) 100vw, 1024px\" \/><\/figure>\n","protected":false},"excerpt":{"rendered":"<p>Interessados poder\u00e3o comparecer aos locais designados a partir desta sexta-feira (27) A Secretaria de Desenvolvimento Econ\u00f4mico da Prefeitura de S\u00e3o&hellip;<\/p>\n","protected":false},"author":5,"featured_media":17762,"comment_status":"open","ping_status":"open","sticky":false,"template":"","format":"standard","meta":{"fifu_image_url":"","fifu_image_alt":"","footnotes":""},"categories":[3],"tags":[],"class_list":["post-17761","post","type-post","status-publish","format-standard","has-post-thumbnail","hentry","category-sao-goncalo"],"_links":{"self":[{"href":"https:\/\/sgvaimudar.com.br\/index.php\/wp-json\/wp\/v2\/posts\/17761","targetHints":{"allow":["GET"]}}],"collection":[{"href":"https:\/\/sgvaimudar.com.br\/index.php\/wp-json\/wp\/v2\/posts"}],"about":[{"href":"https:\/\/sgvaimudar.com.br\/index.php\/wp-json\/wp\/v2\/types\/post"}],"author":[{"embeddable":true,"href":"https:\/\/sgvaimudar.com.br\/index.php\/wp-json\/wp\/v2\/users\/5"}],"replies":[{"embeddable":true,"href":"https:\/\/sgvaimudar.com.br\/index.php\/wp-json\/wp\/v2\/comments?post=17761"}],"version-history":[{"count":1,"href":"https:\/\/sgvaimudar.com.br\/index.php\/wp-json\/wp\/v2\/posts\/17761\/revisions"}],"predecessor-version":[{"id":17763,"href":"https:\/\/sgvaimudar.com.br\/index.php\/wp-json\/wp\/v2\/posts\/17761\/revisions\/17763"}],"wp:featuredmedia":[{"embeddable":true,"href":"https:\/\/sgvaimudar.com.br\/index.php\/wp-json\/wp\/v2\/media\/17762"}],"wp:attachment":[{"href":"https:\/\/sgvaimudar.com.br\/index.php\/wp-json\/wp\/v2\/media?parent=17761"}],"wp:term":[{"taxonomy":"category","embeddable":true,"href":"https:\/\/sgvaimudar.com.br\/index.php\/wp-json\/wp\/v2\/categories?post=17761"},{"taxonomy":"post_tag","embeddable":true,"href":"https:\/\/sgvaimudar.com.br\/index.php\/wp-json\/wp\/v2\/tags?post=17761"}],"curies":[{"name":"wp","href":"https:\/\/api.w.org\/{rel}","templated":true}]}}