{"id":17749,"date":"2024-12-27T14:00:00","date_gmt":"2024-12-27T17:00:00","guid":{"rendered":"https:\/\/sgvaimudar.com.br\/?p=17749"},"modified":"2024-12-27T12:32:58","modified_gmt":"2024-12-27T15:32:58","slug":"cerimonia-vai-marcar-posse-de-prefeito-e-vereadores-no-periodo-2025-2028","status":"publish","type":"post","link":"https:\/\/sgvaimudar.com.br\/index.php\/2024\/12\/27\/cerimonia-vai-marcar-posse-de-prefeito-e-vereadores-no-periodo-2025-2028\/","title":{"rendered":"Cerim\u00f4nia vai marcar posse de prefeito e vereadores no per\u00edodo 2025-2028"},"content":{"rendered":"\n<p><em>Os jornalistas que v\u00e3o trabalhar na cobertura da posse devem confirmar presen\u00e7a, com nome completo e ve\u00edculo, at\u00e9 o pr\u00f3ximo dia 30 de dezembro, \u00e0s 16h, pelo email\u00a0<a rel=\"noreferrer noopener\" href=\"mailto:comunica.pmsg@gmail.com\" target=\"_blank\">comunica.pmsg@gmail.com<\/a>. Ser\u00e3o permitidos at\u00e9 tr\u00eas profissionais por ve\u00edculo de comunica\u00e7\u00e3o.<\/em><\/p>\n\n\n\n<p>A posse do prefeito reeleito de S\u00e3o Gon\u00e7alo, Capit\u00e3o Nelson, vai ocorrer, \u00e0s 10h, no dia 1\u00ba de janeiro de 2025, no Teatro Municipal George Savalla Gomes, no Centro. No mesmo dia, tamb\u00e9m ser\u00e3o empossados o vice-prefeito eleito, Jo\u00e3o Ventura (Uni\u00e3o), e os 27 vereadores que estar\u00e3o na nova legislatura.<\/p>\n\n\n\n<p>A cerim\u00f4nia ter\u00e1 in\u00edcio com a posse dos vereadores, sendo conduzida pelo parlamentar mais votado, neste caso, Nelsinho Ruas (PL), filho do prefeito Capit\u00e3o Nelson (PL).<\/p>\n\n\n\n<p>Depois, a sess\u00e3o \u00e9 suspensa para que elei\u00e7\u00e3o para a Mesa Diretora da C\u00e2mara seja realizada. Na sequ\u00eancia, o novo presidente da C\u00e2mara \u2014 que ser\u00e1 eleito no dia \u2014 dar\u00e1 posse ao prefeito. <\/p>\n\n\n\n<p>Segundo fontes pol\u00edticas, \u00e9 estimado que a solenidade dure entre aproximadamente duas horas.<\/p>\n\n\n\n<figure class=\"wp-block-image size-full\"><img fetchpriority=\"high\" decoding=\"async\" width=\"1024\" height=\"681\" src=\"https:\/\/sgvaimudar.com.br\/wp-content\/uploads\/2024\/12\/unnamed-1-12.webp\" alt=\"Diploma\u00e7\u00e3o Capit\u00e3o Nelson - Divulga\u00e7\u00e3o\" class=\"wp-image-17752\" srcset=\"https:\/\/sgvaimudar.com.br\/wp-content\/uploads\/2024\/12\/unnamed-1-12.webp 1024w, https:\/\/sgvaimudar.com.br\/wp-content\/uploads\/2024\/12\/unnamed-1-12-300x200.webp 300w, https:\/\/sgvaimudar.com.br\/wp-content\/uploads\/2024\/12\/unnamed-1-12-768x511.webp 768w\" sizes=\"(max-width: 1024px) 100vw, 1024px\" \/><\/figure>\n\n\n\n<p>Capit\u00e3o Nelson, que venceu as elei\u00e7\u00f5es com 84,49% dos votos v\u00e1lidos, foi diplomado na manh\u00e3 de quinta-feira (19\/12), em uma cerim\u00f4nia realizada no F\u00f3rum Regional Ju\u00edza Patr\u00edcia Lourival Acioli, localizado no Coluband\u00ea.\u00a0<\/p>\n\n\n\n<p>A diploma\u00e7\u00e3o \u00e9 um ato em que a Justi\u00e7a Eleitoral oficializa que o candidato foi efetivamente eleito pelo povo e, por isso, est\u00e1 apto para tomar posse no cargo em 2025.<\/p>\n\n\n\n<p>Capit\u00e3o Nelson \u00e9 o 64\u00ba prefeito de S\u00e3o Gon\u00e7alo. Chefe do Executivo entre 2021 e 2024, Capit\u00e3o entra em seu segundo mandato e ficar\u00e1 no comando do\u00a0segundo munic\u00edpio mais populoso do estado, atr\u00e1s apenas da capital, at\u00e9 o final de 2028.<\/p>\n\n\n\n<p><strong>Servi\u00e7o:<\/strong><\/p>\n\n\n\n<p><strong>. Posse do prefeito, vice-prefeito e vereadores de S\u00e3o Gon\u00e7alo<\/strong><\/p>\n\n\n\n<p><strong>. Dia 1\u00ba de janeiro, \u00e0s 10h<\/strong><\/p>\n\n\n\n<p><strong>. Teatro Municipal George Savalla Gomes (Rua Dr. Feliciano Sodr\u00e9, 100)<\/strong>.<\/p>\n\n\n\n<p><strong><em><sub>#sgvaimudar<\/sub><\/em><\/strong><\/p>\n\n\n\n<figure class=\"wp-block-image size-large\"><img decoding=\"async\" width=\"1024\" height=\"357\" src=\"https:\/\/sgvaimudar.com.br\/wp-content\/uploads\/2023\/08\/Logo-Provisoria-2-1-1024x357.png\" alt=\"\" class=\"wp-image-2779\" srcset=\"https:\/\/sgvaimudar.com.br\/wp-content\/uploads\/2023\/08\/Logo-Provisoria-2-1-1024x357.png 1024w, https:\/\/sgvaimudar.com.br\/wp-content\/uploads\/2023\/08\/Logo-Provisoria-2-1-300x105.png 300w, https:\/\/sgvaimudar.com.br\/wp-content\/uploads\/2023\/08\/Logo-Provisoria-2-1-768x268.png 768w, https:\/\/sgvaimudar.com.br\/wp-content\/uploads\/2023\/08\/Logo-Provisoria-2-1.png 1470w\" sizes=\"(max-width: 1024px) 100vw, 1024px\" \/><\/figure>\n","protected":false},"excerpt":{"rendered":"<p>Os jornalistas que v\u00e3o trabalhar na cobertura da posse devem confirmar presen\u00e7a, com nome completo e ve\u00edculo, at\u00e9 o pr\u00f3ximo&hellip;<\/p>\n","protected":false},"author":5,"featured_media":10620,"comment_status":"open","ping_status":"open","sticky":false,"template":"","format":"standard","meta":{"fifu_image_url":"","fifu_image_alt":"","footnotes":""},"categories":[3],"tags":[],"class_list":["post-17749","post","type-post","status-publish","format-standard","has-post-thumbnail","hentry","category-sao-goncalo"],"_links":{"self":[{"href":"https:\/\/sgvaimudar.com.br\/index.php\/wp-json\/wp\/v2\/posts\/17749","targetHints":{"allow":["GET"]}}],"collection":[{"href":"https:\/\/sgvaimudar.com.br\/index.php\/wp-json\/wp\/v2\/posts"}],"about":[{"href":"https:\/\/sgvaimudar.com.br\/index.php\/wp-json\/wp\/v2\/types\/post"}],"author":[{"embeddable":true,"href":"https:\/\/sgvaimudar.com.br\/index.php\/wp-json\/wp\/v2\/users\/5"}],"replies":[{"embeddable":true,"href":"https:\/\/sgvaimudar.com.br\/index.php\/wp-json\/wp\/v2\/comments?post=17749"}],"version-history":[{"count":2,"href":"https:\/\/sgvaimudar.com.br\/index.php\/wp-json\/wp\/v2\/posts\/17749\/revisions"}],"predecessor-version":[{"id":17753,"href":"https:\/\/sgvaimudar.com.br\/index.php\/wp-json\/wp\/v2\/posts\/17749\/revisions\/17753"}],"wp:featuredmedia":[{"embeddable":true,"href":"https:\/\/sgvaimudar.com.br\/index.php\/wp-json\/wp\/v2\/media\/10620"}],"wp:attachment":[{"href":"https:\/\/sgvaimudar.com.br\/index.php\/wp-json\/wp\/v2\/media?parent=17749"}],"wp:term":[{"taxonomy":"category","embeddable":true,"href":"https:\/\/sgvaimudar.com.br\/index.php\/wp-json\/wp\/v2\/categories?post=17749"},{"taxonomy":"post_tag","embeddable":true,"href":"https:\/\/sgvaimudar.com.br\/index.php\/wp-json\/wp\/v2\/tags?post=17749"}],"curies":[{"name":"wp","href":"https:\/\/api.w.org\/{rel}","templated":true}]}}