{"id":17737,"date":"2024-12-27T11:39:30","date_gmt":"2024-12-27T14:39:30","guid":{"rendered":"https:\/\/sgvaimudar.com.br\/?p=17737"},"modified":"2024-12-27T11:39:31","modified_gmt":"2024-12-27T14:39:31","slug":"prefeitura-projeta-novas-vagas-de-emprego-e-cursos-para-2025","status":"publish","type":"post","link":"https:\/\/sgvaimudar.com.br\/index.php\/2024\/12\/27\/prefeitura-projeta-novas-vagas-de-emprego-e-cursos-para-2025\/","title":{"rendered":"Prefeitura projeta novas vagas de emprego e cursos para 2025\u00a0"},"content":{"rendered":"\n<p><em>Novos projetos visando a m\u00e3o de obra local ser\u00e3o desenvolvidos pela Secretaria de Desenvolvimento Econ\u00f4mico<\/em><\/p>\n\n\n\n<p>A Secretaria de Desenvolvimento Econ\u00f4mico da Prefeitura de S\u00e3o Gon\u00e7alo ao comemorar o sucesso de seus projetos executados neste ano, faz proje\u00e7\u00f5es positivas para 2025, com a implanta\u00e7\u00e3o de v\u00e1rios programas que garantam a qualifica\u00e7\u00e3o profissional dos gon\u00e7alenses e capta\u00e7\u00e3o de vagas de emprego para encaminhamento da m\u00e3o de obra local. Destacam-se o Qualifica S\u00e3o Gon\u00e7alo e o Jovem Aprendiz Gon\u00e7alense.<\/p>\n\n\n\n<figure class=\"wp-block-image size-full\"><img fetchpriority=\"high\" decoding=\"async\" width=\"1024\" height=\"683\" src=\"https:\/\/sgvaimudar.com.br\/wp-content\/uploads\/2024\/12\/unnamed-2-12.jpg\" alt=\"\" class=\"wp-image-17738\" srcset=\"https:\/\/sgvaimudar.com.br\/wp-content\/uploads\/2024\/12\/unnamed-2-12.jpg 1024w, https:\/\/sgvaimudar.com.br\/wp-content\/uploads\/2024\/12\/unnamed-2-12-300x200.jpg 300w, https:\/\/sgvaimudar.com.br\/wp-content\/uploads\/2024\/12\/unnamed-2-12-768x512.jpg 768w\" sizes=\"(max-width: 1024px) 100vw, 1024px\" \/><\/figure>\n\n\n\n<p>&#8220;Em 2024, a secretaria realizou mais de 20 edi\u00e7\u00f5es do Programa Oportunidades, que oferece encaminhamento para vagas de emprego nos mais diversos cargos. Mais de 1.200 vagas foram oferecidas em cursos profissionalizantes, numa parceria do munic\u00edpio com a Firjan Senai. A secretaria tamb\u00e9m esteve presente no primeiro Feir\u00e3o de Vagas de Emprego para Pessoas com Defici\u00eancia no munic\u00edpio&#8221;, disse o Executivo no texto.<\/p>\n\n\n\n<p>Segundo o poder p\u00fablico, um dos planos para 2025, ser\u00e1 a cria\u00e7\u00e3o do programa Qualifica S\u00e3o Gon\u00e7alo, que ir\u00e1 oferecer mais de 1.000 novas vagas para cursos profissionalizantes, gra\u00e7as a conv\u00eanios com a Firjan Senai e o Sest\/Senat. &#8220;O objetivo do projeto ser\u00e1 proporcionar aprimoramento aos trabalhadores da regi\u00e3o, permitindo, assim, que as empresas localizadas no munic\u00edpio n\u00e3o dependam da m\u00e3o de obra de outros lugares&#8221;, afirmou a Prefeitura na nota.<\/p>\n\n\n\n<p>No pr\u00f3ximo ano, ser\u00e1 criado tamb\u00e9m, com apoio e parceria do Centro de Integra\u00e7\u00e3o Empresa-Escola (CIEE), o projeto Jovem Aprendiz Gon\u00e7alense, que buscar\u00e1 qualificar jovens e adolescentes que desejam obter seu primeiro emprego. A secretaria tamb\u00e9m pretende abrir o Centro de Apoio ao Trabalhador e Empreendedorismo, espa\u00e7o pr\u00f3prio para forma\u00e7\u00e3o continuada, em parceria com Sebrae, Firjan e Sest\/Senat.<\/p>\n\n\n\n<p>O Projeto Oportunidades ser\u00e1 renovado para 2025, com a ado\u00e7\u00e3o de novas metodologias para capta\u00e7\u00e3o de mais vagas e, com isso, garantindo empregabilidade a nossa popula\u00e7\u00e3o.<\/p>\n\n\n\n<p>De acordo com a Secretaria de Desenvolvimento Econ\u00f4mico, em decorr\u00eancia de conv\u00eanio firmado com a Ag\u00eancia Estadual de Fomento (AgeRio) e algumas institui\u00e7\u00f5es financeiras, em 2025, vai auxiliar os empreendedores da cidade na obten\u00e7\u00e3o de cr\u00e9dito para desenvolvimento respons\u00e1vel de seus neg\u00f3cios.<\/p>\n\n\n\n<p>&#8220;Ser\u00e1 lan\u00e7ado tamb\u00e9m, o programa Invest S\u00e3o Gon\u00e7alo, com o objetivo de criar e executar pol\u00edticas p\u00fablicas de desenvolvimento econ\u00f4mico relacionados \u00e0 atra\u00e7\u00e3o de investimentos para o munic\u00edpio. A secretaria ir\u00e1 instituir o Polo Gastron\u00f4mico da Praia das Pedrinhas e o Polo Automotivo e Empresarial do Jardim Alc\u00e2ntara, al\u00e9m da realiza\u00e7\u00e3o do Festival Gastron\u00f4mico de S\u00e3o Gon\u00e7alo&#8221;, afirmou a pasta na nota.<\/p>\n\n\n\n<p>O secret\u00e1rio de Desenvolvimento Econ\u00f4mico, Eug\u00eanio Abreu disse que 2024 foi marcado pela celebra\u00e7\u00e3o e aprimoramento de conv\u00eanios com institui\u00e7\u00f5es como Sebrae, Firjan, Sest\/Senat, o que proporcionou para centenas de cidad\u00e3os gon\u00e7alenses a oportunidade de muito aprendizado e qualifica\u00e7\u00e3o profissional. <\/p>\n\n\n\n<p>&#8220;Tamb\u00e9m foram realizados atendimentos, eventos e atividades para proporcionar o ingresso no mercado de trabalho, al\u00e9m do apoio ao microempreendedor, que foi uma das balizas de atua\u00e7\u00e3o da Secretaria e proporcionou ao munic\u00edpio de S\u00e3o Gon\u00e7alo o pr\u00eamio Prefeitura Empreendedora do Sebrae no \u00e2mbito estadual e a participa\u00e7\u00e3o do concurso no \u00e2mbito nacional&#8221;, ressaltou o secret\u00e1rio.<\/p>\n\n\n\n<p>Ele disse que para 2025, a Secretaria de Desenvolvimento Econ\u00f4mico vai ampliar os atendimentos realizados para que o cidad\u00e3o gon\u00e7alense encontre o apoio do munic\u00edpio diante do desafio de ingressar no mercado de trabalho ou de empreender.<\/p>\n\n\n\n<p><strong><em><sup>#SGVAIMUDAR<\/sup><\/em><\/strong><\/p>\n\n\n\n<figure class=\"wp-block-image size-large\"><img decoding=\"async\" width=\"1024\" height=\"357\" src=\"https:\/\/sgvaimudar.com.br\/wp-content\/uploads\/2023\/08\/Logo-Provisoria-2-1-1024x357.png\" alt=\"\" class=\"wp-image-2779\" srcset=\"https:\/\/sgvaimudar.com.br\/wp-content\/uploads\/2023\/08\/Logo-Provisoria-2-1-1024x357.png 1024w, https:\/\/sgvaimudar.com.br\/wp-content\/uploads\/2023\/08\/Logo-Provisoria-2-1-300x105.png 300w, https:\/\/sgvaimudar.com.br\/wp-content\/uploads\/2023\/08\/Logo-Provisoria-2-1-768x268.png 768w, https:\/\/sgvaimudar.com.br\/wp-content\/uploads\/2023\/08\/Logo-Provisoria-2-1.png 1470w\" sizes=\"(max-width: 1024px) 100vw, 1024px\" \/><\/figure>\n","protected":false},"excerpt":{"rendered":"<p>Novos projetos visando a m\u00e3o de obra local ser\u00e3o desenvolvidos pela Secretaria de Desenvolvimento Econ\u00f4mico A Secretaria de Desenvolvimento Econ\u00f4mico&hellip;<\/p>\n","protected":false},"author":5,"featured_media":17739,"comment_status":"open","ping_status":"open","sticky":false,"template":"","format":"standard","meta":{"fifu_image_url":"","fifu_image_alt":"","footnotes":""},"categories":[3],"tags":[],"class_list":["post-17737","post","type-post","status-publish","format-standard","has-post-thumbnail","hentry","category-sao-goncalo"],"_links":{"self":[{"href":"https:\/\/sgvaimudar.com.br\/index.php\/wp-json\/wp\/v2\/posts\/17737","targetHints":{"allow":["GET"]}}],"collection":[{"href":"https:\/\/sgvaimudar.com.br\/index.php\/wp-json\/wp\/v2\/posts"}],"about":[{"href":"https:\/\/sgvaimudar.com.br\/index.php\/wp-json\/wp\/v2\/types\/post"}],"author":[{"embeddable":true,"href":"https:\/\/sgvaimudar.com.br\/index.php\/wp-json\/wp\/v2\/users\/5"}],"replies":[{"embeddable":true,"href":"https:\/\/sgvaimudar.com.br\/index.php\/wp-json\/wp\/v2\/comments?post=17737"}],"version-history":[{"count":1,"href":"https:\/\/sgvaimudar.com.br\/index.php\/wp-json\/wp\/v2\/posts\/17737\/revisions"}],"predecessor-version":[{"id":17740,"href":"https:\/\/sgvaimudar.com.br\/index.php\/wp-json\/wp\/v2\/posts\/17737\/revisions\/17740"}],"wp:featuredmedia":[{"embeddable":true,"href":"https:\/\/sgvaimudar.com.br\/index.php\/wp-json\/wp\/v2\/media\/17739"}],"wp:attachment":[{"href":"https:\/\/sgvaimudar.com.br\/index.php\/wp-json\/wp\/v2\/media?parent=17737"}],"wp:term":[{"taxonomy":"category","embeddable":true,"href":"https:\/\/sgvaimudar.com.br\/index.php\/wp-json\/wp\/v2\/categories?post=17737"},{"taxonomy":"post_tag","embeddable":true,"href":"https:\/\/sgvaimudar.com.br\/index.php\/wp-json\/wp\/v2\/tags?post=17737"}],"curies":[{"name":"wp","href":"https:\/\/api.w.org\/{rel}","templated":true}]}}