{"id":17725,"date":"2024-12-27T10:06:10","date_gmt":"2024-12-27T13:06:10","guid":{"rendered":"https:\/\/sgvaimudar.com.br\/?p=17725"},"modified":"2024-12-27T10:06:10","modified_gmt":"2024-12-27T13:06:10","slug":"policia-militar-apreende-arma-de-gel-em-venda-da-cruz-com-adolescente","status":"publish","type":"post","link":"https:\/\/sgvaimudar.com.br\/index.php\/2024\/12\/27\/policia-militar-apreende-arma-de-gel-em-venda-da-cruz-com-adolescente\/","title":{"rendered":"Pol\u00edcia Militar apreende \u2018arma de gel\u2019 em Venda da Cruz com adolescente"},"content":{"rendered":"\n<p><em>A a\u00e7\u00e3o aconteceu nesta quinta-feira (26\/12). O menor e sua m\u00e3e foram conduzidos \u00e0 delegacia<\/em><\/p>\n\n\n\n<p>Uma a\u00e7\u00e3o do 7\u00ba Batalh\u00e3o de Pol\u00edcia Militar (BPM-S\u00e3o Gon\u00e7alo) apreendeu um objeto que simula brinquedos de armas de gel, no entanto denominados pela pol\u00edcia como simulacros de armas de fogo, em Venda da Cruz, em S\u00e3o Gon\u00e7alo. A fato aconteceu nesta quinta-feira (26\/12) durante um patrulhamento de rotina.<\/p>\n\n\n\n<p>Segundo a Pol\u00edcia Militar, no momento da abordagem na Rua Doutor Porci\u00fancula, os agentes se depararam com um menor conduzindo a motocicleta CB300, placa KOB 0I38, azul, e portando atravessada em seu corpo uma r\u00e9plica do tipo fuzil \u2013 conhecida popularmente como &#8220;arma de gel&#8221;. <\/p>\n\n\n\n<p>&#8220;De imediato, foi realizada a abordagem, onde foi constatado que se tratava, de fato, de um simulacro. Por ser menor, foi feito contato com a fam\u00edlia, que compareceu ao local&#8221;, disse a PM na nota. <\/p>\n\n\n\n<p>A fam\u00edlia seguiu para a 73\u00aa DP junto com a guarni\u00e7\u00e3o, e segundo a pol\u00edcia n\u00e3o foi feito uso de algemas. A m\u00e3e do menor, acompanhou toda a ocorr\u00eancia juntamente com a guarni\u00e7\u00e3o. Na DP, ap\u00f3s aprecia\u00e7\u00e3o, o menor foi liberado, e tanto a motocicleta quanto a arma de gel foram apreendidas.<\/p>\n\n\n\n<p>Os agentes destacaram que os simulacros est\u00e3o tendo a comercializa\u00e7\u00e3o ilegal.<\/p>\n\n\n\n<p>O \u201cbrinquedo do momento\u201d s\u00e3o armas coloridas que utilizam bolinhas de gel como muni\u00e7\u00e3o. O problema \u00e9 que o presente cobi\u00e7ado da vez n\u00e3o \u00e9 um brinquedo \u2014 sequer pode ser classificado desta forma, como esclarece o Instituto Nacional de Metrologia, Qualidade e Tecnologia (Inmetro).<\/p>\n\n\n\n<p>Por lei, essas r\u00e9plicas de pe\u00e7as usadas no airsoft, um esporte de tiro recreativo, devem ser vendidas em lojas especializadas, e apenas para maiores de 18 anos. A realidade nas ruas, no entanto, \u00e9 outra. Armas de mentirinha, empunhadas em v\u00eddeos nas redes sociais, chegam a assustar de verdade e s\u00e3o vendidas sem controle, tanto em lojas quanto por camel\u00f4s nas cal\u00e7adas.<\/p>\n\n\n\n<p>A pre\u00e7os que podem alcan\u00e7ar R$ 210, modelos de gel blaster, nome pelo qual o item trazido da China \u00e9 conhecido, s\u00e3o oferecidos ao ar livre nas ruas de Alc\u00e2ntara, tradicional centro de com\u00e9rcio popular de S\u00e3o Gon\u00e7alo. A presen\u00e7a de agentes da Guarda Municipal n\u00e3o inibe a a\u00e7\u00e3o dos vendedores.<\/p>\n\n\n\n<p>A Pol\u00edcia Militar esclarece que o uso de armas de gel para recrea\u00e7\u00e3o n\u00e3o \u00e9 crime, mas qualquer artefato semelhante a uma arma de fogo, que n\u00e3o tenha ponta laranja ou vermelha, capaz de diferenci\u00e1-lo de uma arma real, poder\u00e1 ser apreendido como simulacro.<\/p>\n\n\n\n<p>Tamb\u00e9m em nota, o Ex\u00e9rcito explica que lan\u00e7adores de gel \u201cfuncionam com a utiliza\u00e7\u00e3o de baterias e n\u00e3o se confundem com armas de press\u00e3o, como airsoft; n\u00e3o apresentam poder destrutivo, uma vez que as bolinhas de gel de 8mm s\u00e3o lan\u00e7adas a dist\u00e2ncias de 5m a 10m e ao atingirem o alvo se desfazem sem causar qualquer dano\u201d.<\/p>\n\n\n\n<p>A venda do \u201cbrinquedo do momento\u201d j\u00e1 foi proibida nas cidades de Olinda e Paulista, em Pernambuco. No Rio, o assunto est\u00e1 em discuss\u00e3o na C\u00e2mara Municipal e na Assembleia Legislativa.<\/p>\n\n\n\n<p>#sgvaimudar<\/p>\n\n\n\n<figure class=\"wp-block-image size-full\"><img decoding=\"async\" width=\"250\" height=\"87\" src=\"https:\/\/sgvaimudar.com.br\/wp-content\/uploads\/2023\/08\/cropped-Logo.png\" alt=\"\" class=\"wp-image-2739\" \/><\/figure>\n\n\n\n<p><\/p>\n","protected":false},"excerpt":{"rendered":"<p>A a\u00e7\u00e3o aconteceu nesta quinta-feira (26\/12). O menor e sua m\u00e3e foram conduzidos \u00e0 delegacia Uma a\u00e7\u00e3o do 7\u00ba Batalh\u00e3o&hellip;<\/p>\n","protected":false},"author":5,"featured_media":17726,"comment_status":"open","ping_status":"open","sticky":false,"template":"","format":"standard","meta":{"fifu_image_url":"","fifu_image_alt":"","footnotes":""},"categories":[32],"tags":[],"class_list":["post-17725","post","type-post","status-publish","format-standard","has-post-thumbnail","hentry","category-casos-de-policia"],"_links":{"self":[{"href":"https:\/\/sgvaimudar.com.br\/index.php\/wp-json\/wp\/v2\/posts\/17725","targetHints":{"allow":["GET"]}}],"collection":[{"href":"https:\/\/sgvaimudar.com.br\/index.php\/wp-json\/wp\/v2\/posts"}],"about":[{"href":"https:\/\/sgvaimudar.com.br\/index.php\/wp-json\/wp\/v2\/types\/post"}],"author":[{"embeddable":true,"href":"https:\/\/sgvaimudar.com.br\/index.php\/wp-json\/wp\/v2\/users\/5"}],"replies":[{"embeddable":true,"href":"https:\/\/sgvaimudar.com.br\/index.php\/wp-json\/wp\/v2\/comments?post=17725"}],"version-history":[{"count":1,"href":"https:\/\/sgvaimudar.com.br\/index.php\/wp-json\/wp\/v2\/posts\/17725\/revisions"}],"predecessor-version":[{"id":17727,"href":"https:\/\/sgvaimudar.com.br\/index.php\/wp-json\/wp\/v2\/posts\/17725\/revisions\/17727"}],"wp:featuredmedia":[{"embeddable":true,"href":"https:\/\/sgvaimudar.com.br\/index.php\/wp-json\/wp\/v2\/media\/17726"}],"wp:attachment":[{"href":"https:\/\/sgvaimudar.com.br\/index.php\/wp-json\/wp\/v2\/media?parent=17725"}],"wp:term":[{"taxonomy":"category","embeddable":true,"href":"https:\/\/sgvaimudar.com.br\/index.php\/wp-json\/wp\/v2\/categories?post=17725"},{"taxonomy":"post_tag","embeddable":true,"href":"https:\/\/sgvaimudar.com.br\/index.php\/wp-json\/wp\/v2\/tags?post=17725"}],"curies":[{"name":"wp","href":"https:\/\/api.w.org\/{rel}","templated":true}]}}